{"id":29453,"date":"2025-08-14T17:00:00","date_gmt":"2025-08-14T20:00:00","guid":{"rendered":"https:\/\/sgvaimudar.com.br\/?p=29453"},"modified":"2025-08-14T11:07:27","modified_gmt":"2025-08-14T14:07:27","slug":"porto-da-pedra-anuncia-andressa-urach-como-musa-no-carnaval-de-2026","status":"publish","type":"post","link":"https:\/\/sgvaimudar.com.br\/index.php\/2025\/08\/14\/porto-da-pedra-anuncia-andressa-urach-como-musa-no-carnaval-de-2026\/","title":{"rendered":"Porto da Pedra anuncia Andressa Urach como musa no carnaval de 2026"},"content":{"rendered":"\n<p><em>A escola ressaltou a trajet\u00f3ria de Andressa para a escolha da musa<\/em><\/p>\n\n\n\n<p>A escola de samba Porto da Pedra anunciou a atriz Andressa Urach como musa da agremia\u00e7\u00e3o para o Carnaval de 2026. &#8220;Ela vem para incendiar a Sapuca\u00ed com sua atitude e beleza. Avenida, prepare-se. A noite vai desfilar com ela&#8221;, diz o post da escola.<\/p>\n\n\n\n<p>A escola vai defender o enredo \u201cDas Mais Antigas da Vida, o Doce e Amargo Beijo da Noite\u201d. Atualmente, Urach trabalha contracenando em produ\u00e7\u00f5es de conte\u00fado adulto.<\/p>\n\n\n\n<p>\u201cEsse enredo n\u00e3o \u00e9 fantasia pra mim. \u00c9 a minha vida e a luta que eu escolhi defender&#8221;, escreveu Urach nas redes. \u201cJ\u00e1 me reinventei muitas vezes. Agora volto mais forte, mais livre e pronta para transformar essa for\u00e7a em samba na Sapuca\u00ed&#8221;, completou ela.<\/p>\n\n\n\n<p>A escola ressaltou a trajet\u00f3ria de Andressa para a escolha da musa.<\/p>\n\n\n\n<p>&#8220;Em um ano em que a escola mergulha fundo nas camadas da feminilidade marginalizada, Andressa chega como corpo que j\u00e1 foi julgado, exaltado, negado e redescoberto. Sua presen\u00e7a na avenida n\u00e3o \u00e9 personagem. \u00c9 verdade. \u00c9 entrega. \u00c9 um espelho de tantas mulheres que foram empurradas para o escuro, mas decidiram acender suas pr\u00f3prias luzes&#8221;, destacou.<\/p>\n\n\n\n<p>Segundo o presidente Fabr\u00edcio Montibelo, a Porto da Pedra vai apresentar um olhar &#8220;representativo e social&#8221; para a profiss\u00e3o mais antiga do mundo. A ideia \u00e9 desenvolver um desfile que valorize nomes que lutaram pelos direitos dessa categoria profissional.<\/p>\n\n\n\n<p>Nomes como o de Madame Pompadour, Dona Beija e Hilda Furac\u00e3o v\u00e3o estar presente no enredo.<\/p>\n\n\n\n<p><em>Fonte: CNN<\/em><\/p>\n\n\n\n<figure class=\"wp-block-image size-large\"><img fetchpriority=\"high\" decoding=\"async\" width=\"1024\" height=\"252\" src=\"https:\/\/sgvaimudar.com.br\/wp-content\/uploads\/2025\/03\/Anuncie-Aqui-Sao-Goncalo-vai-mudar-1024x252.jpg\" alt=\"\" class=\"wp-image-22693\" srcset=\"https:\/\/sgvaimudar.com.br\/wp-content\/uploads\/2025\/03\/Anuncie-Aqui-Sao-Goncalo-vai-mudar-1024x252.jpg 1024w, https:\/\/sgvaimudar.com.br\/wp-content\/uploads\/2025\/03\/Anuncie-Aqui-Sao-Goncalo-vai-mudar-300x74.jpg 300w, https:\/\/sgvaimudar.com.br\/wp-content\/uploads\/2025\/03\/Anuncie-Aqui-Sao-Goncalo-vai-mudar-768x189.jpg 768w, https:\/\/sgvaimudar.com.br\/wp-content\/uploads\/2025\/03\/Anuncie-Aqui-Sao-Goncalo-vai-mudar-1536x378.jpg 1536w, https:\/\/sgvaimudar.com.br\/wp-content\/uploads\/2025\/03\/Anuncie-Aqui-Sao-Goncalo-vai-mudar-2048x504.jpg 2048w\" sizes=\"(max-width: 1024px) 100vw, 1024px\" \/><\/figure>\n","protected":false},"excerpt":{"rendered":"<p>A escola ressaltou a trajet\u00f3ria de Andressa para a escolha da musa A escola de samba Porto da Pedra anunciou&hellip;<\/p>\n","protected":false},"author":5,"featured_media":29454,"comment_status":"open","ping_status":"open","sticky":false,"template":"","format":"standard","meta":{"fifu_image_url":"","fifu_image_alt":"","footnotes":""},"categories":[6],"tags":[],"class_list":["post-29453","post","type-post","status-publish","format-standard","has-post-thumbnail","hentry","category-entretenimento"],"_links":{"self":[{"href":"https:\/\/sgvaimudar.com.br\/index.php\/wp-json\/wp\/v2\/posts\/29453","targetHints":{"allow":["GET"]}}],"collection":[{"href":"https:\/\/sgvaimudar.com.br\/index.php\/wp-json\/wp\/v2\/posts"}],"about":[{"href":"https:\/\/sgvaimudar.com.br\/index.php\/wp-json\/wp\/v2\/types\/post"}],"author":[{"embeddable":true,"href":"https:\/\/sgvaimudar.com.br\/index.php\/wp-json\/wp\/v2\/users\/5"}],"replies":[{"embeddable":true,"href":"https:\/\/sgvaimudar.com.br\/index.php\/wp-json\/wp\/v2\/comments?post=29453"}],"version-history":[{"count":1,"href":"https:\/\/sgvaimudar.com.br\/index.php\/wp-json\/wp\/v2\/posts\/29453\/revisions"}],"predecessor-version":[{"id":29455,"href":"https:\/\/sgvaimudar.com.br\/index.php\/wp-json\/wp\/v2\/posts\/29453\/revisions\/29455"}],"wp:featuredmedia":[{"embeddable":true,"href":"https:\/\/sgvaimudar.com.br\/index.php\/wp-json\/wp\/v2\/media\/29454"}],"wp:attachment":[{"href":"https:\/\/sgvaimudar.com.br\/index.php\/wp-json\/wp\/v2\/media?parent=29453"}],"wp:term":[{"taxonomy":"category","embeddable":true,"href":"https:\/\/sgvaimudar.com.br\/index.php\/wp-json\/wp\/v2\/categories?post=29453"},{"taxonomy":"post_tag","embeddable":true,"href":"https:\/\/sgvaimudar.com.br\/index.php\/wp-json\/wp\/v2\/tags?post=29453"}],"curies":[{"name":"wp","href":"https:\/\/api.w.org\/{rel}","templated":true}]}}