{"id":2945,"date":"2023-08-30T22:01:01","date_gmt":"2023-08-31T01:01:01","guid":{"rendered":"https:\/\/sgvaimudar.com.br\/?p=2945"},"modified":"2023-08-30T22:01:02","modified_gmt":"2023-08-31T01:01:02","slug":"maquiador-internado-em-sg-esta-com-pneumonia-diz-atriz","status":"publish","type":"post","link":"https:\/\/sgvaimudar.com.br\/index.php\/2023\/08\/30\/maquiador-internado-em-sg-esta-com-pneumonia-diz-atriz\/","title":{"rendered":"Maquiador internado em SG est\u00e1 com pneumonia, diz atriz"},"content":{"rendered":"\n<p>A atriz Danni Suzuki compartilhou em suas redes sociais, nesta quarta-feira (30), que o maquiador Rico Tavares, que est\u00e1 internado no Hospital Estadual Alberto Torres, em S\u00e3o Gon\u00e7alo, desde 22 de agosto ap\u00f3s um acidente na RJ-104 a caminho de Itabora\u00ed, foi recentemente diagnosticado com pneumonia. <\/p>\n\n\n\n<p>A Secretaria Estadual de Sa\u00fade ainda n\u00e3o confirmou essa informa\u00e7\u00e3o.Rico Tavares, de 46 anos e conhecido por seu trabalho com maquiagem em celebridades, foi hospitalizado devido a um traumatismo craniano e fratura na coluna. Danni Suzuki compartilhou sua preocupa\u00e7\u00e3o, descrevendo sua calma e serenidade enquanto aguarda not\u00edcias sobre a recupera\u00e7\u00e3o de seu amigo. Ela mencionou que Rico ainda permanece com os olhos fechados e est\u00e1 lutando contra a pneumonia, com movimentos limitados, enquanto a equipe m\u00e9dica aguarda seu retorno com serenidade.<\/p>\n\n\n\n<p>REDA\u00c7\u00c3O<\/p>\n\n\n\n<p> #sgvaimudar<\/p>\n","protected":false},"excerpt":{"rendered":"<p>A atriz Danni Suzuki compartilhou em suas redes sociais, nesta quarta-feira (30), que o maquiador Rico Tavares, que est\u00e1 internado&hellip;<\/p>\n","protected":false},"author":2,"featured_media":2947,"comment_status":"open","ping_status":"open","sticky":false,"template":"","format":"standard","meta":{"fifu_image_url":"","fifu_image_alt":"","footnotes":""},"categories":[32],"tags":[],"class_list":["post-2945","post","type-post","status-publish","format-standard","has-post-thumbnail","hentry","category-casos-de-policia"],"_links":{"self":[{"href":"https:\/\/sgvaimudar.com.br\/index.php\/wp-json\/wp\/v2\/posts\/2945","targetHints":{"allow":["GET"]}}],"collection":[{"href":"https:\/\/sgvaimudar.com.br\/index.php\/wp-json\/wp\/v2\/posts"}],"about":[{"href":"https:\/\/sgvaimudar.com.br\/index.php\/wp-json\/wp\/v2\/types\/post"}],"author":[{"embeddable":true,"href":"https:\/\/sgvaimudar.com.br\/index.php\/wp-json\/wp\/v2\/users\/2"}],"replies":[{"embeddable":true,"href":"https:\/\/sgvaimudar.com.br\/index.php\/wp-json\/wp\/v2\/comments?post=2945"}],"version-history":[{"count":1,"href":"https:\/\/sgvaimudar.com.br\/index.php\/wp-json\/wp\/v2\/posts\/2945\/revisions"}],"predecessor-version":[{"id":2948,"href":"https:\/\/sgvaimudar.com.br\/index.php\/wp-json\/wp\/v2\/posts\/2945\/revisions\/2948"}],"wp:featuredmedia":[{"embeddable":true,"href":"https:\/\/sgvaimudar.com.br\/index.php\/wp-json\/wp\/v2\/media\/2947"}],"wp:attachment":[{"href":"https:\/\/sgvaimudar.com.br\/index.php\/wp-json\/wp\/v2\/media?parent=2945"}],"wp:term":[{"taxonomy":"category","embeddable":true,"href":"https:\/\/sgvaimudar.com.br\/index.php\/wp-json\/wp\/v2\/categories?post=2945"},{"taxonomy":"post_tag","embeddable":true,"href":"https:\/\/sgvaimudar.com.br\/index.php\/wp-json\/wp\/v2\/tags?post=2945"}],"curies":[{"name":"wp","href":"https:\/\/api.w.org\/{rel}","templated":true}]}}