{"id":29441,"date":"2025-08-14T10:59:00","date_gmt":"2025-08-14T13:59:00","guid":{"rendered":"https:\/\/sgvaimudar.com.br\/?p=29441"},"modified":"2025-08-14T10:11:03","modified_gmt":"2025-08-14T13:11:03","slug":"12obpm-prende-acusado-de-trafico-de-drogas-e-apreende-um-revolver-em-itaipuacu-marica-video","status":"publish","type":"post","link":"https:\/\/sgvaimudar.com.br\/index.php\/2025\/08\/14\/12obpm-prende-acusado-de-trafico-de-drogas-e-apreende-um-revolver-em-itaipuacu-marica-video\/","title":{"rendered":"12\u00baBPM prende acusado de tr\u00e1fico de drogas e apreende um rev\u00f3lver em Itaipua\u00e7u, Maric\u00e1; V\u00eddeo"},"content":{"rendered":"\n<p><em>Lucas Mattos Costa, de 24 anos, abandonou um rev\u00f3lver no matagal e se rendeu aos policiais do Programa Bairro Presente, com as m\u00e3os na cabe\u00e7a deitado no ch\u00e3o<\/em><\/p>\n\n\n\n<p>Um homem identificado como Lucas Mattos Costa, de 24 anos, acusado pela pol\u00edcia de ser traficante de uma comunidade no Mato Dentro, em Itaipua\u00e7u, Maric\u00e1, foi preso na noite desta quarta-feira (13\/08). Na a\u00e7\u00e3o os pms apreenderam um rev\u00f3lver Taurus calibre 38 com 19 muni\u00e7\u00f5es intactas; um r\u00e1dio transmissor, um coldre e dois celulares.<\/p>\n\n\n\n<figure class=\"wp-block-video\"><video height=\"478\" style=\"aspect-ratio: 848 \/ 478;\" width=\"848\" controls src=\"https:\/\/sgvaimudar.com.br\/wp-content\/uploads\/2025\/08\/WhatsApp-Video-2025-08-14-at-08.59.01.mp4\"><\/video><\/figure>\n\n\n\n<p><strong>DIN\u00c2MICA:<\/strong> Segundo a Pol\u00edcia Militar, uma guarni\u00e7\u00e3o do Patrulhamento M\u00f3vel (Patamo) foi at\u00e9 \u00e0 Rua Ant\u00f4nio Jos\u00e9 Ribeiro para averiguar informa\u00e7\u00e3o sobre indiv\u00edduos armados. Durante o deslocamento, os policiais contaram com o apoio do Programa Bairro Presente por determina\u00e7\u00e3o do fiscal da 6\u00aa Cia.<\/p>\n\n\n\n<p>Ao chegarem a Rua Ant\u00f4nio Jos\u00e9 Ribeiro, as equipes se depararam com Lucas Mattos que, ao perceber a presen\u00e7a policial, fugiu para um beco, fazendo men\u00e7\u00e3o de efetuar disparos contra a guarni\u00e7\u00e3o. Diante da amea\u00e7a, os PMs efetuaram um disparo com o objetivo de cessar a poss\u00edvel injusta agress\u00e3o.<\/p>\n\n\n\n<figure class=\"wp-block-image size-large\"><img fetchpriority=\"high\" decoding=\"async\" width=\"1024\" height=\"768\" src=\"https:\/\/sgvaimudar.com.br\/wp-content\/uploads\/2025\/08\/WhatsApp-Image-2025-08-14-at-08.59.01-1024x768.jpeg\" alt=\"\" class=\"wp-image-29444\" srcset=\"https:\/\/sgvaimudar.com.br\/wp-content\/uploads\/2025\/08\/WhatsApp-Image-2025-08-14-at-08.59.01-1024x768.jpeg 1024w, https:\/\/sgvaimudar.com.br\/wp-content\/uploads\/2025\/08\/WhatsApp-Image-2025-08-14-at-08.59.01-300x225.jpeg 300w, https:\/\/sgvaimudar.com.br\/wp-content\/uploads\/2025\/08\/WhatsApp-Image-2025-08-14-at-08.59.01-768x576.jpeg 768w, https:\/\/sgvaimudar.com.br\/wp-content\/uploads\/2025\/08\/WhatsApp-Image-2025-08-14-at-08.59.01-1536x1152.jpeg 1536w, https:\/\/sgvaimudar.com.br\/wp-content\/uploads\/2025\/08\/WhatsApp-Image-2025-08-14-at-08.59.01.jpeg 1600w\" sizes=\"(max-width: 1024px) 100vw, 1024px\" \/><\/figure>\n\n\n\n<p>Ap\u00f3s o disparo, o Lucas Mattos abandonou um rev\u00f3lver no matagal e rendeu-se, deitando-se ao solo. Durante revista pessoal, foram encontrados em sua cintura um coldre com muni\u00e7\u00f5es e um r\u00e1dio transmissor; em seus bolsos, dois telefones celulares e mais muni\u00e7\u00f5es. Ap\u00f3s varredura no local indicado pelo abordado, foi localizado o rev\u00f3lver calibre 38, contendo 19 muni\u00e7\u00f5es.<\/p>\n\n\n\n<p>Segundo os militares, o autor declarou \u00e0 guarni\u00e7\u00e3o que atuava como \u201cseguran\u00e7a\u201d do ponto de venda de drogas da fac\u00e7\u00e3o do C.V e que o ponto era uma extens\u00e3o do Minha Casa Minha Vida (MCMV) de Itaipua\u00e7u.<\/p>\n\n\n\n<p>Na a\u00e7\u00e3o, o acusado e o material apreendido foram conduzidos \u00e0 82\u00aa DP para apresenta\u00e7\u00e3o ao delegado de plant\u00e3o e, posteriormente, \u00e0 76\u00aa DP \u2013 Central de Flagrantes, onde foi autuado pelos crimes de porte ilegal de arma de fogo e associa\u00e7\u00e3o ao tr\u00e1fico permanecendo preso.<\/p>\n\n\n\n<p><strong><em>Fa\u00e7a sua den\u00fancia pelo nosso WhatsApp: (21) <\/em><\/strong><strong><em>99744 5345<\/em><\/strong><strong><em><\/em><\/strong><\/p>\n\n\n\n<p><strong><em>S\u00e3o Gon\u00e7alo vai mudar: Not\u00edcias de S\u00e3o Gon\u00e7alo e toda regi\u00e3o.<\/em><\/strong><\/p>\n\n\n\n<figure class=\"wp-block-image size-large\"><img decoding=\"async\" width=\"1024\" height=\"252\" src=\"https:\/\/sgvaimudar.com.br\/wp-content\/uploads\/2025\/03\/Anuncie-Aqui-Sao-Goncalo-vai-mudar-1024x252.jpg\" alt=\"\" class=\"wp-image-22693\" srcset=\"https:\/\/sgvaimudar.com.br\/wp-content\/uploads\/2025\/03\/Anuncie-Aqui-Sao-Goncalo-vai-mudar-1024x252.jpg 1024w, https:\/\/sgvaimudar.com.br\/wp-content\/uploads\/2025\/03\/Anuncie-Aqui-Sao-Goncalo-vai-mudar-300x74.jpg 300w, https:\/\/sgvaimudar.com.br\/wp-content\/uploads\/2025\/03\/Anuncie-Aqui-Sao-Goncalo-vai-mudar-768x189.jpg 768w, https:\/\/sgvaimudar.com.br\/wp-content\/uploads\/2025\/03\/Anuncie-Aqui-Sao-Goncalo-vai-mudar-1536x378.jpg 1536w, https:\/\/sgvaimudar.com.br\/wp-content\/uploads\/2025\/03\/Anuncie-Aqui-Sao-Goncalo-vai-mudar-2048x504.jpg 2048w\" sizes=\"(max-width: 1024px) 100vw, 1024px\" \/><\/figure>\n","protected":false},"excerpt":{"rendered":"<p>Lucas Mattos Costa, de 24 anos, abandonou um rev\u00f3lver no matagal e se rendeu aos policiais do Programa Bairro Presente,&hellip;<\/p>\n","protected":false},"author":5,"featured_media":29442,"comment_status":"open","ping_status":"open","sticky":false,"template":"","format":"standard","meta":{"fifu_image_url":"","fifu_image_alt":"","footnotes":""},"categories":[32],"tags":[],"class_list":["post-29441","post","type-post","status-publish","format-standard","has-post-thumbnail","hentry","category-casos-de-policia"],"_links":{"self":[{"href":"https:\/\/sgvaimudar.com.br\/index.php\/wp-json\/wp\/v2\/posts\/29441","targetHints":{"allow":["GET"]}}],"collection":[{"href":"https:\/\/sgvaimudar.com.br\/index.php\/wp-json\/wp\/v2\/posts"}],"about":[{"href":"https:\/\/sgvaimudar.com.br\/index.php\/wp-json\/wp\/v2\/types\/post"}],"author":[{"embeddable":true,"href":"https:\/\/sgvaimudar.com.br\/index.php\/wp-json\/wp\/v2\/users\/5"}],"replies":[{"embeddable":true,"href":"https:\/\/sgvaimudar.com.br\/index.php\/wp-json\/wp\/v2\/comments?post=29441"}],"version-history":[{"count":1,"href":"https:\/\/sgvaimudar.com.br\/index.php\/wp-json\/wp\/v2\/posts\/29441\/revisions"}],"predecessor-version":[{"id":29445,"href":"https:\/\/sgvaimudar.com.br\/index.php\/wp-json\/wp\/v2\/posts\/29441\/revisions\/29445"}],"wp:featuredmedia":[{"embeddable":true,"href":"https:\/\/sgvaimudar.com.br\/index.php\/wp-json\/wp\/v2\/media\/29442"}],"wp:attachment":[{"href":"https:\/\/sgvaimudar.com.br\/index.php\/wp-json\/wp\/v2\/media?parent=29441"}],"wp:term":[{"taxonomy":"category","embeddable":true,"href":"https:\/\/sgvaimudar.com.br\/index.php\/wp-json\/wp\/v2\/categories?post=29441"},{"taxonomy":"post_tag","embeddable":true,"href":"https:\/\/sgvaimudar.com.br\/index.php\/wp-json\/wp\/v2\/tags?post=29441"}],"curies":[{"name":"wp","href":"https:\/\/api.w.org\/{rel}","templated":true}]}}