{"id":29432,"date":"2025-08-14T11:00:00","date_gmt":"2025-08-14T14:00:00","guid":{"rendered":"https:\/\/sgvaimudar.com.br\/?p=29432"},"modified":"2025-08-14T09:36:11","modified_gmt":"2025-08-14T12:36:11","slug":"profissionais-do-turismo-goncalense-se-reunem-em-encontro-no-lavourao","status":"publish","type":"post","link":"https:\/\/sgvaimudar.com.br\/index.php\/2025\/08\/14\/profissionais-do-turismo-goncalense-se-reunem-em-encontro-no-lavourao\/","title":{"rendered":"Profissionais do turismo gon\u00e7alense se re\u00fanem em encontro no Lavour\u00e3o"},"content":{"rendered":"\n<p><em>Reuni\u00e3o, que foi considerada um marco, debateu a\u00e7\u00f5es estrat\u00e9gicas para impulsionar o setor<\/em><\/p>\n\n\n\n<p>Cerca de 50 profissionais ligados ao setor de turismo em S\u00e3o Gon\u00e7alo participaram, na noite desta ter\u00e7a-feira (12), de uma reuni\u00e3o que teve como objetivo a troca de ideias com representantes da Secretaria de Turismo e Cultura da Prefeitura de S\u00e3o Gon\u00e7alo, para debater propostas e a\u00e7\u00f5es estrat\u00e9gicas para impulsionar o turismo no munic\u00edpio.<\/p>\n\n\n\n<p>O encontro teve in\u00edcio por volta das 19h, no Centro Cultural Joaquim Lavoura, o Lavour\u00e3o, no bairro Estrela do Norte. Estiveram presentes no encontro membros do trade tur\u00edstico do munic\u00edpio, incluindo condutores, guias, empres\u00e1rios do setor, empresas de transporte e representantes da sociedade civil. <\/p>\n\n\n\n<figure class=\"wp-block-image size-full\"><img fetchpriority=\"high\" decoding=\"async\" width=\"1024\" height=\"683\" src=\"https:\/\/sgvaimudar.com.br\/wp-content\/uploads\/2025\/08\/unnamed-1-8.jpg\" alt=\"\" class=\"wp-image-29433\" srcset=\"https:\/\/sgvaimudar.com.br\/wp-content\/uploads\/2025\/08\/unnamed-1-8.jpg 1024w, https:\/\/sgvaimudar.com.br\/wp-content\/uploads\/2025\/08\/unnamed-1-8-300x200.jpg 300w, https:\/\/sgvaimudar.com.br\/wp-content\/uploads\/2025\/08\/unnamed-1-8-768x512.jpg 768w\" sizes=\"(max-width: 1024px) 100vw, 1024px\" \/><\/figure>\n\n\n\n<p>A secret\u00e1ria de Turismo e Cultura, J\u00falia Sobreira, conduziu a reuni\u00e3o e anunciou a abertura do Centro de Atendimento ao Turista (CAT), no dia 22 deste m\u00eas, na Casa das Artes.<\/p>\n\n\n\n<p>Durante a reuni\u00e3o, os participantes receberam esclarecimentos sobre a Lei do Turismo e a institui\u00e7\u00e3o de um Grupo de Trabalho (GT), composto por membros da sociedade civil e representantes da Secretaria, para atua\u00e7\u00e3o conjunta no fortalecimento do turismo. Ser\u00e1 criado um canal de comunica\u00e7\u00e3o exclusivo entre o grupo, no Whatsapp, para apontamentos, sugest\u00f5es, identifica\u00e7\u00e3o de car\u00eancias e discuss\u00f5es de temas relacionados ao turismo do munic\u00edpio.<\/p>\n\n\n\n<p>&#8220;Reunimos aqui o trade tur\u00edstico do munic\u00edpio para falarmos sobre a\u00e7\u00f5es da secretaria nesse segmento e os nossos pr\u00f3ximos passos. Contamos com o aux\u00edlio de vozes experientes no turismo e buscamos mostrar a rela\u00e7\u00e3o da cultura e turismo e como esses segmentos podem trabalhar juntos para o desenvolvimento da cidade, beneficiando a popula\u00e7\u00e3o e buscando atrair recursos para a \u00e1rea&#8221;, destacou a secret\u00e1ria Julia Sobreira.<\/p>\n\n\n\n<p>Felipe Rocha, profissional da \u00e1rea de turismo e professor, tamb\u00e9m destacou o poder do turismo na cidade. Segundo ele, essa possibilidade de bate-papo entre o poder p\u00fablico e os profissionais do setor \u00e9 essencial.<\/p>\n\n\n\n<p>&#8220;Estou aqui como um colaborador da secretaria. Os respons\u00e1veis pela pasta elaboraram uma proposta que me deixou muito feliz. Esse planejamento participativo, quando se fala de dar in\u00edcio a novos projetos e trazer a sociedade civil organizada para opinar, \u00e9 algo muito construtivo. Aqui, temos representantes de ag\u00eancias de viagem, da classe cultural e art\u00edstica, pessoas que fazem turismo na pr\u00e1tica na cidade. Ter essa troca com esses profissionais \u00e9 essencial!&#8221;, disse.<\/p>\n\n\n\n<p>Cathiane dos Santos, de 27 anos, \u00e9 turism\u00f3loga e guia de turismo. Ela \u00e9 respons\u00e1vel pelo projeto &#8220;Contos de Guia&#8221;, que realiza passeios em S\u00e3o Gon\u00e7alo. Em 2023, seu projeto foi contemplada pela Lei Paulo Gustavo, de incentivo \u00e0 cultura, realizando passeios tur\u00edsticos com escolas municipais.<\/p>\n\n\n\n<p>&#8220;Essa reuni\u00e3o \u00e9 um marco! \u00c9 muito importante essa troca com o poder p\u00fablico, para que ele entenda nossas demandas e consiga fazer pol\u00edticas p\u00fablicas que v\u00e3o beneficiar nosso trabalho, al\u00e9m dos editais de incentivo \u00e0 cultura voltados ao turismo&#8221;, afirmou.<\/p>\n\n\n\n<p><em>Fotos: Fabio Guimar\u00e3es<\/em><\/p>\n\n\n\n<p><strong><em>S\u00e3o Gon\u00e7alo vai mudar: Not\u00edcias de S\u00e3o Gon\u00e7alo e toda regi\u00e3o.<\/em><\/strong><\/p>\n\n\n\n<figure class=\"wp-block-image size-large\"><img decoding=\"async\" width=\"1024\" height=\"252\" src=\"https:\/\/sgvaimudar.com.br\/wp-content\/uploads\/2025\/03\/Anuncie-Aqui-Sao-Goncalo-vai-mudar-1024x252.jpg\" alt=\"\" class=\"wp-image-22693\" srcset=\"https:\/\/sgvaimudar.com.br\/wp-content\/uploads\/2025\/03\/Anuncie-Aqui-Sao-Goncalo-vai-mudar-1024x252.jpg 1024w, https:\/\/sgvaimudar.com.br\/wp-content\/uploads\/2025\/03\/Anuncie-Aqui-Sao-Goncalo-vai-mudar-300x74.jpg 300w, https:\/\/sgvaimudar.com.br\/wp-content\/uploads\/2025\/03\/Anuncie-Aqui-Sao-Goncalo-vai-mudar-768x189.jpg 768w, https:\/\/sgvaimudar.com.br\/wp-content\/uploads\/2025\/03\/Anuncie-Aqui-Sao-Goncalo-vai-mudar-1536x378.jpg 1536w, https:\/\/sgvaimudar.com.br\/wp-content\/uploads\/2025\/03\/Anuncie-Aqui-Sao-Goncalo-vai-mudar-2048x504.jpg 2048w\" sizes=\"(max-width: 1024px) 100vw, 1024px\" \/><\/figure>\n","protected":false},"excerpt":{"rendered":"<p>Reuni\u00e3o, que foi considerada um marco, debateu a\u00e7\u00f5es estrat\u00e9gicas para impulsionar o setor Cerca de 50 profissionais ligados ao setor&hellip;<\/p>\n","protected":false},"author":5,"featured_media":29434,"comment_status":"open","ping_status":"open","sticky":false,"template":"","format":"standard","meta":{"fifu_image_url":"","fifu_image_alt":"","footnotes":""},"categories":[3],"tags":[],"class_list":["post-29432","post","type-post","status-publish","format-standard","has-post-thumbnail","hentry","category-sao-goncalo"],"_links":{"self":[{"href":"https:\/\/sgvaimudar.com.br\/index.php\/wp-json\/wp\/v2\/posts\/29432","targetHints":{"allow":["GET"]}}],"collection":[{"href":"https:\/\/sgvaimudar.com.br\/index.php\/wp-json\/wp\/v2\/posts"}],"about":[{"href":"https:\/\/sgvaimudar.com.br\/index.php\/wp-json\/wp\/v2\/types\/post"}],"author":[{"embeddable":true,"href":"https:\/\/sgvaimudar.com.br\/index.php\/wp-json\/wp\/v2\/users\/5"}],"replies":[{"embeddable":true,"href":"https:\/\/sgvaimudar.com.br\/index.php\/wp-json\/wp\/v2\/comments?post=29432"}],"version-history":[{"count":1,"href":"https:\/\/sgvaimudar.com.br\/index.php\/wp-json\/wp\/v2\/posts\/29432\/revisions"}],"predecessor-version":[{"id":29435,"href":"https:\/\/sgvaimudar.com.br\/index.php\/wp-json\/wp\/v2\/posts\/29432\/revisions\/29435"}],"wp:featuredmedia":[{"embeddable":true,"href":"https:\/\/sgvaimudar.com.br\/index.php\/wp-json\/wp\/v2\/media\/29434"}],"wp:attachment":[{"href":"https:\/\/sgvaimudar.com.br\/index.php\/wp-json\/wp\/v2\/media?parent=29432"}],"wp:term":[{"taxonomy":"category","embeddable":true,"href":"https:\/\/sgvaimudar.com.br\/index.php\/wp-json\/wp\/v2\/categories?post=29432"},{"taxonomy":"post_tag","embeddable":true,"href":"https:\/\/sgvaimudar.com.br\/index.php\/wp-json\/wp\/v2\/tags?post=29432"}],"curies":[{"name":"wp","href":"https:\/\/api.w.org\/{rel}","templated":true}]}}