{"id":29426,"date":"2025-08-14T10:00:00","date_gmt":"2025-08-14T13:00:00","guid":{"rendered":"https:\/\/sgvaimudar.com.br\/?p=29426"},"modified":"2025-08-14T09:23:11","modified_gmt":"2025-08-14T12:23:11","slug":"em-sao-goncalo-usf-da-trindade-vai-fazer-acao-de-conscientizacao-pelo-fim-da-violencia-contra-a-mulher","status":"publish","type":"post","link":"https:\/\/sgvaimudar.com.br\/index.php\/2025\/08\/14\/em-sao-goncalo-usf-da-trindade-vai-fazer-acao-de-conscientizacao-pelo-fim-da-violencia-contra-a-mulher\/","title":{"rendered":"Em S\u00e3o Gon\u00e7alo, USF da Trindade vai fazer a\u00e7\u00e3o de conscientiza\u00e7\u00e3o pelo fim da viol\u00eancia contra a mulher"},"content":{"rendered":"\n<p><em>Unidade entrou na campanha Agosto Lil\u00e1s<\/em><\/p>\n\n\n\n<p>A Campanha Agosto Lil\u00e1s ganhou um refor\u00e7o de peso. \u00c9 que a Unidade de Sa\u00fade da Fam\u00edlia (USF) Irm\u00e3 Dulce, na Trindade, entrou na a\u00e7\u00e3o e vai realizar um evento alusivo na pr\u00f3xima sexta-feira (dia 15), a partir das 8h. <\/p>\n\n\n\n<p>O m\u00eas de agosto \u00e9 conhecido pela conscientiza\u00e7\u00e3o pelo fim da viol\u00eancia contra a mulher. Por isso, a unidade vai realizar palestras de orienta\u00e7\u00e3o sobre o tema e oferecer servi\u00e7os extras \u2013 reflexologia, auriculoterapia e massagem de corpo e rosto \u2013 para as pacientes.\u00a0\u00a0<\/p>\n\n\n\n<p>No dia as mulheres tamb\u00e9m poder\u00e3o se consultar sobre os seus direitos e ter\u00e3o atendimentos com psic\u00f3logos e assistentes sociais. Dependendo de cada caso, elas poder\u00e3o ser encaminhadas para servi\u00e7os de apoio e tratamentos.\u00a0<\/p>\n\n\n\n<p>\u201cTodo m\u00eas, n\u00f3s entramos nas campanhas de conscientiza\u00e7\u00e3o. E n\u00e3o pod\u00edamos ficar fora dessa de enfrentamento \u00e0 viol\u00eancia contra as mulheres. Vamos mobilizar uma boa equipe da sa\u00fade, mas tamb\u00e9m da Subsecretaria de Pol\u00edticas P\u00fablicas para as Mulheres, da Secretaria de Assist\u00eancia Social. Vamos orientar e ajudar as mulheres no que for preciso\u201d, disse a administradora da USF, Lene Fran\u00e7a.&nbsp;<\/p>\n\n\n\n<p>Para participar das atividades, os usu\u00e1rios devem levar cart\u00e3o do SUS, identidade, CPF e comprovante de resid\u00eancia. Todas as atividades s\u00e3o por ordem de chegada para os usu\u00e1rios da \u00e1rea da USF.&nbsp;&nbsp;&nbsp;<\/p>\n\n\n\n<p><em>Foto: Julio Diniz<\/em><\/p>\n\n\n\n<figure class=\"wp-block-image size-large\"><img fetchpriority=\"high\" decoding=\"async\" width=\"1024\" height=\"252\" src=\"https:\/\/sgvaimudar.com.br\/wp-content\/uploads\/2025\/03\/Anuncie-Aqui-Sao-Goncalo-vai-mudar-1024x252.jpg\" alt=\"\" class=\"wp-image-22693\" srcset=\"https:\/\/sgvaimudar.com.br\/wp-content\/uploads\/2025\/03\/Anuncie-Aqui-Sao-Goncalo-vai-mudar-1024x252.jpg 1024w, https:\/\/sgvaimudar.com.br\/wp-content\/uploads\/2025\/03\/Anuncie-Aqui-Sao-Goncalo-vai-mudar-300x74.jpg 300w, https:\/\/sgvaimudar.com.br\/wp-content\/uploads\/2025\/03\/Anuncie-Aqui-Sao-Goncalo-vai-mudar-768x189.jpg 768w, https:\/\/sgvaimudar.com.br\/wp-content\/uploads\/2025\/03\/Anuncie-Aqui-Sao-Goncalo-vai-mudar-1536x378.jpg 1536w, https:\/\/sgvaimudar.com.br\/wp-content\/uploads\/2025\/03\/Anuncie-Aqui-Sao-Goncalo-vai-mudar-2048x504.jpg 2048w\" sizes=\"(max-width: 1024px) 100vw, 1024px\" \/><\/figure>\n","protected":false},"excerpt":{"rendered":"<p>Unidade entrou na campanha Agosto Lil\u00e1s A Campanha Agosto Lil\u00e1s ganhou um refor\u00e7o de peso. \u00c9 que a Unidade de&hellip;<\/p>\n","protected":false},"author":5,"featured_media":29427,"comment_status":"open","ping_status":"open","sticky":false,"template":"","format":"standard","meta":{"fifu_image_url":"","fifu_image_alt":"","footnotes":""},"categories":[7],"tags":[],"class_list":["post-29426","post","type-post","status-publish","format-standard","has-post-thumbnail","hentry","category-saude"],"_links":{"self":[{"href":"https:\/\/sgvaimudar.com.br\/index.php\/wp-json\/wp\/v2\/posts\/29426","targetHints":{"allow":["GET"]}}],"collection":[{"href":"https:\/\/sgvaimudar.com.br\/index.php\/wp-json\/wp\/v2\/posts"}],"about":[{"href":"https:\/\/sgvaimudar.com.br\/index.php\/wp-json\/wp\/v2\/types\/post"}],"author":[{"embeddable":true,"href":"https:\/\/sgvaimudar.com.br\/index.php\/wp-json\/wp\/v2\/users\/5"}],"replies":[{"embeddable":true,"href":"https:\/\/sgvaimudar.com.br\/index.php\/wp-json\/wp\/v2\/comments?post=29426"}],"version-history":[{"count":1,"href":"https:\/\/sgvaimudar.com.br\/index.php\/wp-json\/wp\/v2\/posts\/29426\/revisions"}],"predecessor-version":[{"id":29428,"href":"https:\/\/sgvaimudar.com.br\/index.php\/wp-json\/wp\/v2\/posts\/29426\/revisions\/29428"}],"wp:featuredmedia":[{"embeddable":true,"href":"https:\/\/sgvaimudar.com.br\/index.php\/wp-json\/wp\/v2\/media\/29427"}],"wp:attachment":[{"href":"https:\/\/sgvaimudar.com.br\/index.php\/wp-json\/wp\/v2\/media?parent=29426"}],"wp:term":[{"taxonomy":"category","embeddable":true,"href":"https:\/\/sgvaimudar.com.br\/index.php\/wp-json\/wp\/v2\/categories?post=29426"},{"taxonomy":"post_tag","embeddable":true,"href":"https:\/\/sgvaimudar.com.br\/index.php\/wp-json\/wp\/v2\/tags?post=29426"}],"curies":[{"name":"wp","href":"https:\/\/api.w.org\/{rel}","templated":true}]}}