{"id":29423,"date":"2025-08-14T09:59:00","date_gmt":"2025-08-14T12:59:00","guid":{"rendered":"https:\/\/sgvaimudar.com.br\/?p=29423"},"modified":"2025-08-14T09:42:48","modified_gmt":"2025-08-14T12:42:48","slug":"acusado-de-trafico-e-preso-em-sao-goncalo-segundo-a-policia-ele-estava-com-uma-pistola","status":"publish","type":"post","link":"https:\/\/sgvaimudar.com.br\/index.php\/2025\/08\/14\/acusado-de-trafico-e-preso-em-sao-goncalo-segundo-a-policia-ele-estava-com-uma-pistola\/","title":{"rendered":"Acusado de tr\u00e1fico \u00e9 preso em S\u00e3o Gon\u00e7alo; Segundo a pol\u00edcia, ele estava com uma pistola"},"content":{"rendered":"\n<p><em>Sandro Val\u00e9rio Marques dos Santos J\u00fanior, de 23 anos, junto com mais tr\u00eas comparsas atacou uma viatura da PM em Guaxindiba; Com ele foi arrecadado ainda uma mochila contendo muni\u00e7\u00f5es, material entorpecente e um r\u00e1dio transmissor ligado na freq\u00fc\u00eancia do tr\u00e1fico local<\/em><\/p>\n\n\n\n<p>Os policiais militares do 7\u00baBPM (S\u00e3o Gon\u00e7alo), prenderam nesta quarta-feira (13\/08), Sandro Val\u00e9rio Marques dos Santos J\u00fanior, de 23 anos, apontado como traficante do bairro Guaxindiba e acusado de participar com mais tr\u00eas comparsas de um ataque a uma guarni\u00e7\u00e3o. <\/p>\n\n\n\n<figure class=\"wp-block-image size-large is-resized\"><img fetchpriority=\"high\" decoding=\"async\" width=\"576\" height=\"1024\" src=\"https:\/\/sgvaimudar.com.br\/wp-content\/uploads\/2025\/08\/WhatsApp-Image-2025-08-14-at-08.58.59-576x1024.jpeg\" alt=\"\" class=\"wp-image-29439\" style=\"aspect-ratio:0.5625;width:693px;height:auto\" srcset=\"https:\/\/sgvaimudar.com.br\/wp-content\/uploads\/2025\/08\/WhatsApp-Image-2025-08-14-at-08.58.59-576x1024.jpeg 576w, https:\/\/sgvaimudar.com.br\/wp-content\/uploads\/2025\/08\/WhatsApp-Image-2025-08-14-at-08.58.59-169x300.jpeg 169w, https:\/\/sgvaimudar.com.br\/wp-content\/uploads\/2025\/08\/WhatsApp-Image-2025-08-14-at-08.58.59-768x1365.jpeg 768w, https:\/\/sgvaimudar.com.br\/wp-content\/uploads\/2025\/08\/WhatsApp-Image-2025-08-14-at-08.58.59-864x1536.jpeg 864w, https:\/\/sgvaimudar.com.br\/wp-content\/uploads\/2025\/08\/WhatsApp-Image-2025-08-14-at-08.58.59.jpeg 900w\" sizes=\"(max-width: 576px) 100vw, 576px\" \/><\/figure>\n\n\n\n<p><strong>DIN\u00c2MICA <\/strong>&#8211; Conforme as informa\u00e7\u00f5es da PM ao <strong>S\u00e3o Gon\u00e7alo Vai Mudar, <\/strong>com o objetivo de reprimir a a\u00e7\u00e3o de indiv\u00edduos envolvidos em roubos de ve\u00edculos e cargas na Rodovia BR-101 equipes estavam patrulhando a via e seus acessos, quando na altura do Complexo do Brejal e Comunidade do Gebara, no bairro Guaxindiba, os policiais foram surpreendidos por quatro bandidos que atacaram a guarni\u00e7\u00e3o entre as Ruas Zeferino Costa com Rodrigues Coutinho.<\/p>\n\n\n\n<p>Segundo a Pol\u00edcia Militar, houve um breve confronto e Sandro Val\u00e9rio foi cercado enquanto tentava fugir sendo algemado e conduzido a viatura. Com ele a pol\u00edcia disse que arrecadou uma pistola Glock e uma mochila contendo material entorpecente e um r\u00e1dio transmissor ligado na freq\u00fc\u00eancia do tr\u00e1fico local.<\/p>\n\n\n\n<p>A pol\u00edcia disse que os outros criminosos conseguiram fugir em dire\u00e7\u00e3o ao rio que corta a comunidade do Gebara. A equipe do Servi\u00e7o Reservado (P2\/7\u00b0BPM) continua atr\u00e1s das informa\u00e7\u00f5es.<\/p>\n\n\n\n<p>O registro da ocorr\u00eancia foi feito na 74\u00aa DP.<\/p>\n\n\n\n<p><strong><em>Fa\u00e7a sua den\u00fancia pelo nosso WhatsApp: (21) <\/em><\/strong><strong><em>99744 5345<\/em><\/strong><strong><em><\/em><\/strong><\/p>\n\n\n\n<p><strong><em>S\u00e3o Gon\u00e7alo vai mudar: Not\u00edcias de S\u00e3o Gon\u00e7alo e toda regi\u00e3o.<\/em><\/strong><\/p>\n\n\n\n<figure class=\"wp-block-image size-large\"><img decoding=\"async\" width=\"1024\" height=\"252\" src=\"https:\/\/sgvaimudar.com.br\/wp-content\/uploads\/2025\/03\/Anuncie-Aqui-Sao-Goncalo-vai-mudar-1024x252.jpg\" alt=\"\" class=\"wp-image-22693\" srcset=\"https:\/\/sgvaimudar.com.br\/wp-content\/uploads\/2025\/03\/Anuncie-Aqui-Sao-Goncalo-vai-mudar-1024x252.jpg 1024w, https:\/\/sgvaimudar.com.br\/wp-content\/uploads\/2025\/03\/Anuncie-Aqui-Sao-Goncalo-vai-mudar-300x74.jpg 300w, https:\/\/sgvaimudar.com.br\/wp-content\/uploads\/2025\/03\/Anuncie-Aqui-Sao-Goncalo-vai-mudar-768x189.jpg 768w, https:\/\/sgvaimudar.com.br\/wp-content\/uploads\/2025\/03\/Anuncie-Aqui-Sao-Goncalo-vai-mudar-1536x378.jpg 1536w, https:\/\/sgvaimudar.com.br\/wp-content\/uploads\/2025\/03\/Anuncie-Aqui-Sao-Goncalo-vai-mudar-2048x504.jpg 2048w\" sizes=\"(max-width: 1024px) 100vw, 1024px\" \/><\/figure>\n","protected":false},"excerpt":{"rendered":"<p>Sandro Val\u00e9rio Marques dos Santos J\u00fanior, de 23 anos, junto com mais tr\u00eas comparsas atacou uma viatura da PM em&hellip;<\/p>\n","protected":false},"author":5,"featured_media":29424,"comment_status":"open","ping_status":"open","sticky":false,"template":"","format":"standard","meta":{"fifu_image_url":"","fifu_image_alt":"","footnotes":""},"categories":[32],"tags":[],"class_list":["post-29423","post","type-post","status-publish","format-standard","has-post-thumbnail","hentry","category-casos-de-policia"],"_links":{"self":[{"href":"https:\/\/sgvaimudar.com.br\/index.php\/wp-json\/wp\/v2\/posts\/29423","targetHints":{"allow":["GET"]}}],"collection":[{"href":"https:\/\/sgvaimudar.com.br\/index.php\/wp-json\/wp\/v2\/posts"}],"about":[{"href":"https:\/\/sgvaimudar.com.br\/index.php\/wp-json\/wp\/v2\/types\/post"}],"author":[{"embeddable":true,"href":"https:\/\/sgvaimudar.com.br\/index.php\/wp-json\/wp\/v2\/users\/5"}],"replies":[{"embeddable":true,"href":"https:\/\/sgvaimudar.com.br\/index.php\/wp-json\/wp\/v2\/comments?post=29423"}],"version-history":[{"count":4,"href":"https:\/\/sgvaimudar.com.br\/index.php\/wp-json\/wp\/v2\/posts\/29423\/revisions"}],"predecessor-version":[{"id":29440,"href":"https:\/\/sgvaimudar.com.br\/index.php\/wp-json\/wp\/v2\/posts\/29423\/revisions\/29440"}],"wp:featuredmedia":[{"embeddable":true,"href":"https:\/\/sgvaimudar.com.br\/index.php\/wp-json\/wp\/v2\/media\/29424"}],"wp:attachment":[{"href":"https:\/\/sgvaimudar.com.br\/index.php\/wp-json\/wp\/v2\/media?parent=29423"}],"wp:term":[{"taxonomy":"category","embeddable":true,"href":"https:\/\/sgvaimudar.com.br\/index.php\/wp-json\/wp\/v2\/categories?post=29423"},{"taxonomy":"post_tag","embeddable":true,"href":"https:\/\/sgvaimudar.com.br\/index.php\/wp-json\/wp\/v2\/tags?post=29423"}],"curies":[{"name":"wp","href":"https:\/\/api.w.org\/{rel}","templated":true}]}}