{"id":29420,"date":"2025-08-14T08:42:12","date_gmt":"2025-08-14T11:42:12","guid":{"rendered":"https:\/\/sgvaimudar.com.br\/?p=29420"},"modified":"2025-08-14T08:42:13","modified_gmt":"2025-08-14T11:42:13","slug":"secretaria-de-saude-de-sao-goncalo-intensifica-mobilizacao-no-combate-a-hanseniase","status":"publish","type":"post","link":"https:\/\/sgvaimudar.com.br\/index.php\/2025\/08\/14\/secretaria-de-saude-de-sao-goncalo-intensifica-mobilizacao-no-combate-a-hanseniase\/","title":{"rendered":"Secretaria de Sa\u00fade de S\u00e3o Gon\u00e7alo intensifica mobiliza\u00e7\u00e3o no combate \u00e0 hansen\u00edase"},"content":{"rendered":"\n<p><em>Orienta\u00e7\u00f5es \u00e0 popula\u00e7\u00e3o e busca ativa de novos casos s\u00e3o algumas a\u00e7\u00f5es efetivadas<\/em><\/p>\n\n\n\n<p>A hansen\u00edase \u2013 doen\u00e7a infectocontagiosa \u2013 ser\u00e1 lembrada neste m\u00eas de agosto nas unidades de sa\u00fade de S\u00e3o Gon\u00e7alo. A inten\u00e7\u00e3o \u00e9 promover a preven\u00e7\u00e3o e dar orienta\u00e7\u00e3o para que os gon\u00e7alenses consigam ter um diagn\u00f3stico precoce e tratamento adequado. <\/p>\n\n\n\n<p>O Programa Municipal de Hansen\u00edase visa aproveitar a oportunidade da mobiliza\u00e7\u00e3o estadual neste m\u00eas \u2013 5 de agosto \u00e9 celebrado o Dia Estadual de Combate \u00e0 Hansen\u00edase \u2013 para enfatizar a divulga\u00e7\u00e3o da doen\u00e7a, que \u00e9 silenciosa, de evolu\u00e7\u00e3o lenta e progressiva.\u00a0\u00a0<\/p>\n\n\n\n<p>\u201cVamos fazer a\u00e7\u00f5es em todos os dispositivos que fazem o tratamento da doen\u00e7a. Come\u00e7amos pelo Polo Sanit\u00e1rio Paulo Marques Rangel, no Porto do Rosa, no dia 5. E vamos dar continuidade nas demais unidades a partir do dia 19. Queremos incentivar o rastreio atrav\u00e9s da suspei\u00e7\u00e3o diagn\u00f3stica, da busca ativa de casos novos e faltosos. Vamos ajudar a combater o preconceito e discrimina\u00e7\u00e3o associados \u00e0 doen\u00e7a, com informa\u00e7\u00f5es sobre meio de transmiss\u00e3o, diagn\u00f3stico e tratamento\u201d, contou a coordenadora do programa, Gisella Porcino.&nbsp;<\/p>\n\n\n\n<p>A sensibiliza\u00e7\u00e3o e educa\u00e7\u00e3o da popula\u00e7\u00e3o s\u00e3o importantes estrat\u00e9gias de dissemina\u00e7\u00e3o e conhecimento. A informa\u00e7\u00e3o pode prevenir a contamina\u00e7\u00e3o, a incapacidade f\u00edsica e como ter acesso ao tratamento adequado da doen\u00e7a, contribuindo para a erradica\u00e7\u00e3o. Os principais recursos contra a hansen\u00edase s\u00e3o o diagn\u00f3stico precoce e o tratamento oportuno dos casos, visando a promo\u00e7\u00e3o \u00e0 sa\u00fade, prevenindo a incapacidade f\u00edsica e acompanhando as complica\u00e7\u00f5es atrav\u00e9s da assist\u00eancia qualificada.\u00a0<\/p>\n\n\n\n<p>S\u00e3o Gon\u00e7alo conta com quatro polos sanit\u00e1rios que realizam o tratamento da doen\u00e7a, sempre de segunda a sexta-feira, das 8h \u00e0s 17h: H\u00e9lio Cruz, em Alc\u00e2ntara; Washington Luiz, no Z\u00e9 Garoto; Augusto Sena, em Rio do Ouro; e Paulo Marques Rangel, no Porto do Rosa. Apesar do tratamento ser realizado nos polos, os gon\u00e7alenses podem procurar qualquer unidade de sa\u00fade da fam\u00edlia (USF) para diagnosticar a doen\u00e7a. Todas est\u00e3o aptas para receber, captar e orientar os pacientes.&nbsp;<\/p>\n\n\n\n<p><strong>Programa\u00e7\u00e3o<\/strong>&nbsp;<\/p>\n\n\n\n<p>19\/8, das 12h \u00e0s 15h, Polo Sanit\u00e1rio H\u00e9lio Cruz &#8211; A\u00e7\u00f5es din\u00e2micas de abordagem na rua, panfletagem com informa\u00e7\u00f5es sobre a doen\u00e7a, formas de transmiss\u00e3o, carater\u00edsticas e tratamento conduzidas pela equipe multiprofissional do programa com foco no combate ao preconceito e discrimina\u00e7\u00e3o para a popula\u00e7\u00e3o geral;<\/p>\n\n\n\n<p>22\/8, das 10h \u00e0s 15h, Polo Sanit\u00e1rio Augusto Sena, Rio do Ouro &#8211; Palestra na sala de espera ministrada pela equipe multiprofissional do Programa Municipal de Hansen\u00edase com o tema: \u201cCombate ao estigma e discrimina\u00e7\u00e3o da doen\u00e7a; informa\u00e7\u00f5es sobre forma de transmiss\u00e3o, diagn\u00f3stico e tratamento\u201d;<\/p>\n\n\n\n<p>29\/8, das 10h \u00e0s 15h, Polo Sanit\u00e1rio Washington Luiz, Z\u00e9 Garoto &#8211; A\u00e7\u00f5es din\u00e2micas de abordagem na rua, panfletagem com informa\u00e7\u00f5es sobre a doen\u00e7a, formas de transmiss\u00e3o, carater\u00edsticas e tratamento conduzidas pela equipe multiprofissional do programa com foco no combate ao preconceito e discrimina\u00e7\u00e3o para a popula\u00e7\u00e3o geral.<\/p>\n\n\n\n<p><strong>A Doen\u00e7a&nbsp;<\/strong><\/p>\n\n\n\n<p>A hansen\u00edase \u00e9 uma doen\u00e7a transmiss\u00edvel que acomete a pele e os nervos da face, bra\u00e7os, m\u00e3os, pernas e p\u00e9s de crian\u00e7as e adultos. Sua principal caracter\u00edstica \u00e9 uma mancha esbranqui\u00e7ada, avermelhada ou amarronzada em qualquer parte do corpo, que n\u00e3o co\u00e7a e altera a sensibilidade da pele ao calor, \u00e0 dor e ao tato.&nbsp;<\/p>\n\n\n\n<p>A doen\u00e7a tamb\u00e9m pode se manifestar atrav\u00e9s de caro\u00e7os e incha\u00e7os no corpo, em alguns casos avermelhados e doloridos. Tamb\u00e9m pode dar a sensa\u00e7\u00e3o de choque, fisgadas e agulhadas ao longo dos nervos dos bra\u00e7os, m\u00e3os, pernas e p\u00e9s.&nbsp;<\/p>\n\n\n\n<p>As \u00e1reas acometidas podem sofrer com diminui\u00e7\u00e3o de pelos e suor e pode ocorrer o espessamento dos nervos, levando \u00e0 perda da sensibilidade.&nbsp;<\/p>\n\n\n\n<p>Ela \u00e9 transmitida por meio das vias a\u00e9reas, fala, tosse ou espirro e se d\u00e1 por meio de uma pessoa doente e sem tratamento. No entanto, ela n\u00e3o passa atrav\u00e9s de contato, como abra\u00e7o, aperto de m\u00e3o ou qualquer tipo de carinho. Se n\u00e3o tratada, ela pode causar deformidades e incapacidades f\u00edsicas.<\/p>\n\n\n\n<p>A hansen\u00edase tem cura e o tratamento \u00e9 totalmente gratuito e dispon\u00edvel no Sistema \u00danico de Sa\u00fade (SUS). Quanto mais cedo for diagnosticada e tratada, melhor o resultado e menor a chance do paciente ter sequelas f\u00edsicas. O tratamento leva de seis meses a um ano e o paciente recebe, mensalmente, a medica\u00e7\u00e3o.\u00a0<\/p>\n\n\n\n<p><strong><em>S\u00e3o Gon\u00e7alo vai mudar: Not\u00edcias de S\u00e3o Gon\u00e7alo e toda regi\u00e3o.<\/em><\/strong><\/p>\n\n\n\n<figure class=\"wp-block-image size-large\"><img fetchpriority=\"high\" decoding=\"async\" width=\"1024\" height=\"252\" src=\"https:\/\/sgvaimudar.com.br\/wp-content\/uploads\/2025\/03\/Anuncie-Aqui-Sao-Goncalo-vai-mudar-1024x252.jpg\" alt=\"\" class=\"wp-image-22693\" srcset=\"https:\/\/sgvaimudar.com.br\/wp-content\/uploads\/2025\/03\/Anuncie-Aqui-Sao-Goncalo-vai-mudar-1024x252.jpg 1024w, https:\/\/sgvaimudar.com.br\/wp-content\/uploads\/2025\/03\/Anuncie-Aqui-Sao-Goncalo-vai-mudar-300x74.jpg 300w, https:\/\/sgvaimudar.com.br\/wp-content\/uploads\/2025\/03\/Anuncie-Aqui-Sao-Goncalo-vai-mudar-768x189.jpg 768w, https:\/\/sgvaimudar.com.br\/wp-content\/uploads\/2025\/03\/Anuncie-Aqui-Sao-Goncalo-vai-mudar-1536x378.jpg 1536w, https:\/\/sgvaimudar.com.br\/wp-content\/uploads\/2025\/03\/Anuncie-Aqui-Sao-Goncalo-vai-mudar-2048x504.jpg 2048w\" sizes=\"(max-width: 1024px) 100vw, 1024px\" \/><\/figure>\n","protected":false},"excerpt":{"rendered":"<p>Orienta\u00e7\u00f5es \u00e0 popula\u00e7\u00e3o e busca ativa de novos casos s\u00e3o algumas a\u00e7\u00f5es efetivadas A hansen\u00edase \u2013 doen\u00e7a infectocontagiosa \u2013 ser\u00e1&hellip;<\/p>\n","protected":false},"author":5,"featured_media":29421,"comment_status":"open","ping_status":"open","sticky":false,"template":"","format":"standard","meta":{"fifu_image_url":"","fifu_image_alt":"","footnotes":""},"categories":[7],"tags":[],"class_list":["post-29420","post","type-post","status-publish","format-standard","has-post-thumbnail","hentry","category-saude"],"_links":{"self":[{"href":"https:\/\/sgvaimudar.com.br\/index.php\/wp-json\/wp\/v2\/posts\/29420","targetHints":{"allow":["GET"]}}],"collection":[{"href":"https:\/\/sgvaimudar.com.br\/index.php\/wp-json\/wp\/v2\/posts"}],"about":[{"href":"https:\/\/sgvaimudar.com.br\/index.php\/wp-json\/wp\/v2\/types\/post"}],"author":[{"embeddable":true,"href":"https:\/\/sgvaimudar.com.br\/index.php\/wp-json\/wp\/v2\/users\/5"}],"replies":[{"embeddable":true,"href":"https:\/\/sgvaimudar.com.br\/index.php\/wp-json\/wp\/v2\/comments?post=29420"}],"version-history":[{"count":1,"href":"https:\/\/sgvaimudar.com.br\/index.php\/wp-json\/wp\/v2\/posts\/29420\/revisions"}],"predecessor-version":[{"id":29422,"href":"https:\/\/sgvaimudar.com.br\/index.php\/wp-json\/wp\/v2\/posts\/29420\/revisions\/29422"}],"wp:featuredmedia":[{"embeddable":true,"href":"https:\/\/sgvaimudar.com.br\/index.php\/wp-json\/wp\/v2\/media\/29421"}],"wp:attachment":[{"href":"https:\/\/sgvaimudar.com.br\/index.php\/wp-json\/wp\/v2\/media?parent=29420"}],"wp:term":[{"taxonomy":"category","embeddable":true,"href":"https:\/\/sgvaimudar.com.br\/index.php\/wp-json\/wp\/v2\/categories?post=29420"},{"taxonomy":"post_tag","embeddable":true,"href":"https:\/\/sgvaimudar.com.br\/index.php\/wp-json\/wp\/v2\/tags?post=29420"}],"curies":[{"name":"wp","href":"https:\/\/api.w.org\/{rel}","templated":true}]}}