{"id":29417,"date":"2025-08-14T08:36:39","date_gmt":"2025-08-14T11:36:39","guid":{"rendered":"https:\/\/sgvaimudar.com.br\/?p=29417"},"modified":"2025-08-14T08:36:39","modified_gmt":"2025-08-14T11:36:39","slug":"mulheres-goncalenses-participam-de-aula-de-defesa-pessoal","status":"publish","type":"post","link":"https:\/\/sgvaimudar.com.br\/index.php\/2025\/08\/14\/mulheres-goncalenses-participam-de-aula-de-defesa-pessoal\/","title":{"rendered":"Mulheres gon\u00e7alenses participam de  aula de defesa pessoal"},"content":{"rendered":"\n<p><em>Iniciativa faz parte da Campanha Agosto Lil\u00e1s e acontece na pr\u00f3xima sexta-feira<\/em><\/p>\n\n\n\n<p>As gon\u00e7alenses v\u00e3o participar, na pr\u00f3xima sexta-feira (15), \u00e0s 14h, de uma aula de defesa pessoal. A iniciativa integra a Campanha Agosto Lil\u00e1s, que refor\u00e7a o combate \u00e0 viol\u00eancia contra a mulher, e \u00e9 realizada pela Secretaria de Assist\u00eancia Social da Prefeitura de S\u00e3o Gon\u00e7alo, junto \u00e0 Guarda Municipal em parceria com a Secretaria de Turismo e Cultura, no Centro Cultural Joaquim Lavoura (Lavour\u00e3o), no bairro Estrela do Norte. <\/p>\n\n\n\n<p>Mulheres de todas as idades podem participar da aula, que tem como objetivo ensin\u00e1-las t\u00e9cnicas b\u00e1sicas de autodefesa, promovendo mais seguran\u00e7a, autoestima e autonomia, tendo em vista um cen\u00e1rio em que muitas mulheres ainda s\u00e3o v\u00edtimas de viol\u00eancia dom\u00e9stica e de outros abusos.<\/p>\n\n\n\n<figure class=\"wp-block-image size-large\"><img fetchpriority=\"high\" decoding=\"async\" width=\"819\" height=\"1024\" src=\"https:\/\/sgvaimudar.com.br\/wp-content\/uploads\/2025\/08\/unnamed-8-6-819x1024.jpg\" alt=\"\" class=\"wp-image-29418\" srcset=\"https:\/\/sgvaimudar.com.br\/wp-content\/uploads\/2025\/08\/unnamed-8-6-819x1024.jpg 819w, https:\/\/sgvaimudar.com.br\/wp-content\/uploads\/2025\/08\/unnamed-8-6-240x300.jpg 240w, https:\/\/sgvaimudar.com.br\/wp-content\/uploads\/2025\/08\/unnamed-8-6-768x960.jpg 768w, https:\/\/sgvaimudar.com.br\/wp-content\/uploads\/2025\/08\/unnamed-8-6.jpg 1080w\" sizes=\"(max-width: 819px) 100vw, 819px\" \/><\/figure>\n\n\n\n<p>O Agosto Lil\u00e1s \u00e9 uma campanha nacional de enfrentamento \u00e0 viol\u00eancia contra a mulher, criada em alus\u00e3o ao anivers\u00e1rio da Lei Maria da Penha, sancionada em 7 de agosto de 2006.&nbsp;<\/p>\n\n\n\n<p>A Subsecretaria de Pol\u00edticas P\u00fablicas para as Mulheres de S\u00e3o Gon\u00e7alo est\u00e1 realizando, durante todo o m\u00eas, a\u00e7\u00f5es de conscientiza\u00e7\u00e3o, palestras, oficinas e mobiliza\u00e7\u00f5es com o intuito de alertar a sociedade sobre a import\u00e2ncia da preven\u00e7\u00e3o e do combate \u00e0 viol\u00eancia dom\u00e9stica e familiar.\u00a0<\/p>\n\n\n\n<p><strong><em>Fa\u00e7a sua den\u00fancia pelo nosso WhatsApp: (21) <\/em><\/strong><strong><em>99744 5345<\/em><\/strong><strong><em><\/em><\/strong><\/p>\n\n\n\n<p><strong><em>S\u00e3o Gon\u00e7alo vai mudar: Not\u00edcias de S\u00e3o Gon\u00e7alo e toda regi\u00e3o.<\/em><\/strong><\/p>\n\n\n\n<figure class=\"wp-block-image size-large\"><img decoding=\"async\" width=\"1024\" height=\"252\" src=\"https:\/\/sgvaimudar.com.br\/wp-content\/uploads\/2025\/03\/Anuncie-Aqui-Sao-Goncalo-vai-mudar-1024x252.jpg\" alt=\"\" class=\"wp-image-22693\" srcset=\"https:\/\/sgvaimudar.com.br\/wp-content\/uploads\/2025\/03\/Anuncie-Aqui-Sao-Goncalo-vai-mudar-1024x252.jpg 1024w, https:\/\/sgvaimudar.com.br\/wp-content\/uploads\/2025\/03\/Anuncie-Aqui-Sao-Goncalo-vai-mudar-300x74.jpg 300w, https:\/\/sgvaimudar.com.br\/wp-content\/uploads\/2025\/03\/Anuncie-Aqui-Sao-Goncalo-vai-mudar-768x189.jpg 768w, https:\/\/sgvaimudar.com.br\/wp-content\/uploads\/2025\/03\/Anuncie-Aqui-Sao-Goncalo-vai-mudar-1536x378.jpg 1536w, https:\/\/sgvaimudar.com.br\/wp-content\/uploads\/2025\/03\/Anuncie-Aqui-Sao-Goncalo-vai-mudar-2048x504.jpg 2048w\" sizes=\"(max-width: 1024px) 100vw, 1024px\" \/><\/figure>\n","protected":false},"excerpt":{"rendered":"<p>Iniciativa faz parte da Campanha Agosto Lil\u00e1s e acontece na pr\u00f3xima sexta-feira As gon\u00e7alenses v\u00e3o participar, na pr\u00f3xima sexta-feira (15),&hellip;<\/p>\n","protected":false},"author":5,"featured_media":7852,"comment_status":"open","ping_status":"open","sticky":false,"template":"","format":"standard","meta":{"fifu_image_url":"","fifu_image_alt":"","footnotes":""},"categories":[32],"tags":[],"class_list":["post-29417","post","type-post","status-publish","format-standard","has-post-thumbnail","hentry","category-casos-de-policia"],"_links":{"self":[{"href":"https:\/\/sgvaimudar.com.br\/index.php\/wp-json\/wp\/v2\/posts\/29417","targetHints":{"allow":["GET"]}}],"collection":[{"href":"https:\/\/sgvaimudar.com.br\/index.php\/wp-json\/wp\/v2\/posts"}],"about":[{"href":"https:\/\/sgvaimudar.com.br\/index.php\/wp-json\/wp\/v2\/types\/post"}],"author":[{"embeddable":true,"href":"https:\/\/sgvaimudar.com.br\/index.php\/wp-json\/wp\/v2\/users\/5"}],"replies":[{"embeddable":true,"href":"https:\/\/sgvaimudar.com.br\/index.php\/wp-json\/wp\/v2\/comments?post=29417"}],"version-history":[{"count":1,"href":"https:\/\/sgvaimudar.com.br\/index.php\/wp-json\/wp\/v2\/posts\/29417\/revisions"}],"predecessor-version":[{"id":29419,"href":"https:\/\/sgvaimudar.com.br\/index.php\/wp-json\/wp\/v2\/posts\/29417\/revisions\/29419"}],"wp:featuredmedia":[{"embeddable":true,"href":"https:\/\/sgvaimudar.com.br\/index.php\/wp-json\/wp\/v2\/media\/7852"}],"wp:attachment":[{"href":"https:\/\/sgvaimudar.com.br\/index.php\/wp-json\/wp\/v2\/media?parent=29417"}],"wp:term":[{"taxonomy":"category","embeddable":true,"href":"https:\/\/sgvaimudar.com.br\/index.php\/wp-json\/wp\/v2\/categories?post=29417"},{"taxonomy":"post_tag","embeddable":true,"href":"https:\/\/sgvaimudar.com.br\/index.php\/wp-json\/wp\/v2\/tags?post=29417"}],"curies":[{"name":"wp","href":"https:\/\/api.w.org\/{rel}","templated":true}]}}