{"id":29402,"date":"2025-08-13T19:00:00","date_gmt":"2025-08-13T22:00:00","guid":{"rendered":"https:\/\/sgvaimudar.com.br\/?p=29402"},"modified":"2025-08-13T10:48:30","modified_gmt":"2025-08-13T13:48:30","slug":"2-festival-de-seresta-de-sao-goncalo-talento-e-emocao-marcam-a-seletiva-no-centro-de-tradicoes-nordestinas","status":"publish","type":"post","link":"https:\/\/sgvaimudar.com.br\/index.php\/2025\/08\/13\/2-festival-de-seresta-de-sao-goncalo-talento-e-emocao-marcam-a-seletiva-no-centro-de-tradicoes-nordestinas\/","title":{"rendered":"2\u00b0 Festival de Seresta de S\u00e3o Gon\u00e7alo: talento e emo\u00e7\u00e3o marcam a seletiva no Centro de Tradi\u00e7\u00f5es Nordestinas"},"content":{"rendered":"\n<p><em>O evento celebrou a m\u00fasica como express\u00e3o popular e reuniu artistas de diferentes idades e estilos<\/em><\/p>\n\n\n\n<p>O romantismo tomou conta de S\u00e3o Gon\u00e7alo no \u00faltimo 12 de agosto, quando o Centro de Tradi\u00e7\u00f5es Nordestinas, em Neves, abriu suas portas para a seletiva do 2\u00b0 Festival de Seresta de S\u00e3o Gon\u00e7alo. <\/p>\n\n\n\n<p>Idealizado pelo produtor Robert Freitas e contemplado pela Lei Paulo Gustavo de incentivo \u00e0 cultura, atrav\u00e9s da Secretaria de Turismo e Cultura da Prefeitura de S\u00e3o Gon\u00e7alo.<\/p>\n\n\n\n<p>Em uma \u00fanica apresenta\u00e7\u00e3o aberta ao p\u00fablico e com entrada gratuita, o p\u00fablico p\u00f4de apreciar interpreta\u00e7\u00f5es marcantes e repletas de emo\u00e7\u00e3o. Os artistas que ficaram em 1\u00ba e 2\u00ba lugar garantiram vaga direta para a grande final, enquanto os demais concorrentes disputaram a repescagem para completar o grupo de finalistas.<\/p>\n\n\n\n<p>A repescagem, que reuniu os quatro melhores terceiros colocados, trouxe ainda mais tens\u00e3o e aplausos. Nelci e Cezar foram os vencedores dessa etapa e completaram o time de finalistas.<\/p>\n\n\n\n<p>Agora, a grande final do festival est\u00e1 marcada para o dia 24 de agosto, domingo, na Feira Nordestina de S\u00e3o Gon\u00e7alo, a partir das 13h, com 10 candidatos disputando o trof\u00e9u do campeonato. Ser\u00e1 uma tarde de muita m\u00fasica, emo\u00e7\u00e3o e celebra\u00e7\u00e3o da seresta como patrim\u00f4nio cultural da cidade.<\/p>\n\n\n\n<p>A maratona musical premiar\u00e1 os tr\u00eas primeiros colocados com valores em dinheiro:<br>1\u00ba lugar: R\\$ 300,00; 2\u00ba lugar: R\\$ 200,00 e 3\u00ba lugar: R\\$ 100,00. Os finalistas do 2\u00b0 Festival de Seresta de S\u00e3o Gon\u00e7alo foram: Mariana Ferreira; Viviane Waldemar; Vera Cruz; S\u00e9rgio Rocha; Marcela Cordeiro; Evandro Ricardo; V\u00e2nia; Elizabeth Barcellos; Nelci e Cezar.<\/p>\n\n\n\n<p><strong><em>S\u00e3o Gon\u00e7alo vai mudar: Not\u00edcias de S\u00e3o Gon\u00e7alo e toda regi\u00e3o.<\/em><\/strong><\/p>\n","protected":false},"excerpt":{"rendered":"<p>O evento celebrou a m\u00fasica como express\u00e3o popular e reuniu artistas de diferentes idades e estilos O romantismo tomou conta&hellip;<\/p>\n","protected":false},"author":5,"featured_media":29403,"comment_status":"open","ping_status":"open","sticky":false,"template":"","format":"standard","meta":{"fifu_image_url":"","fifu_image_alt":"","footnotes":""},"categories":[6],"tags":[],"class_list":["post-29402","post","type-post","status-publish","format-standard","has-post-thumbnail","hentry","category-entretenimento"],"_links":{"self":[{"href":"https:\/\/sgvaimudar.com.br\/index.php\/wp-json\/wp\/v2\/posts\/29402","targetHints":{"allow":["GET"]}}],"collection":[{"href":"https:\/\/sgvaimudar.com.br\/index.php\/wp-json\/wp\/v2\/posts"}],"about":[{"href":"https:\/\/sgvaimudar.com.br\/index.php\/wp-json\/wp\/v2\/types\/post"}],"author":[{"embeddable":true,"href":"https:\/\/sgvaimudar.com.br\/index.php\/wp-json\/wp\/v2\/users\/5"}],"replies":[{"embeddable":true,"href":"https:\/\/sgvaimudar.com.br\/index.php\/wp-json\/wp\/v2\/comments?post=29402"}],"version-history":[{"count":1,"href":"https:\/\/sgvaimudar.com.br\/index.php\/wp-json\/wp\/v2\/posts\/29402\/revisions"}],"predecessor-version":[{"id":29404,"href":"https:\/\/sgvaimudar.com.br\/index.php\/wp-json\/wp\/v2\/posts\/29402\/revisions\/29404"}],"wp:featuredmedia":[{"embeddable":true,"href":"https:\/\/sgvaimudar.com.br\/index.php\/wp-json\/wp\/v2\/media\/29403"}],"wp:attachment":[{"href":"https:\/\/sgvaimudar.com.br\/index.php\/wp-json\/wp\/v2\/media?parent=29402"}],"wp:term":[{"taxonomy":"category","embeddable":true,"href":"https:\/\/sgvaimudar.com.br\/index.php\/wp-json\/wp\/v2\/categories?post=29402"},{"taxonomy":"post_tag","embeddable":true,"href":"https:\/\/sgvaimudar.com.br\/index.php\/wp-json\/wp\/v2\/tags?post=29402"}],"curies":[{"name":"wp","href":"https:\/\/api.w.org\/{rel}","templated":true}]}}