{"id":29398,"date":"2025-08-13T17:00:00","date_gmt":"2025-08-13T20:00:00","guid":{"rendered":"https:\/\/sgvaimudar.com.br\/?p=29398"},"modified":"2025-08-13T10:43:13","modified_gmt":"2025-08-13T13:43:13","slug":"casa-paulina-porto-em-itaborai-inaugura-exposicao-penso-logo-sinto-e-existo-de-patricia-trasmontano","status":"publish","type":"post","link":"https:\/\/sgvaimudar.com.br\/index.php\/2025\/08\/13\/casa-paulina-porto-em-itaborai-inaugura-exposicao-penso-logo-sinto-e-existo-de-patricia-trasmontano\/","title":{"rendered":"Casa Paulina Porto, em Itabora\u00ed, inaugura exposi\u00e7\u00e3o \u201cPenso, logo Sinto e Existo!\u201d, de Patr\u00edcia Trasmontano"},"content":{"rendered":"\n<p>A Casa Paulina Porto em Itabora\u00ed vai receber, a partir deste s\u00e1bado (16\/08) \u00e0s 16h, a exposi\u00e7\u00e3o Penso, logo Sinto e Existo!, da artista e poetisa Patr\u00edcia Trasmontano, em uma iniciativa realizada em parceria com a Secretaria Municipal de Sa\u00fade.<\/p>\n\n\n\n<p>Bacharel em Enfermagem, mestre em Ci\u00eancias do Cuidado em Sa\u00fade e licenciada em Pedagogia, Patr\u00edcia \u00e9 enfermeira do N\u00facleo de Educa\u00e7\u00e3o Permanente e Pesquisa da Secretaria de Sa\u00fade de Itabora\u00ed e encontra na arte e na poesia um espa\u00e7o de express\u00e3o, acolhimento e reflex\u00e3o sobre a vida.<\/p>\n\n\n\n<figure class=\"wp-block-image size-large\"><img fetchpriority=\"high\" decoding=\"async\" width=\"1024\" height=\"768\" src=\"https:\/\/sgvaimudar.com.br\/wp-content\/uploads\/2025\/08\/Casa-Paulina-Porto-em-Itaborai-inaugura-exposicao-Penso-logo-Sinto-e-Existo-de-Patricia-Trasmontano-1024x768.jpeg\" alt=\"\" class=\"wp-image-29400\" srcset=\"https:\/\/sgvaimudar.com.br\/wp-content\/uploads\/2025\/08\/Casa-Paulina-Porto-em-Itaborai-inaugura-exposicao-Penso-logo-Sinto-e-Existo-de-Patricia-Trasmontano-1024x768.jpeg 1024w, https:\/\/sgvaimudar.com.br\/wp-content\/uploads\/2025\/08\/Casa-Paulina-Porto-em-Itaborai-inaugura-exposicao-Penso-logo-Sinto-e-Existo-de-Patricia-Trasmontano-300x225.jpeg 300w, https:\/\/sgvaimudar.com.br\/wp-content\/uploads\/2025\/08\/Casa-Paulina-Porto-em-Itaborai-inaugura-exposicao-Penso-logo-Sinto-e-Existo-de-Patricia-Trasmontano-768x576.jpeg 768w, https:\/\/sgvaimudar.com.br\/wp-content\/uploads\/2025\/08\/Casa-Paulina-Porto-em-Itaborai-inaugura-exposicao-Penso-logo-Sinto-e-Existo-de-Patricia-Trasmontano-1536x1152.jpeg 1536w, https:\/\/sgvaimudar.com.br\/wp-content\/uploads\/2025\/08\/Casa-Paulina-Porto-em-Itaborai-inaugura-exposicao-Penso-logo-Sinto-e-Existo-de-Patricia-Trasmontano.jpeg 1600w\" sizes=\"(max-width: 1024px) 100vw, 1024px\" \/><\/figure>\n\n\n\n<p>A mostra re\u00fane obras visuais e liter\u00e1rias que percorrem a trajet\u00f3ria art\u00edstica da autora, desde suas primeiras express\u00f5es abstratas na inf\u00e2ncia at\u00e9 cria\u00e7\u00f5es mais recentes, com destaque para autorretratos, colagens e poemas que abordam temas como sentimentos, espiritualidade, autoconhecimento e a conex\u00e3o entre ser humano e natureza.<\/p>\n\n\n\n<p>Segundo a artista, a proposta \u00e9 convidar o p\u00fablico a uma experi\u00eancia sensorial e emocional.<\/p>\n\n\n\n<p>\u201cAcredito que o ser humano e a natureza s\u00e3o obras-primas do Criador. Minha arte \u00e9 um reflexo da beleza e da plenitude da exist\u00eancia, uma forma de tocar e ser tocada\u201d, afirma Patr\u00edcia Trasmontano.<\/p>\n\n\n\n<p>A exposi\u00e7\u00e3o ficar\u00e1 aberta ao p\u00fablico com entrada gratuita, proporcionando \u00e0 popula\u00e7\u00e3o de Itabora\u00ed e visitantes um mergulho po\u00e9tico e visual que une arte, sa\u00fade e sensibilidade.<\/p>\n\n\n\n<p><strong>Servi\u00e7o:<br>Abertura da exposi\u00e7\u00e3o:<\/strong>\u00a016 de agosto, \u00e0s 16h<br><strong>Local:<\/strong>\u00a0Tv. Esp\u00edrito Santo, 431 \u2013 Centro, Itabora\u00ed (RJ). Entrada gratuita.<\/p>\n\n\n\n<p><strong><em>S\u00e3o Gon\u00e7alo vai mudar: Not\u00edcias de S\u00e3o Gon\u00e7alo e toda regi\u00e3o.<\/em><\/strong><\/p>\n\n\n\n<figure class=\"wp-block-image size-large\"><img decoding=\"async\" width=\"1024\" height=\"252\" src=\"https:\/\/sgvaimudar.com.br\/wp-content\/uploads\/2025\/03\/Anuncie-Aqui-Sao-Goncalo-vai-mudar-1024x252.jpg\" alt=\"\" class=\"wp-image-22693\" srcset=\"https:\/\/sgvaimudar.com.br\/wp-content\/uploads\/2025\/03\/Anuncie-Aqui-Sao-Goncalo-vai-mudar-1024x252.jpg 1024w, https:\/\/sgvaimudar.com.br\/wp-content\/uploads\/2025\/03\/Anuncie-Aqui-Sao-Goncalo-vai-mudar-300x74.jpg 300w, https:\/\/sgvaimudar.com.br\/wp-content\/uploads\/2025\/03\/Anuncie-Aqui-Sao-Goncalo-vai-mudar-768x189.jpg 768w, https:\/\/sgvaimudar.com.br\/wp-content\/uploads\/2025\/03\/Anuncie-Aqui-Sao-Goncalo-vai-mudar-1536x378.jpg 1536w, https:\/\/sgvaimudar.com.br\/wp-content\/uploads\/2025\/03\/Anuncie-Aqui-Sao-Goncalo-vai-mudar-2048x504.jpg 2048w\" sizes=\"(max-width: 1024px) 100vw, 1024px\" \/><\/figure>\n","protected":false},"excerpt":{"rendered":"<p>A Casa Paulina Porto em Itabora\u00ed vai receber, a partir deste s\u00e1bado (16\/08) \u00e0s 16h, a exposi\u00e7\u00e3o Penso, logo Sinto&hellip;<\/p>\n","protected":false},"author":5,"featured_media":29399,"comment_status":"open","ping_status":"open","sticky":false,"template":"","format":"standard","meta":{"fifu_image_url":"","fifu_image_alt":"","footnotes":""},"categories":[6],"tags":[],"class_list":["post-29398","post","type-post","status-publish","format-standard","has-post-thumbnail","hentry","category-entretenimento"],"_links":{"self":[{"href":"https:\/\/sgvaimudar.com.br\/index.php\/wp-json\/wp\/v2\/posts\/29398","targetHints":{"allow":["GET"]}}],"collection":[{"href":"https:\/\/sgvaimudar.com.br\/index.php\/wp-json\/wp\/v2\/posts"}],"about":[{"href":"https:\/\/sgvaimudar.com.br\/index.php\/wp-json\/wp\/v2\/types\/post"}],"author":[{"embeddable":true,"href":"https:\/\/sgvaimudar.com.br\/index.php\/wp-json\/wp\/v2\/users\/5"}],"replies":[{"embeddable":true,"href":"https:\/\/sgvaimudar.com.br\/index.php\/wp-json\/wp\/v2\/comments?post=29398"}],"version-history":[{"count":1,"href":"https:\/\/sgvaimudar.com.br\/index.php\/wp-json\/wp\/v2\/posts\/29398\/revisions"}],"predecessor-version":[{"id":29401,"href":"https:\/\/sgvaimudar.com.br\/index.php\/wp-json\/wp\/v2\/posts\/29398\/revisions\/29401"}],"wp:featuredmedia":[{"embeddable":true,"href":"https:\/\/sgvaimudar.com.br\/index.php\/wp-json\/wp\/v2\/media\/29399"}],"wp:attachment":[{"href":"https:\/\/sgvaimudar.com.br\/index.php\/wp-json\/wp\/v2\/media?parent=29398"}],"wp:term":[{"taxonomy":"category","embeddable":true,"href":"https:\/\/sgvaimudar.com.br\/index.php\/wp-json\/wp\/v2\/categories?post=29398"},{"taxonomy":"post_tag","embeddable":true,"href":"https:\/\/sgvaimudar.com.br\/index.php\/wp-json\/wp\/v2\/tags?post=29398"}],"curies":[{"name":"wp","href":"https:\/\/api.w.org\/{rel}","templated":true}]}}