{"id":29392,"date":"2025-08-13T14:00:00","date_gmt":"2025-08-13T17:00:00","guid":{"rendered":"https:\/\/sgvaimudar.com.br\/?p=29392"},"modified":"2025-08-13T10:32:29","modified_gmt":"2025-08-13T13:32:29","slug":"itaborai-empossa-secretario-da-nova-secretaria-municipal-de-justica-e-cidadania","status":"publish","type":"post","link":"https:\/\/sgvaimudar.com.br\/index.php\/2025\/08\/13\/itaborai-empossa-secretario-da-nova-secretaria-municipal-de-justica-e-cidadania\/","title":{"rendered":"Itabora\u00ed empossa secret\u00e1rio da nova Secretaria Municipal de Justi\u00e7a e Cidadania"},"content":{"rendered":"\n<p><em>A nova pasta foi institu\u00edda pela Lei Complementar n\u00ba 304, de 15 de abril de 2025<\/em><\/p>\n\n\n\n<p>O Sal\u00e3o Nobre da Prefeitura de Itabora\u00ed recebeu, na manh\u00e3 desta ter\u00e7a-feira (12\/08),  autoridades, familiares e convidados para a cerim\u00f4nia de posse do primeiro secret\u00e1rio municipal da rec\u00e9m-criada Secretaria Municipal de Justi\u00e7a e Cidadania (Semjusc), Dr. Almir Carvalho.<\/p>\n\n\n\n<p>A pasta \u00e9 respons\u00e1vel por articular as rela\u00e7\u00f5es entre o Executivo e institui\u00e7\u00f5es do sistema de justi\u00e7a, como o Judici\u00e1rio, o Minist\u00e9rio P\u00fablico, a Defensoria P\u00fablica e a Ordem dos Advogados do Brasil, al\u00e9m de promover pol\u00edticas p\u00fablicas voltadas ao acesso \u00e0 justi\u00e7a, \u00e0 defesa dos direitos humanos, \u00e0 cidadania e \u00e0 prote\u00e7\u00e3o do consumidor.<\/p>\n\n\n\n<p>Durante a solenidade, o prefeito Marcelo Delaroli formalizou a assinatura do termo de posse e entregou o colete institucional ao novo secret\u00e1rio.<\/p>\n\n\n\n<p>\u201cN\u00f3s conversamos nos bastidores sobre o que o Dr\u00b0 Almir representa para todos n\u00f3s. Dar esse passo, enche nossos cora\u00e7\u00f5es de alegria. Todos que est\u00e3o aqui hoje reconhecem o que ele fez ao longo da vida, sua postura elevada e, ao mesmo tempo, simples e comprometida. Ter uma pessoa como o Almir na nossa equipe nos envaidece e nos d\u00e1 a certeza de que estamos no caminho certo. Tenho certeza de que o Dr. Almir n\u00e3o aceitaria esse desafio se n\u00e3o visse que esta \u00e9 uma prefeitura comprometida e trabalhadora\u201d, afirmou Marcelo Delaroli.<\/p>\n\n\n\n<p>O secret\u00e1rio empossado, Dr. Almir Carvalho, agradeceu a confian\u00e7a e reafirmou o compromisso com a miss\u00e3o da nova pasta.<\/p>\n\n\n\n<p>\u201cEstou muito emocionado, como muitos j\u00e1 perceberam. Essa posse \u00e9 algo inusitado, jamais esperado ou sonhado. Ao encerrar minha carreira de magistrado, que tanto amei e exerci at\u00e9 o limite permitido por lei, imaginei que seguiria outros caminhos. Ainda como juiz, no dia 17 de janeiro, o prefeito me convidou para fazer parte do governo, sem dizer em qual fun\u00e7\u00e3o. N\u00e3o imaginei que seria para assumir uma secretaria como esta. Recebi convites para outros cargos, mas n\u00e3o aceitei porque n\u00e3o era minha \u00e1rea. Quando surgiu a Semjusc, percebi que poderia, sim, contribuir com a minha experi\u00eancia.<br>Assumo com humildade, pronto para servir \u00e0 popula\u00e7\u00e3o e honrar essa confian\u00e7a\u201d, declarou o novo secret\u00e1rio.<\/p>\n\n\n\n<p>O deputado estadual Guilherme Delaroli destacou o car\u00e1ter inovador da cria\u00e7\u00e3o da Semjusc e a import\u00e2ncia do novo secret\u00e1rio.<\/p>\n\n\n\n<p>\u201cAgrade\u00e7o muito ao senhor, Dr. Almir, por ter aceitado o convite do nosso prefeito. Itabora\u00ed hoje est\u00e1 em festa. Ao olhar para o semblante das pessoas aqui presentes, percebi a admira\u00e7\u00e3o e o carinho que todos t\u00eam pelo senhor. Desde a primeira vez que o vi, o senhor me inspirou pela simplicidade e pela forma respeitosa de tratar todos. Nosso trabalho \u00e9 transformar a vida do povo, e o senhor chega para fortalecer essa miss\u00e3o. Encontramos uma cidade desanimada e, hoje, o povo olha para frente com esperan\u00e7a e orgulho. Agrade\u00e7o tamb\u00e9m a todos os secret\u00e1rios, que enfrentam os desafios administrativos e seguem firmes, trabalhando com dedica\u00e7\u00e3o. Aqui, os poderes caminham em harmonia para trazer dignidade ao nosso povo. Estamos muito honrados com sua presen\u00e7a. Sinta-se abra\u00e7ado e parte da nossa fam\u00edlia\u201d, finalizou o deputado.<\/p>\n\n\n\n<p>A cerim\u00f4nia tamb\u00e9m contou com homenagens, e um momento surpresa conduzido pelo juiz da Comarca de Mag\u00e9, Dr. Victor Moreira, que destacou a relev\u00e2ncia do trabalho do novo secret\u00e1rio ao longo de sua trajet\u00f3ria.<\/p>\n\n\n\n<p>Com o ato, a Prefeitura reafirma seu compromisso com a inova\u00e7\u00e3o administrativa e a amplia\u00e7\u00e3o do acesso \u00e0 justi\u00e7a, iniciando uma nova etapa na gest\u00e3o p\u00fablica municipal.<\/p>\n\n\n\n<p><strong><em>S\u00e3o Gon\u00e7alo vai mudar: Not\u00edcias de S\u00e3o Gon\u00e7alo e toda regi\u00e3o.<\/em><\/strong><\/p>\n\n\n\n<figure class=\"wp-block-image size-large\"><img fetchpriority=\"high\" decoding=\"async\" width=\"1024\" height=\"252\" src=\"https:\/\/sgvaimudar.com.br\/wp-content\/uploads\/2025\/03\/Anuncie-Aqui-Sao-Goncalo-vai-mudar-1024x252.jpg\" alt=\"\" class=\"wp-image-22693\" srcset=\"https:\/\/sgvaimudar.com.br\/wp-content\/uploads\/2025\/03\/Anuncie-Aqui-Sao-Goncalo-vai-mudar-1024x252.jpg 1024w, https:\/\/sgvaimudar.com.br\/wp-content\/uploads\/2025\/03\/Anuncie-Aqui-Sao-Goncalo-vai-mudar-300x74.jpg 300w, https:\/\/sgvaimudar.com.br\/wp-content\/uploads\/2025\/03\/Anuncie-Aqui-Sao-Goncalo-vai-mudar-768x189.jpg 768w, https:\/\/sgvaimudar.com.br\/wp-content\/uploads\/2025\/03\/Anuncie-Aqui-Sao-Goncalo-vai-mudar-1536x378.jpg 1536w, https:\/\/sgvaimudar.com.br\/wp-content\/uploads\/2025\/03\/Anuncie-Aqui-Sao-Goncalo-vai-mudar-2048x504.jpg 2048w\" sizes=\"(max-width: 1024px) 100vw, 1024px\" \/><\/figure>\n","protected":false},"excerpt":{"rendered":"<p>A nova pasta foi institu\u00edda pela Lei Complementar n\u00ba 304, de 15 de abril de 2025 O Sal\u00e3o Nobre da&hellip;<\/p>\n","protected":false},"author":5,"featured_media":29393,"comment_status":"open","ping_status":"open","sticky":false,"template":"","format":"standard","meta":{"fifu_image_url":"","fifu_image_alt":"","footnotes":""},"categories":[36],"tags":[],"class_list":["post-29392","post","type-post","status-publish","format-standard","has-post-thumbnail","hentry","category-bem-estar"],"_links":{"self":[{"href":"https:\/\/sgvaimudar.com.br\/index.php\/wp-json\/wp\/v2\/posts\/29392","targetHints":{"allow":["GET"]}}],"collection":[{"href":"https:\/\/sgvaimudar.com.br\/index.php\/wp-json\/wp\/v2\/posts"}],"about":[{"href":"https:\/\/sgvaimudar.com.br\/index.php\/wp-json\/wp\/v2\/types\/post"}],"author":[{"embeddable":true,"href":"https:\/\/sgvaimudar.com.br\/index.php\/wp-json\/wp\/v2\/users\/5"}],"replies":[{"embeddable":true,"href":"https:\/\/sgvaimudar.com.br\/index.php\/wp-json\/wp\/v2\/comments?post=29392"}],"version-history":[{"count":1,"href":"https:\/\/sgvaimudar.com.br\/index.php\/wp-json\/wp\/v2\/posts\/29392\/revisions"}],"predecessor-version":[{"id":29394,"href":"https:\/\/sgvaimudar.com.br\/index.php\/wp-json\/wp\/v2\/posts\/29392\/revisions\/29394"}],"wp:featuredmedia":[{"embeddable":true,"href":"https:\/\/sgvaimudar.com.br\/index.php\/wp-json\/wp\/v2\/media\/29393"}],"wp:attachment":[{"href":"https:\/\/sgvaimudar.com.br\/index.php\/wp-json\/wp\/v2\/media?parent=29392"}],"wp:term":[{"taxonomy":"category","embeddable":true,"href":"https:\/\/sgvaimudar.com.br\/index.php\/wp-json\/wp\/v2\/categories?post=29392"},{"taxonomy":"post_tag","embeddable":true,"href":"https:\/\/sgvaimudar.com.br\/index.php\/wp-json\/wp\/v2\/tags?post=29392"}],"curies":[{"name":"wp","href":"https:\/\/api.w.org\/{rel}","templated":true}]}}