{"id":29390,"date":"2025-08-13T13:00:00","date_gmt":"2025-08-13T16:00:00","guid":{"rendered":"https:\/\/sgvaimudar.com.br\/?p=29390"},"modified":"2025-08-13T10:15:51","modified_gmt":"2025-08-13T13:15:51","slug":"segundo-isp-letalidade-violenta-tem-queda-de-20-em-julho-no-rio","status":"publish","type":"post","link":"https:\/\/sgvaimudar.com.br\/index.php\/2025\/08\/13\/segundo-isp-letalidade-violenta-tem-queda-de-20-em-julho-no-rio\/","title":{"rendered":"Segundo ISP, letalidade violenta tem queda de 20% em julho no Rio"},"content":{"rendered":"\n<p><em>Roubo de ve\u00edculo, carga, em coletivo e a transeunte tamb\u00e9m tiveram redu\u00e7\u00e3o<\/em><\/p>\n\n\n\n<p>O Estado do Rio de Janeiro registrou, em julho de 2025, queda de 20,5% na letalidade violenta em rela\u00e7\u00e3o ao mesmo m\u00eas do ano anterior. Segundo dados do Instituto de Seguran\u00e7a P\u00fablica (ISP), foram 237 v\u00edtimas contra 298 em julho de 2024 \u2014 61 mortes a menos. No acumulado de janeiro a julho, a redu\u00e7\u00e3o foi de 1,3%. <\/p>\n\n\n\n<p>O homic\u00eddio doloso (intencional) caiu 14,4% no m\u00eas, enquanto as mortes por interven\u00e7\u00e3o de agente do estado tiveram diminui\u00e7\u00e3o de 40,5%, passando de 79 para 47 casos \u2014 32 a menos. No acumulado do ano, esse indicador estrat\u00e9gico recuou 5,8%.<\/p>\n\n\n\n<p>Os crimes contra o patrim\u00f4nio tamb\u00e9m apresentaram queda. O roubo de ve\u00edculo passou de 2.252 ocorr\u00eancias em julho de 2024 para 1.797 no mesmo m\u00eas de 2025, recuo de 20,2%. No acumulado de janeiro a julho, a redu\u00e7\u00e3o foi de 11,6%. O roubo em coletivo caiu 39,2% no m\u00eas, com 206 ocorr\u00eancias a menos. O roubo a transeunte tamb\u00e9m apresentou retra\u00e7\u00e3o, com queda de 10% em julho, totalizando 2.297 registros \u2014 258 a menos que no mesmo per\u00edodo de 2024; no acumulado do ano, a diminui\u00e7\u00e3o foi de 79 ocorr\u00eancias. J\u00e1 o roubo de carga reduziu 3,8% no m\u00eas.<\/p>\n\n\n\n<p>&#8211; Nossas for\u00e7as de seguran\u00e7a continuam trabalhando de forma integrada para reduzir cada vez mais a ocorr\u00eancia de crimes, sejam contra a vida ou contra o patrim\u00f4nio. E continuaremos a investir em tecnologia para que sejam alcan\u00e7ados resultados ainda melhores,&nbsp; levando mais seguran\u00e7a para a popula\u00e7\u00e3o &#8211; disse o governador Cl\u00e1udio Castro.<\/p>\n\n\n\n<p>Em julho, a produtividade policial tamb\u00e9m apresentou resultados positivos. As for\u00e7as de seguran\u00e7a apreenderam 71 fuzis no m\u00eas, 12 a mais que no mesmo per\u00edodo de 2024, o que representa um aumento de 20,3% \u2014 m\u00e9dia de duas armas retiradas das ruas por dia. No acumulado de janeiro a julho, a alta foi de 7%, o maior \u00edndice para o per\u00edodo desde o in\u00edcio da s\u00e9rie hist\u00f3rica, em 2007. A recupera\u00e7\u00e3o de ve\u00edculos tamb\u00e9m avan\u00e7ou: foram 10.095 ocorr\u00eancias nos sete primeiros meses do ano, crescimento de 5%, uma m\u00e9dia de 47 recupera\u00e7\u00f5es por dia. Nos sete primeiros meses do ano, foram realizadas, em m\u00e9dia, 115 pris\u00f5es por dia, al\u00e9m do cumprimento di\u00e1rio de 32 mandados de pris\u00e3o.<\/p>\n\n\n\n<p>&#8211; O acompanhamento permanente dos indicadores e a atua\u00e7\u00e3o estrat\u00e9gica s\u00e3o fundamentais para manter e ampliar esses avan\u00e7os, assim como o refor\u00e7o nas a\u00e7\u00f5es que resultaram na retirada de dezenas de fuzis de circula\u00e7\u00e3o neste m\u00eas&#8221;, destacou a presidente do ISP, Marcela Ortiz, sobre a import\u00e2ncia dos resultados.<\/p>\n\n\n\n<p><strong>Resumo dos indicadores:<\/strong><\/p>\n\n\n\n<p>Letalidade violenta: 237 mortes em julho de 2025, queda de 20,5% em rela\u00e7\u00e3o a julho de 2024, quando houve 298 v\u00edtimas. No acumulado do ano, a redu\u00e7\u00e3o foi de 1,3%.<\/p>\n\n\n\n<p>Homic\u00eddio doloso: 178 mortes em julho de 2025, redu\u00e7\u00e3o de 14,4% em compara\u00e7\u00e3o a julho de 2024, que registrou 208 casos.<\/p>\n\n\n\n<p>Mortes por interven\u00e7\u00e3o de agente do Estado: 47 mortes em julho de 2025, diminui\u00e7\u00e3o de 32 mortes em rela\u00e7\u00e3o ao mesmo per\u00edodo de 2024. No acumulado do ano, a queda foi de 5,8%, passando de 446 para 420 mortes.<\/p>\n\n\n\n<p>Apreens\u00e3o de fuzis: 71 armas retiradas das ruas em julho de 2025, aumento de 20,3% em rela\u00e7\u00e3o \u00e0s 59 apreens\u00f5es no mesmo m\u00eas de 2024. M\u00e9dia de 2 apreens\u00f5es por dia. No acumulado do ano, crescimento de 7%, o maior \u00edndice para o per\u00edodo desde o in\u00edcio da s\u00e9rie hist\u00f3rica em 2007.<\/p>\n\n\n\n<p>Recupera\u00e7\u00e3o de ve\u00edculos: 10.095 ocorr\u00eancias entre janeiro e julho de 2025, alta de 5% em rela\u00e7\u00e3o ao mesmo per\u00edodo de 2024, m\u00e9dia de 47 recupera\u00e7\u00f5es por dia.<\/p>\n\n\n\n<p>Pris\u00f5es em flagrante: 24.511 pris\u00f5es entre janeiro e julho de 2025. M\u00e9dia di\u00e1ria de 115 pris\u00f5es nos sete primeiros meses de 2025.<\/p>\n\n\n\n<p>Cumprimento de mandados de pris\u00e3o: 6.868 cumprimentos entre janeiro e julho de 2025. M\u00e9dia de 32 mandados cumpridos por dia no acumulado do ano.<\/p>\n\n\n\n<p>Roubo de ve\u00edculo: 1.797 registros em julho de 2025, queda de 20,2% frente aos 2.252 casos de julho de 2024. No acumulado do ano, a redu\u00e7\u00e3o foi de 11,6%, com 13.533 ocorr\u00eancias contra 15.316 no mesmo per\u00edodo do ano anterior.<\/p>\n\n\n\n<p>Roubo em coletivo: 320 registros em julho de 2025, queda de 39,2% em compara\u00e7\u00e3o \u00e0s 526 ocorr\u00eancias de julho de 2024.<\/p>\n\n\n\n<p>Roubo a transeunte: 2.297 registros em julho de 2025, queda de 10% em rela\u00e7\u00e3o a julho de 2024, com 2.555 ocorr\u00eancias. No acumulado do ano, a redu\u00e7\u00e3o foi de 79 registros.<\/p>\n\n\n\n<p>Roubo de carga: 228 registros em julho de 2025, queda de 3,8% em compara\u00e7\u00e3o \u00e0s 237 ocorr\u00eancias de julho de 2024.<\/p>\n\n\n\n<p>Os dados divulgados pelo Instituto de Seguran\u00e7a P\u00fablica s\u00e3o referentes aos Registros de Ocorr\u00eancia (RO) lavrados nas delegacias de Pol\u00edcia Civil do Estado do Rio de Janeiro durante o m\u00eas de julho.<\/p>\n\n\n\n<p><strong><em>Fa\u00e7a sua den\u00fancia pelo nosso WhatsApp: (21) <\/em><\/strong><strong><em>99744 5345<\/em><\/strong><strong><em><\/em><\/strong><\/p>\n\n\n\n<p><strong><em>S\u00e3o Gon\u00e7alo vai mudar: Not\u00edcias de S\u00e3o Gon\u00e7alo e toda regi\u00e3o.<\/em><\/strong><\/p>\n\n\n\n<figure class=\"wp-block-image size-large\"><img fetchpriority=\"high\" decoding=\"async\" width=\"1024\" height=\"252\" src=\"https:\/\/sgvaimudar.com.br\/wp-content\/uploads\/2025\/03\/Anuncie-Aqui-Sao-Goncalo-vai-mudar-1024x252.jpg\" alt=\"\" class=\"wp-image-22693\" srcset=\"https:\/\/sgvaimudar.com.br\/wp-content\/uploads\/2025\/03\/Anuncie-Aqui-Sao-Goncalo-vai-mudar-1024x252.jpg 1024w, https:\/\/sgvaimudar.com.br\/wp-content\/uploads\/2025\/03\/Anuncie-Aqui-Sao-Goncalo-vai-mudar-300x74.jpg 300w, https:\/\/sgvaimudar.com.br\/wp-content\/uploads\/2025\/03\/Anuncie-Aqui-Sao-Goncalo-vai-mudar-768x189.jpg 768w, https:\/\/sgvaimudar.com.br\/wp-content\/uploads\/2025\/03\/Anuncie-Aqui-Sao-Goncalo-vai-mudar-1536x378.jpg 1536w, https:\/\/sgvaimudar.com.br\/wp-content\/uploads\/2025\/03\/Anuncie-Aqui-Sao-Goncalo-vai-mudar-2048x504.jpg 2048w\" sizes=\"(max-width: 1024px) 100vw, 1024px\" \/><\/figure>\n","protected":false},"excerpt":{"rendered":"<p>Roubo de ve\u00edculo, carga, em coletivo e a transeunte tamb\u00e9m tiveram redu\u00e7\u00e3o O Estado do Rio de Janeiro registrou, em&hellip;<\/p>\n","protected":false},"author":5,"featured_media":10485,"comment_status":"open","ping_status":"open","sticky":false,"template":"","format":"standard","meta":{"fifu_image_url":"","fifu_image_alt":"","footnotes":""},"categories":[32],"tags":[],"class_list":["post-29390","post","type-post","status-publish","format-standard","has-post-thumbnail","hentry","category-casos-de-policia"],"_links":{"self":[{"href":"https:\/\/sgvaimudar.com.br\/index.php\/wp-json\/wp\/v2\/posts\/29390","targetHints":{"allow":["GET"]}}],"collection":[{"href":"https:\/\/sgvaimudar.com.br\/index.php\/wp-json\/wp\/v2\/posts"}],"about":[{"href":"https:\/\/sgvaimudar.com.br\/index.php\/wp-json\/wp\/v2\/types\/post"}],"author":[{"embeddable":true,"href":"https:\/\/sgvaimudar.com.br\/index.php\/wp-json\/wp\/v2\/users\/5"}],"replies":[{"embeddable":true,"href":"https:\/\/sgvaimudar.com.br\/index.php\/wp-json\/wp\/v2\/comments?post=29390"}],"version-history":[{"count":1,"href":"https:\/\/sgvaimudar.com.br\/index.php\/wp-json\/wp\/v2\/posts\/29390\/revisions"}],"predecessor-version":[{"id":29391,"href":"https:\/\/sgvaimudar.com.br\/index.php\/wp-json\/wp\/v2\/posts\/29390\/revisions\/29391"}],"wp:featuredmedia":[{"embeddable":true,"href":"https:\/\/sgvaimudar.com.br\/index.php\/wp-json\/wp\/v2\/media\/10485"}],"wp:attachment":[{"href":"https:\/\/sgvaimudar.com.br\/index.php\/wp-json\/wp\/v2\/media?parent=29390"}],"wp:term":[{"taxonomy":"category","embeddable":true,"href":"https:\/\/sgvaimudar.com.br\/index.php\/wp-json\/wp\/v2\/categories?post=29390"},{"taxonomy":"post_tag","embeddable":true,"href":"https:\/\/sgvaimudar.com.br\/index.php\/wp-json\/wp\/v2\/tags?post=29390"}],"curies":[{"name":"wp","href":"https:\/\/api.w.org\/{rel}","templated":true}]}}