{"id":29375,"date":"2025-08-13T11:00:00","date_gmt":"2025-08-13T14:00:00","guid":{"rendered":"https:\/\/sgvaimudar.com.br\/?p=29375"},"modified":"2025-08-13T09:36:02","modified_gmt":"2025-08-13T12:36:02","slug":"secretaria-de-saude-de-sao-goncalo-amplia-acesso-a-diagnostico-e-tratamento-da-tuberculose","status":"publish","type":"post","link":"https:\/\/sgvaimudar.com.br\/index.php\/2025\/08\/13\/secretaria-de-saude-de-sao-goncalo-amplia-acesso-a-diagnostico-e-tratamento-da-tuberculose\/","title":{"rendered":"Secretaria de Sa\u00fade de S\u00e3o Gon\u00e7alo amplia acesso a diagn\u00f3stico e tratamento da tuberculose"},"content":{"rendered":"\n<p><em>Profissionais da Aten\u00e7\u00e3o B\u00e1sica participam de semin\u00e1rio sobre a doen\u00e7a<\/em><\/p>\n\n\n\n<p>A coordena\u00e7\u00e3o do Programa de Controle da Tuberculose da Secretaria de Sa\u00fade da Prefeitura de S\u00e3o Gon\u00e7alo realizou o semin\u00e1rio \u201cTuberculose: conhecer, diagnosticar, tratar e prevenir\u201d na Universidade Est\u00e1cio de S\u00e1, em Alc\u00e2ntara, nesta ter\u00e7a-feira (12). <\/p>\n\n\n\n<p>O evento foi direcionado para os profissionais da Aten\u00e7\u00e3o B\u00e1sica e diretores de departamentos que trabalham com a tuberculose na rede municipal de sa\u00fade da cidade.<\/p>\n\n\n\n<figure class=\"wp-block-image size-full\"><img fetchpriority=\"high\" decoding=\"async\" width=\"1024\" height=\"681\" src=\"https:\/\/sgvaimudar.com.br\/wp-content\/uploads\/2025\/08\/unnamed-5-7.jpg\" alt=\"\" class=\"wp-image-29376\" srcset=\"https:\/\/sgvaimudar.com.br\/wp-content\/uploads\/2025\/08\/unnamed-5-7.jpg 1024w, https:\/\/sgvaimudar.com.br\/wp-content\/uploads\/2025\/08\/unnamed-5-7-300x200.jpg 300w, https:\/\/sgvaimudar.com.br\/wp-content\/uploads\/2025\/08\/unnamed-5-7-768x511.jpg 768w\" sizes=\"(max-width: 1024px) 100vw, 1024px\" \/><\/figure>\n\n\n\n<p>O secret\u00e1rio municipal de Sa\u00fade, Gabriel Mello, destacou o crescimento do tratamento de tuberculose na cidade. <\/p>\n\n\n\n<p>\u201cEstamos avan\u00e7ando muito no diagn\u00f3stico e tratamento da tuberculose em S\u00e3o Gon\u00e7alo. N\u00f3s, gestores, planejamos as estrat\u00e9gias, mas precisamos de voc\u00eas da ponta para efetivamente atender a popula\u00e7\u00e3o. Descentralizamos toda a linha de cuidados e conseguimos aumentar a efetividade no tratamento. Fazemos buscas ativas naqueles que abandonam. Sei que \u00e9 dif\u00edcil, mas n\u00e3o desistam. A sa\u00fade p\u00fablica tem que ser tratada com pessoas comprometidas como voc\u00eas\u201d, disse o secret\u00e1rio, na abertura do semin\u00e1rio.&nbsp;<\/p>\n\n\n\n<p>O evento faz parte da Campanha Agosto Laranja \u2013 m\u00eas estadual de mobiliza\u00e7\u00e3o no combate \u00e0 tuberculose \u2013 e marca o Dia Estadual de Conscientiza\u00e7\u00e3o, Mobiliza\u00e7\u00e3o e Combate \u00e0 Tuberculose, institu\u00eddo pela lei estadual 5.054\/2007 e celebrado oficialmente no dia 6 de agosto. O objetivo \u00e9 qualificar os servidores municipais que trabalham nos atendimentos da rede b\u00e1sica de sa\u00fade para a descentraliza\u00e7\u00e3o dos servi\u00e7os, o que vem acontecendo na cidade desde o ano passado.&nbsp;&nbsp;&nbsp;<\/p>\n\n\n\n<p>\u201cQue este semin\u00e1rio sirva para a gente sair daqui com as novidades e com g\u00e1s para colocar em pr\u00e1tica tudo que a gente escutou hoje. N\u00e3o adianta a gente ouvir e guardar. As pessoas precisam saber que o tratamento \u00e9 eficaz e que tem cura. Tamb\u00e9m precisamos combater o preconceito com informa\u00e7\u00e3o. Que a gente consiga, cada vez mais, melhorar o acesso e o tratamento para a popula\u00e7\u00e3o\u201d, orientou a superintendente de Sa\u00fade Coletiva da secretaria, Juliana Galdino.<\/p>\n\n\n\n<p>A tuberculose \u00e9 uma doen\u00e7a infectocontagiosa, transmitida por vias a\u00e9reas e afeta primariamente os pulm\u00f5es, mas pode acometer outros \u00f3rg\u00e3os e sistemas. Ela \u00e9 transmitida atrav\u00e9s da tosse, espirro e fala de uma pessoa contaminada. O simples uso de m\u00e1scaras impede a contamina\u00e7\u00e3o, n\u00e3o s\u00f3 da tuberculose, mas de tantas outras doen\u00e7as respirat\u00f3rias, principalmente nos ambientes fechados. A doen\u00e7a n\u00e3o \u00e9 transmitida atrav\u00e9s do uso de utens\u00edlios dom\u00e9sticos limpos.&nbsp;<\/p>\n\n\n\n<p>\u201cAvan\u00e7amos e crescemos no assunto tuberculose em S\u00e3o Gon\u00e7alo. E, neste semin\u00e1rio, vamos discutir sobre o assunto, conhecer mais. Espero que o dia seja muito proveitoso. Anteriormente, os exames eram feitos em cinco unidades. Em 2024, passamos para 35 USFs. E este ano, todas as unidades da Aten\u00e7\u00e3o B\u00e1sica est\u00e3o capacitadas para a realiza\u00e7\u00e3o da consulta e dos exames para a detec\u00e7\u00e3o da tuberculose no paciente sintom\u00e1tico. Isso \u00e9 muito significativo. O tratamento tamb\u00e9m teve o atendimento ampliado de quatro para 26 pontos de sa\u00fade. Por isso, a capacita\u00e7\u00e3o \u00e9 constante e necess\u00e1ria\u201d, explicou a coordenadora do programa, Rozania Maria Ferreira de Castro.&nbsp;<\/p>\n\n\n\n<p><em>Foto: Julio Diniz<\/em><\/p>\n\n\n\n<p><strong><em>S\u00e3o Gon\u00e7alo vai mudar: Not\u00edcias de S\u00e3o Gon\u00e7alo e toda regi\u00e3o.<\/em><\/strong><\/p>\n\n\n\n<figure class=\"wp-block-image size-large\"><img decoding=\"async\" width=\"1024\" height=\"252\" src=\"https:\/\/sgvaimudar.com.br\/wp-content\/uploads\/2025\/03\/Anuncie-Aqui-Sao-Goncalo-vai-mudar-1024x252.jpg\" alt=\"\" class=\"wp-image-22693\" srcset=\"https:\/\/sgvaimudar.com.br\/wp-content\/uploads\/2025\/03\/Anuncie-Aqui-Sao-Goncalo-vai-mudar-1024x252.jpg 1024w, https:\/\/sgvaimudar.com.br\/wp-content\/uploads\/2025\/03\/Anuncie-Aqui-Sao-Goncalo-vai-mudar-300x74.jpg 300w, https:\/\/sgvaimudar.com.br\/wp-content\/uploads\/2025\/03\/Anuncie-Aqui-Sao-Goncalo-vai-mudar-768x189.jpg 768w, https:\/\/sgvaimudar.com.br\/wp-content\/uploads\/2025\/03\/Anuncie-Aqui-Sao-Goncalo-vai-mudar-1536x378.jpg 1536w, https:\/\/sgvaimudar.com.br\/wp-content\/uploads\/2025\/03\/Anuncie-Aqui-Sao-Goncalo-vai-mudar-2048x504.jpg 2048w\" sizes=\"(max-width: 1024px) 100vw, 1024px\" \/><\/figure>\n","protected":false},"excerpt":{"rendered":"<p>Profissionais da Aten\u00e7\u00e3o B\u00e1sica participam de semin\u00e1rio sobre a doen\u00e7a A coordena\u00e7\u00e3o do Programa de Controle da Tuberculose da Secretaria&hellip;<\/p>\n","protected":false},"author":5,"featured_media":29377,"comment_status":"open","ping_status":"open","sticky":false,"template":"","format":"standard","meta":{"fifu_image_url":"","fifu_image_alt":"","footnotes":""},"categories":[7],"tags":[],"class_list":["post-29375","post","type-post","status-publish","format-standard","has-post-thumbnail","hentry","category-saude"],"_links":{"self":[{"href":"https:\/\/sgvaimudar.com.br\/index.php\/wp-json\/wp\/v2\/posts\/29375","targetHints":{"allow":["GET"]}}],"collection":[{"href":"https:\/\/sgvaimudar.com.br\/index.php\/wp-json\/wp\/v2\/posts"}],"about":[{"href":"https:\/\/sgvaimudar.com.br\/index.php\/wp-json\/wp\/v2\/types\/post"}],"author":[{"embeddable":true,"href":"https:\/\/sgvaimudar.com.br\/index.php\/wp-json\/wp\/v2\/users\/5"}],"replies":[{"embeddable":true,"href":"https:\/\/sgvaimudar.com.br\/index.php\/wp-json\/wp\/v2\/comments?post=29375"}],"version-history":[{"count":3,"href":"https:\/\/sgvaimudar.com.br\/index.php\/wp-json\/wp\/v2\/posts\/29375\/revisions"}],"predecessor-version":[{"id":29381,"href":"https:\/\/sgvaimudar.com.br\/index.php\/wp-json\/wp\/v2\/posts\/29375\/revisions\/29381"}],"wp:featuredmedia":[{"embeddable":true,"href":"https:\/\/sgvaimudar.com.br\/index.php\/wp-json\/wp\/v2\/media\/29377"}],"wp:attachment":[{"href":"https:\/\/sgvaimudar.com.br\/index.php\/wp-json\/wp\/v2\/media?parent=29375"}],"wp:term":[{"taxonomy":"category","embeddable":true,"href":"https:\/\/sgvaimudar.com.br\/index.php\/wp-json\/wp\/v2\/categories?post=29375"},{"taxonomy":"post_tag","embeddable":true,"href":"https:\/\/sgvaimudar.com.br\/index.php\/wp-json\/wp\/v2\/tags?post=29375"}],"curies":[{"name":"wp","href":"https:\/\/api.w.org\/{rel}","templated":true}]}}