{"id":29369,"date":"2025-08-13T10:00:00","date_gmt":"2025-08-13T13:00:00","guid":{"rendered":"https:\/\/sgvaimudar.com.br\/?p=29369"},"modified":"2025-08-13T09:18:42","modified_gmt":"2025-08-13T12:18:42","slug":"sao-goncalo-vacina-jovens-entre-15-e-19-anos-contra-o-hpv","status":"publish","type":"post","link":"https:\/\/sgvaimudar.com.br\/index.php\/2025\/08\/13\/sao-goncalo-vacina-jovens-entre-15-e-19-anos-contra-o-hpv\/","title":{"rendered":"S\u00e3o Gon\u00e7alo vacina jovens entre 15 e 19 anos contra o HPV"},"content":{"rendered":"\n<p><em>Imunizante continua dispon\u00edvel para as idades entre 9 e 14 anos<\/em><\/p>\n\n\n\n<p>A Secretaria de Sa\u00fade da Prefeitura S\u00e3o Gon\u00e7alo disse que vai refor\u00e7ar a vacina\u00e7\u00e3o com o imunizante HPV. A inten\u00e7\u00e3o \u00e9 mobilizar adolescentes e jovens entre 15 e 19 anos que ainda n\u00e3o tomaram a vacina para procurar as unidades de sa\u00fade. <\/p>\n\n\n\n<p>O imunizante continua dispon\u00edvel para as idades de 9 a 14 anos. Estas idades j\u00e1 s\u00e3o contempladas pelo Programa Nacional de Imuniza\u00e7\u00e3o (PNI) e t\u00eam a vacina no calend\u00e1rio de rotina.\u00a0<\/p>\n\n\n\n<figure class=\"wp-block-image size-large\"><img fetchpriority=\"high\" decoding=\"async\" width=\"819\" height=\"1024\" src=\"https:\/\/sgvaimudar.com.br\/wp-content\/uploads\/2025\/08\/unnamed-3-8-819x1024.jpg\" alt=\"\" class=\"wp-image-29370\" srcset=\"https:\/\/sgvaimudar.com.br\/wp-content\/uploads\/2025\/08\/unnamed-3-8-819x1024.jpg 819w, https:\/\/sgvaimudar.com.br\/wp-content\/uploads\/2025\/08\/unnamed-3-8-240x300.jpg 240w, https:\/\/sgvaimudar.com.br\/wp-content\/uploads\/2025\/08\/unnamed-3-8-768x960.jpg 768w, https:\/\/sgvaimudar.com.br\/wp-content\/uploads\/2025\/08\/unnamed-3-8.jpg 1080w\" sizes=\"(max-width: 819px) 100vw, 819px\" \/><\/figure>\n\n\n\n<p>Os adolescentes e jovens podem procurar 60 unidades de sa\u00fade. A maioria vacina de segunda a sexta, das 8h \u00e0s 17h. As cl\u00ednicas municipais da Fam\u00edlia Dr. Zerbini, no Arsenal; e Gon\u00e7alense do Mutondo; t\u00eam hor\u00e1rio diferenciado e atendem, durante a semana, das 8h \u00e0s 21h e aos s\u00e1bados, das 8h \u00e0s 12h. Os gon\u00e7alenses devem chegar meia hora antes do fim do expediente em todas as unidades.&nbsp;&nbsp;<\/p>\n\n\n\n<p>O HPV \u00e9 a mais frequente Infec\u00e7\u00e3o Sexualmente Transmiss\u00edvel (IST) no mundo e \u00e9 um dos principais respons\u00e1veis por diferentes tipos de c\u00e2nceres. A vacina contra o HPV est\u00e1 dispon\u00edvel para meninos e meninas entre 9 e 14 anos, 11 meses e 29 dias no PNI. <\/p>\n\n\n\n<p>Temporariamente, tamb\u00e9m pode ser aplicada nos jovens at\u00e9 19 anos, 11 meses e 29 dias que ainda n\u00e3o receberam a imuniza\u00e7\u00e3o. O mesmo vale para as v\u00edtimas de viol\u00eancia sexual entre 15 e 45 anos, que podem receber a vacina.\u00a0\u00a0<\/p>\n\n\n\n<p>Pessoas portadoras de papilomatose respirat\u00f3ria recorrente (PRR) a partir de dois anos; grupos com condi\u00e7\u00f5es cl\u00ednicas especiais at\u00e9 os 45 anos (pessoas vivendo com HIV\/AIDS, transplantados de \u00f3rg\u00e3os s\u00f3lidos ou medula \u00f3ssea, pacientes oncol\u00f3gicos) e os usu\u00e1rios de Profilaxia Pr\u00e9-Exposi\u00e7\u00e3o HIV\/Aids (Prep) entre 15 a 45 anos tamb\u00e9m podem se vacinar.<\/p>\n\n\n\n<p>Os grupos com condi\u00e7\u00f5es cl\u00ednicas especiais t\u00eam que fazer a solicita\u00e7\u00e3o da vacina na unidade de sa\u00fade mais pr\u00f3xima da sua resid\u00eancia, comprovando com laudo m\u00e9dico a comorbidade, indicando a vacina, segundo o Centro de Refer\u00eancia de Imunobiol\u00f3gicos Especiais (Crie). Os portadores de PRR devem ter prescri\u00e7\u00e3o m\u00e9dica para a imuniza\u00e7\u00e3o.&nbsp;<\/p>\n\n\n\n<p>Gestantes n\u00e3o podem receber a vacina. Elas devem aguardar o puerp\u00e9rio para a vacina\u00e7\u00e3o. E quem tem alergia a algum dos componentes da vacina HPV tamb\u00e9m n\u00e3o deve se vacinar. Os demais p\u00fablicos podem ir direto a uma unidade de sa\u00fade com a caderneta de vacina\u00e7\u00e3o, identidade e cart\u00e3o do Sistema \u00danico de Sa\u00fade (SUS) ou CPF.<\/p>\n\n\n\n<p>\u201cA preven\u00e7\u00e3o de v\u00e1rios tipos de c\u00e2nceres pode ser feita com a vacina. S\u00e3o mais de 200 tipos de HPV, que podem causar desde verrugas genitais e anais at\u00e9 o c\u00e2ncer de colo do \u00fatero, p\u00eanis, oral e anal em ambos os sexos. E j\u00e1 est\u00e1 provado, cientificamente, que a vacina pode reduzir em 87% as taxas da doen\u00e7a no \u00fatero. O ideal \u00e9 que a vacina\u00e7\u00e3o seja realizada antes do in\u00edcio da vida sexual e que a preven\u00e7\u00e3o tamb\u00e9m seja feita com o uso de preservativos, que protegem contra todas as ISTs\u201d, explicou a coordenadora de imuniza\u00e7\u00e3o da Semsadc, Ingrid Perni.&nbsp;<\/p>\n\n\n\n<p><strong>Locais de vacina\u00e7\u00e3o<\/strong><\/p>\n\n\n\n<p>1 \u2013 Polo Sanit\u00e1rio Paulo Marques Rangel, Porto do Rosa<\/p>\n\n\n\n<p>2 \u2013 USF Jardim Catarina I<\/p>\n\n\n\n<p>3 \u2013 USF Jos\u00e9 Avelino de Souza, Tribob\u00f3<\/p>\n\n\n\n<p>4 \u2013 USF Agenor Jos\u00e9 da Silva, Jardim Catarina<\/p>\n\n\n\n<p>5 \u2013 USF Louis Pasteur, Guaxindiba<\/p>\n\n\n\n<p>6 \u2013 Cl\u00ednica Gon\u00e7alense do Barro Vermelho<\/p>\n\n\n\n<p>7 \u2013 PAM Coelho<\/p>\n\n\n\n<p>8 \u2013 Polo Sanit\u00e1rio Washington Luiz Lopes, Z\u00e9 Garoto<\/p>\n\n\n\n<p>9 \u2013 USF David Capistrano, Ita\u00fana<\/p>\n\n\n\n<p>10 \u2013 USF Barbosa Lima Sobrinho, Boa Vista<\/p>\n\n\n\n<p>11 \u2013 Cl\u00ednica Municipal Gon\u00e7alense do Mutondo<\/p>\n\n\n\n<p>12 \u2013 USF Jos\u00e9 Bruno Neto, Boa Vista<\/p>\n\n\n\n<p>13 \u2013 USF Floren\u00e7a Pereira, Largo da Ideia<\/p>\n\n\n\n<p>14 \u2013 Polo Sanit\u00e1rio H\u00e9lio Cruz, Alc\u00e2ntara<\/p>\n\n\n\n<p>15 \u2013 USF Jos\u00e9 Jorge Cortes Freitas, Itaitindiba<\/p>\n\n\n\n<p>16 \u2013 Polo Sanit\u00e1rio Augusto Sena, Rio do Ouro<\/p>\n\n\n\n<p>17 \u2013 USF Anaia<\/p>\n\n\n\n<p>18 \u2013 USF Ana Nery, Gradim<\/p>\n\n\n\n<p>19 \u2013 Polo Sanit\u00e1rio Jorge Teixeira de Lima, Jardim Catarina<\/p>\n\n\n\n<p>20 \u2013 USF Mahatma Gandhi, Jardim Calif\u00f3rnia<\/p>\n\n\n\n<p>21 \u2013 USF Bento da Cruz, Porto Novo<\/p>\n\n\n\n<p>22 \u2013 USF Altair da Silva, Mutu\u00e1<\/p>\n\n\n\n<p>23 \u2013 USF Madre Teresa de Calcut\u00e1, Estrela do Norte<\/p>\n\n\n\n<p>24 \u2013 USF Juvenil Francisco Ribeiro, Engenho Pequeno<\/p>\n\n\n\n<p>25 \u2013 USF Fl\u00e1vio Henrique de Brito, J\u00f3quei<\/p>\n\n\n\n<p>26 \u2013 USF Irm\u00e3 Dulce, Trindade<\/p>\n\n\n\n<p>27 \u2013 USF Luiz Paulo Guimar\u00e3es, Laranjal<\/p>\n\n\n\n<p>28 \u2013 USF Gladys Rodrigues Ramos Freitas, Santa Isabel<\/p>\n\n\n\n<p>29 \u2013 USF Elza Borges, Santa Luzia<\/p>\n\n\n\n<p>30 \u2013 PAM Neves<\/p>\n\n\n\n<p>31 \u2013 USF Ary Teixeira, Jardim Bom Retiro<\/p>\n\n\n\n<p>32 \u2013 USF Luiz Carlos Prestes, Santa Catarina<\/p>\n\n\n\n<p>33 \u2013 USF Badger da Silveira, Tribob\u00f3<\/p>\n\n\n\n<p>34 \u2013 USF Haroldo Pereira Nunes, Porto Novo<\/p>\n\n\n\n<p>35 \u2013 Cl\u00ednica Municipal da Fam\u00edlia Dr. Zerbini, Arsenal<\/p>\n\n\n\n<p>36 \u2013 USF Alexander Fleming, Boa\u00e7u<\/p>\n\n\n\n<p>37 \u2013&nbsp;USF Bandeirantes<\/p>\n\n\n\n<p>38 \u2013 USF Tancredo Neves, Luiz Ca\u00e7ador<\/p>\n\n\n\n<p>39 \u2013 USF Geremias de Mattos Fontes, Jardim Bom Retiro<\/p>\n\n\n\n<p>40 \u2013 USF Quinta Dom Ricardo<\/p>\n\n\n\n<p>41 \u2013 USF Wally Figueira da Silva, Rocha<\/p>\n\n\n\n<p>42 \u2013 USF Hiparco Ferreira, Engenho do Ro\u00e7ado<\/p>\n\n\n\n<p>43 \u2013 USF Almerinda<\/p>\n\n\n\n<p>44 \u2013 USF Lu\u00edsa de Marilac, Novo M\u00e9xico<\/p>\n\n\n\n<p>45 \u2013 Cl\u00ednica Municipal Gon\u00e7alense do Coluband\u00ea<\/p>\n\n\n\n<p>46 \u2013 USF Presidente Get\u00falio Vargas, Boa Vista<\/p>\n\n\n\n<p>47 \u2013 USF Dr. Robert Koch, Porto da Madama<\/p>\n\n\n\n<p>48 \u2013 USF Doutel de Andrade, Maria Paula<\/p>\n\n\n\n<p>49 \u2013 USF Marilea Cardoso, J\u00f3quei<\/p>\n\n\n\n<p>50 \u2013 USF \u00c1gua Mineral<\/p>\n\n\n\n<p>51 \u2013 USF Adolfo Lutz, Amendoeira<\/p>\n\n\n\n<p>52 \u2013 USF Port\u00e3o do Rosa<\/p>\n\n\n\n<p>53 \u2013 USF An\u00edbal Porto, Monjolos<\/p>\n\n\n\n<p>54 \u2013 USF Alberto Constantino Farah, Mutu\u00e1<\/p>\n\n\n\n<p>55 \u2013 USF Floriano Barbosa, Jardim Catarina<\/p>\n\n\n\n<p>56 \u2013 USF Ita\u00fana<\/p>\n\n\n\n<p>57\u2013 USF Victor Chimelly, Paiva<\/p>\n\n\n\n<p>58 \u2013 USF Jardel do Amaral, Venda da Cruz<\/p>\n\n\n\n<p>59 \u2013 USF Armando Le\u00e3o, Morro do Castro<\/p>\n\n\n\n<p>60 \u2013 USF Lagoinha.<\/p>\n\n\n\n<p><strong><em>S\u00e3o Gon\u00e7alo vai mudar: Not\u00edcias de S\u00e3o Gon\u00e7alo e toda regi\u00e3o.<\/em><\/strong><\/p>\n\n\n\n<figure class=\"wp-block-image size-large\"><img decoding=\"async\" width=\"1024\" height=\"252\" src=\"https:\/\/sgvaimudar.com.br\/wp-content\/uploads\/2025\/03\/Anuncie-Aqui-Sao-Goncalo-vai-mudar-1024x252.jpg\" alt=\"\" class=\"wp-image-22693\" srcset=\"https:\/\/sgvaimudar.com.br\/wp-content\/uploads\/2025\/03\/Anuncie-Aqui-Sao-Goncalo-vai-mudar-1024x252.jpg 1024w, https:\/\/sgvaimudar.com.br\/wp-content\/uploads\/2025\/03\/Anuncie-Aqui-Sao-Goncalo-vai-mudar-300x74.jpg 300w, https:\/\/sgvaimudar.com.br\/wp-content\/uploads\/2025\/03\/Anuncie-Aqui-Sao-Goncalo-vai-mudar-768x189.jpg 768w, https:\/\/sgvaimudar.com.br\/wp-content\/uploads\/2025\/03\/Anuncie-Aqui-Sao-Goncalo-vai-mudar-1536x378.jpg 1536w, https:\/\/sgvaimudar.com.br\/wp-content\/uploads\/2025\/03\/Anuncie-Aqui-Sao-Goncalo-vai-mudar-2048x504.jpg 2048w\" sizes=\"(max-width: 1024px) 100vw, 1024px\" \/><\/figure>\n","protected":false},"excerpt":{"rendered":"<p>Imunizante continua dispon\u00edvel para as idades entre 9 e 14 anos A Secretaria de Sa\u00fade da Prefeitura S\u00e3o Gon\u00e7alo disse&hellip;<\/p>\n","protected":false},"author":5,"featured_media":29371,"comment_status":"open","ping_status":"open","sticky":false,"template":"","format":"standard","meta":{"fifu_image_url":"","fifu_image_alt":"","footnotes":""},"categories":[7],"tags":[],"class_list":["post-29369","post","type-post","status-publish","format-standard","has-post-thumbnail","hentry","category-saude"],"_links":{"self":[{"href":"https:\/\/sgvaimudar.com.br\/index.php\/wp-json\/wp\/v2\/posts\/29369","targetHints":{"allow":["GET"]}}],"collection":[{"href":"https:\/\/sgvaimudar.com.br\/index.php\/wp-json\/wp\/v2\/posts"}],"about":[{"href":"https:\/\/sgvaimudar.com.br\/index.php\/wp-json\/wp\/v2\/types\/post"}],"author":[{"embeddable":true,"href":"https:\/\/sgvaimudar.com.br\/index.php\/wp-json\/wp\/v2\/users\/5"}],"replies":[{"embeddable":true,"href":"https:\/\/sgvaimudar.com.br\/index.php\/wp-json\/wp\/v2\/comments?post=29369"}],"version-history":[{"count":1,"href":"https:\/\/sgvaimudar.com.br\/index.php\/wp-json\/wp\/v2\/posts\/29369\/revisions"}],"predecessor-version":[{"id":29372,"href":"https:\/\/sgvaimudar.com.br\/index.php\/wp-json\/wp\/v2\/posts\/29369\/revisions\/29372"}],"wp:featuredmedia":[{"embeddable":true,"href":"https:\/\/sgvaimudar.com.br\/index.php\/wp-json\/wp\/v2\/media\/29371"}],"wp:attachment":[{"href":"https:\/\/sgvaimudar.com.br\/index.php\/wp-json\/wp\/v2\/media?parent=29369"}],"wp:term":[{"taxonomy":"category","embeddable":true,"href":"https:\/\/sgvaimudar.com.br\/index.php\/wp-json\/wp\/v2\/categories?post=29369"},{"taxonomy":"post_tag","embeddable":true,"href":"https:\/\/sgvaimudar.com.br\/index.php\/wp-json\/wp\/v2\/tags?post=29369"}],"curies":[{"name":"wp","href":"https:\/\/api.w.org\/{rel}","templated":true}]}}