{"id":29288,"date":"2025-08-11T13:00:00","date_gmt":"2025-08-11T16:00:00","guid":{"rendered":"https:\/\/sgvaimudar.com.br\/?p=29288"},"modified":"2025-08-11T10:04:25","modified_gmt":"2025-08-11T13:04:25","slug":"identificado-casal-que-morreu-no-parque-da-cidade-em-niteroi","status":"publish","type":"post","link":"https:\/\/sgvaimudar.com.br\/index.php\/2025\/08\/11\/identificado-casal-que-morreu-no-parque-da-cidade-em-niteroi\/","title":{"rendered":"Identificado casal que morreu no Parque da Cidade, em Niter\u00f3i"},"content":{"rendered":"\n<p><em>Acidente no voo livre: v\u00edtimas deixam filha pequena<\/em><\/p>\n\n\n\n<p>A Pol\u00edcia Civil investiga a morte de Luan Calor Cannelas Gomes da Silva e Vanessa do Nascimento Alves, v\u00edtimas de um acidente de parapente na tarde desta sexta-feira (9), no Parque da Cidade, em Niter\u00f3i, Regi\u00e3o Metropolitana do Rio. Os dois n\u00e3o resistiram \u00e0 queda durante um voo duplo e morreram ainda no local. Os corpos foram encaminhados ao Instituto M\u00e9dico Legal (IML) e j\u00e1 foram liberados para sepultamento.<\/p>\n\n\n\n<p>A 79\u00aa DP (Jurujuba) conduz as investiga\u00e7\u00f5es e realiza dilig\u00eancias para apurar as circunst\u00e2ncias do acidente, que ocorreu em uma das rampas de voo livre mais conhecidas do estado.<\/p>\n\n\n\n<p>Luan e Vanessa tinham uma filha de 3 anos. Apesar da separa\u00e7\u00e3o, os dois mantinham contato por conta da crian\u00e7a. Atualmente, Luan estava em um novo relacionamento h\u00e1 mais de um ano.<\/p>\n\n\n\n<p>Uma pessoa pr\u00f3xima a Luan contou que o voo fazia parte dos primeiros testes de Luan com um parapente novo, rec\u00e9m-adquirido para atuar como piloto de voos duplos.\u00a0<\/p>\n\n\n\n<p>\u201cTem duas semanas que ele comprou o duplo, pra come\u00e7ar a trabalhar com isso. Estava at\u00e9 divulgando nas redes sociais o novo trabalho dele&#8221;, disse.<\/p>\n\n\n\n<p>De acordo com a conhecida da v\u00edtima, Luan morava no bairro Santa Izabel, em S\u00e3o Gon\u00e7alo, tinha paix\u00e3o pela pr\u00e1tica desde a adolesc\u00eancia e havia feito curso, mas ainda n\u00e3o tinha pego a certifica\u00e7\u00e3o oficial como instrutor.<\/p>\n\n\n\n<p>Ainda assim, realizava voos solo com frequ\u00eancia e estava iniciando a carreira com voos comerciais. \u201cEle j\u00e1 teve uns cinco clientes at\u00e9 essa fatalidade de ontem&#8221;.<\/p>\n\n\n\n<p>No momento do acidente, ainda segundo a fonte, o barbeiro e amigo de Luan aguardava na rampa para fazer um voo em seguida.<\/p>\n\n\n\n<p>\u201cEle foi com um amigo, o barbeiro dele, que estava l\u00e1 em cima esperando ele voltar pra soltar com ele&#8221;, contou.<\/p>\n\n\n\n<p>Os corpos j\u00e1 foram liberados do Instituto M\u00e9dico Legal (IML) de Niter\u00f3i. O enterro de Luan vai acontecer neste domingo (11), no Cemit\u00e9rio Parque da Paz, no Pacheco, em S\u00e3o Gon\u00e7alo. Ainda n\u00e3o h\u00e1 informa\u00e7\u00f5es sobre a despedida de Vanessa.<\/p>\n\n\n\n<p>A Pol\u00edcia Civil ainda n\u00e3o divulgou detalhes t\u00e9cnicos sobre o que pode ter causado a queda do parapente.<\/p>\n\n\n\n<p>Ap\u00f3s o caso, a Secretaria de Ordem P\u00fablica de Niter\u00f3i (Seop) determinou a suspens\u00e3o imediata das atividades nas rampas de voo do Parque da Cidade.<\/p>\n\n\n\n<p>Equipes da Seop e da Guarda Municipal Ambiental atuaram no local prestando apoio ao Corpo de Bombeiros e tamb\u00e9m instalaram placas informativas, alertando sobre a necessidade de contratar pilotos credenciados.<\/p>\n\n\n\n<p>De acordo com a Secretaria Municipal de Meio Ambiente, desde o in\u00edcio do ano a Prefeitura vem solicitando apoio dos \u00f3rg\u00e3os competentes para refor\u00e7ar a fiscaliza\u00e7\u00e3o das atividades de voo livre realizadas no munic\u00edpio.<\/p>\n\n\n\n<h2 class=\"wp-block-heading\">Fiscaliza\u00e7\u00e3o\u00a0<\/h2>\n\n\n\n<p>Segundo informa\u00e7\u00f5es do site da Ag\u00eancia Nacional de Avia\u00e7\u00e3o Civil (Anac), o parapente, por ser uma pr\u00e1tica de voo livre, &#8220;\u00e9 considerado uma modalidade de esporte radical e de alto risco, praticado em todo o mundo e fortemente dependente das condi\u00e7\u00f5es meteorol\u00f3gicas e geogr\u00e1ficas locais&#8221;.<\/p>\n\n\n\n<p>Ainda segundo a ag\u00eancia, &#8220;a ANAC n\u00e3o emite ou exige habilita\u00e7\u00e3o para a pr\u00e1tica de esportes radicais, mas recomenda que qualquer interessado em praticar voo livre se habilite por meio de associa\u00e7\u00f5es aerodesportivas reconhecidas pela comunidade praticante&#8221;.<\/p>\n\n\n\n<p>Apesar de n\u00e3o se responsabilizar diretamente pela fiscaliza\u00e7\u00e3o de quem pilota os equipamentos, a Anac informa que todos os parapentes devem ser cadastrados.<\/p>\n\n\n\n<p>&#8220;Equipamentos de voo livre n\u00e3o est\u00e3o sujeitos \u00e0 avalia\u00e7\u00e3o de aspectos de aeronavegabilidade, mas a ANAC exige que os praticantes realizem o cadastro do equipamento como previsto no RBAC n\u00ba 103&#8230;&#8221;, diz a nota, que refor\u00e7a ainda que o cadastro \u00e9 feito por associa\u00e7\u00f5es credenciadas e a &#8220;Certid\u00e3o de Cadastro do aerodesportista \u00e9 o \u00fanico documento exigido pela ANAC para a pr\u00e1tica do voo livre&#8221;.<\/p>\n\n\n\n<p>No entanto, as regras citadas pela ag\u00eancia s\u00e3o voltadas principalmente a praticantes individuais. Voos duplos com fins comerciais \u2014 como o que ocorreu na trag\u00e9dia \u2014 n\u00e3o s\u00e3o claramente regulamentados pelo site da Anac.<\/p>\n\n\n\n<p>A pr\u00f3pria ag\u00eancia afirma que &#8220;a explora\u00e7\u00e3o comercial de atividades a\u00e9reas sem autoriza\u00e7\u00e3o da ANAC \u00e9 proibida por lei e a Ag\u00eancia n\u00e3o concede autoriza\u00e7\u00e3o para explora\u00e7\u00e3o comercial de servi\u00e7o a\u00e9reo p\u00fablico por pessoal n\u00e3o habilitado pela Ag\u00eancia ou em aeronaves n\u00e3o certificadas&#8221;.<\/p>\n\n\n\n<p>Ainda assim, a instru\u00e7\u00e3o remunerada de voo livre \u00e9 considerada legal, embora a Anac ressalte que &#8220;a atividade de instru\u00e7\u00e3o ocorre dentro da comunidade praticante e n\u00e3o \u00e9 regulamentada pela ANAC&#8221;.<\/p>\n\n\n\n<p>Al\u00e9m disso, a ag\u00eancia refor\u00e7a que &#8220;a ANAC n\u00e3o garante a seguran\u00e7a de pessoas envolvidas em esportes radicais, mas a Ag\u00eancia recomenda que os interessados na pr\u00e1tica do voo livre busquem associa\u00e7\u00f5es credenciadas para sele\u00e7\u00e3o de instrutores qualificados&#8221;.<\/p>\n\n\n\n<p>Sobre o caso espec\u00edfico do Parque da Cidade, a Anac explicou que a fiscaliza\u00e7\u00e3o de irregularidades nessa atividade exige a atua\u00e7\u00e3o conjunta com as Secretarias de Seguran\u00e7a P\u00fablica (SSP).<\/p>\n\n\n\n<p>&#8220;Den\u00fancias recebidas pela Ag\u00eancia sobre irregularidades nesse campo s\u00e3o encaminhadas para os \u00f3rg\u00e3os de pol\u00edcia competentes para a tomada das medidas cab\u00edveis&#8221;, informou. A ag\u00eancia afirma que &#8220;a a\u00e7\u00e3o das SSP no combate a pr\u00e1ticas irregulares no aerodesporto \u00e9 independente&#8221;, mas garante apoio para esclarecimentos e &#8220;a\u00e7\u00f5es coordenadas de fiscaliza\u00e7\u00e3o&#8221;.<\/p>\n\n\n\n<p>A ANAC tamb\u00e9m destacou que &#8220;recebe qualquer ocorr\u00eancia registrada pelas SSP para processamento de penalidade administrativa aplic\u00e1vel&#8221;.<\/p>\n\n\n\n<p><em>Fonte: Enfoco<\/em><\/p>\n\n\n\n<figure class=\"wp-block-image size-large\"><img fetchpriority=\"high\" decoding=\"async\" width=\"1024\" height=\"252\" src=\"https:\/\/sgvaimudar.com.br\/wp-content\/uploads\/2025\/03\/Anuncie-Aqui-Sao-Goncalo-vai-mudar-1024x252.jpg\" alt=\"\" class=\"wp-image-22693\" srcset=\"https:\/\/sgvaimudar.com.br\/wp-content\/uploads\/2025\/03\/Anuncie-Aqui-Sao-Goncalo-vai-mudar-1024x252.jpg 1024w, https:\/\/sgvaimudar.com.br\/wp-content\/uploads\/2025\/03\/Anuncie-Aqui-Sao-Goncalo-vai-mudar-300x74.jpg 300w, https:\/\/sgvaimudar.com.br\/wp-content\/uploads\/2025\/03\/Anuncie-Aqui-Sao-Goncalo-vai-mudar-768x189.jpg 768w, https:\/\/sgvaimudar.com.br\/wp-content\/uploads\/2025\/03\/Anuncie-Aqui-Sao-Goncalo-vai-mudar-1536x378.jpg 1536w, https:\/\/sgvaimudar.com.br\/wp-content\/uploads\/2025\/03\/Anuncie-Aqui-Sao-Goncalo-vai-mudar-2048x504.jpg 2048w\" sizes=\"(max-width: 1024px) 100vw, 1024px\" \/><\/figure>\n","protected":false},"excerpt":{"rendered":"<p>Acidente no voo livre: v\u00edtimas deixam filha pequena A Pol\u00edcia Civil investiga a morte de Luan Calor Cannelas Gomes da&hellip;<\/p>\n","protected":false},"author":5,"featured_media":29289,"comment_status":"open","ping_status":"open","sticky":false,"template":"","format":"standard","meta":{"fifu_image_url":"","fifu_image_alt":"","footnotes":""},"categories":[32],"tags":[],"class_list":["post-29288","post","type-post","status-publish","format-standard","has-post-thumbnail","hentry","category-casos-de-policia"],"_links":{"self":[{"href":"https:\/\/sgvaimudar.com.br\/index.php\/wp-json\/wp\/v2\/posts\/29288","targetHints":{"allow":["GET"]}}],"collection":[{"href":"https:\/\/sgvaimudar.com.br\/index.php\/wp-json\/wp\/v2\/posts"}],"about":[{"href":"https:\/\/sgvaimudar.com.br\/index.php\/wp-json\/wp\/v2\/types\/post"}],"author":[{"embeddable":true,"href":"https:\/\/sgvaimudar.com.br\/index.php\/wp-json\/wp\/v2\/users\/5"}],"replies":[{"embeddable":true,"href":"https:\/\/sgvaimudar.com.br\/index.php\/wp-json\/wp\/v2\/comments?post=29288"}],"version-history":[{"count":1,"href":"https:\/\/sgvaimudar.com.br\/index.php\/wp-json\/wp\/v2\/posts\/29288\/revisions"}],"predecessor-version":[{"id":29290,"href":"https:\/\/sgvaimudar.com.br\/index.php\/wp-json\/wp\/v2\/posts\/29288\/revisions\/29290"}],"wp:featuredmedia":[{"embeddable":true,"href":"https:\/\/sgvaimudar.com.br\/index.php\/wp-json\/wp\/v2\/media\/29289"}],"wp:attachment":[{"href":"https:\/\/sgvaimudar.com.br\/index.php\/wp-json\/wp\/v2\/media?parent=29288"}],"wp:term":[{"taxonomy":"category","embeddable":true,"href":"https:\/\/sgvaimudar.com.br\/index.php\/wp-json\/wp\/v2\/categories?post=29288"},{"taxonomy":"post_tag","embeddable":true,"href":"https:\/\/sgvaimudar.com.br\/index.php\/wp-json\/wp\/v2\/tags?post=29288"}],"curies":[{"name":"wp","href":"https:\/\/api.w.org\/{rel}","templated":true}]}}