{"id":29273,"date":"2025-08-11T12:00:00","date_gmt":"2025-08-11T15:00:00","guid":{"rendered":"https:\/\/sgvaimudar.com.br\/?p=29273"},"modified":"2025-08-11T09:27:35","modified_gmt":"2025-08-11T12:27:35","slug":"pre-conferencia-regional-de-saude-em-itaborai-reforca-compromisso-com-a-participacao-popular-no-sus","status":"publish","type":"post","link":"https:\/\/sgvaimudar.com.br\/index.php\/2025\/08\/11\/pre-conferencia-regional-de-saude-em-itaborai-reforca-compromisso-com-a-participacao-popular-no-sus\/","title":{"rendered":"Pr\u00e9-Confer\u00eancia Regional de Sa\u00fade em Itabora\u00ed refor\u00e7a compromisso com a participa\u00e7\u00e3o popular no SUS"},"content":{"rendered":"\n<p>A Prefeitura de Itabora\u00ed, por meio da Secretaria Municipal de Sa\u00fade e do Conselho Municipal de Sa\u00fade, realizou neste s\u00e1bado (09\/08) o segundo dia de Pr\u00e9-Confer\u00eancia Regional de Sa\u00fade, etapa preparat\u00f3ria para a XIII Confer\u00eancia Municipal de Sa\u00fade. <\/p>\n\n\n\n<p>O encontro aconteceu na Escola Municipal Ant\u00f4nio Santos da Silva, em Venda das Pedras, reunindo moradores dos bairros Engenho Velho, Quissam\u00e3, Nova Cidade, Amplia\u00e7\u00e3o II, Picos e Pachecos.<\/p>\n\n\n\n<p>O evento, que se estendeu das 8h \u00e0s 17h, foi marcado por momentos de escuta, debate e constru\u00e7\u00e3o coletiva, reunindo representantes da sociedade civil, usu\u00e1rios do SUS, trabalhadores da sa\u00fade, gestores, prestadores de servi\u00e7os e movimentos sociais. O objetivo foi discutir e propor diretrizes que ir\u00e3o subsidiar as delibera\u00e7\u00f5es da confer\u00eancia principal e contribuir para a atualiza\u00e7\u00e3o do Plano Municipal de Sa\u00fade.<\/p>\n\n\n\n<p>A programa\u00e7\u00e3o incluiu credenciamento, leitura e aprova\u00e7\u00e3o do regulamento, al\u00e9m de mesas tem\u00e1ticas com palestras sobre o tema central \u201cSa\u00fade com Foco no Novo Modelo de Financiamento \u2013 Planejar a Sa\u00fade com Participa\u00e7\u00e3o Popular: Desafios e Compromisso com o SUS Municipal\u201d. <\/p>\n\n\n\n<p>Entre os palestrantes, estiveram F\u00e1bio Rodrigues Sampaio, Dr. Edilson dos Santos e Mara L\u00facia Peres, que abordaram eixos como o financiamento do SUS municipal, a prioriza\u00e7\u00e3o das demandas populares e os desafios para efetivar a participa\u00e7\u00e3o social na sa\u00fade p\u00fablica.<\/p>\n\n\n\n<p>No per\u00edodo da tarde, os participantes se dividiram em grupos de trabalho para formular propostas, que foram apresentadas, discutidas e homologadas em plen\u00e1ria. A atividade foi encerrada com a elei\u00e7\u00e3o dos delegados que representar\u00e3o a regi\u00e3o na XIII Confer\u00eancia Municipal de Sa\u00fade de Itabora\u00ed.<\/p>\n\n\n\n<p>Durante a abertura do encontro, a secret\u00e1ria municipal de Sa\u00fade, Analice Rangel, destacou a import\u00e2ncia do engajamento da comunidade no processo.<\/p>\n\n\n\n<p>\u201cQuando a popula\u00e7\u00e3o participa, o SUS se fortalece. As pr\u00e9-confer\u00eancias s\u00e3o um espa\u00e7o para ouvir quem vive a realidade de cada bairro, garantindo que as pol\u00edticas de sa\u00fade sejam constru\u00eddas de forma democr\u00e1tica e com base nas necessidades reais da nossa gente\u201d, afirmou a gestora da pasta.<\/p>\n\n\n\n<p>A pr\u00f3xima etapa do calend\u00e1rio ser\u00e1 o terceiro dia de Pr\u00e9-Confer\u00eancia Regional, marcada para o dia 16 de agosto (s\u00e1bado), na Escola Municipal Professora Cec\u00edlia Augusta dos Santos, em Outeiro das Pedras.<\/p>\n\n\n\n<p><strong><em>S\u00e3o Gon\u00e7alo vai mudar: Not\u00edcias de S\u00e3o Gon\u00e7alo e toda regi\u00e3o.<\/em><\/strong><\/p>\n\n\n\n<figure class=\"wp-block-image size-large\"><img fetchpriority=\"high\" decoding=\"async\" width=\"1024\" height=\"252\" src=\"https:\/\/sgvaimudar.com.br\/wp-content\/uploads\/2025\/03\/Anuncie-Aqui-Sao-Goncalo-vai-mudar-1024x252.jpg\" alt=\"\" class=\"wp-image-22693\" srcset=\"https:\/\/sgvaimudar.com.br\/wp-content\/uploads\/2025\/03\/Anuncie-Aqui-Sao-Goncalo-vai-mudar-1024x252.jpg 1024w, https:\/\/sgvaimudar.com.br\/wp-content\/uploads\/2025\/03\/Anuncie-Aqui-Sao-Goncalo-vai-mudar-300x74.jpg 300w, https:\/\/sgvaimudar.com.br\/wp-content\/uploads\/2025\/03\/Anuncie-Aqui-Sao-Goncalo-vai-mudar-768x189.jpg 768w, https:\/\/sgvaimudar.com.br\/wp-content\/uploads\/2025\/03\/Anuncie-Aqui-Sao-Goncalo-vai-mudar-1536x378.jpg 1536w, https:\/\/sgvaimudar.com.br\/wp-content\/uploads\/2025\/03\/Anuncie-Aqui-Sao-Goncalo-vai-mudar-2048x504.jpg 2048w\" sizes=\"(max-width: 1024px) 100vw, 1024px\" \/><\/figure>\n","protected":false},"excerpt":{"rendered":"<p>A Prefeitura de Itabora\u00ed, por meio da Secretaria Municipal de Sa\u00fade e do Conselho Municipal de Sa\u00fade, realizou neste s\u00e1bado&hellip;<\/p>\n","protected":false},"author":5,"featured_media":29274,"comment_status":"open","ping_status":"open","sticky":false,"template":"","format":"standard","meta":{"fifu_image_url":"","fifu_image_alt":"","footnotes":""},"categories":[7],"tags":[],"class_list":["post-29273","post","type-post","status-publish","format-standard","has-post-thumbnail","hentry","category-saude"],"_links":{"self":[{"href":"https:\/\/sgvaimudar.com.br\/index.php\/wp-json\/wp\/v2\/posts\/29273","targetHints":{"allow":["GET"]}}],"collection":[{"href":"https:\/\/sgvaimudar.com.br\/index.php\/wp-json\/wp\/v2\/posts"}],"about":[{"href":"https:\/\/sgvaimudar.com.br\/index.php\/wp-json\/wp\/v2\/types\/post"}],"author":[{"embeddable":true,"href":"https:\/\/sgvaimudar.com.br\/index.php\/wp-json\/wp\/v2\/users\/5"}],"replies":[{"embeddable":true,"href":"https:\/\/sgvaimudar.com.br\/index.php\/wp-json\/wp\/v2\/comments?post=29273"}],"version-history":[{"count":1,"href":"https:\/\/sgvaimudar.com.br\/index.php\/wp-json\/wp\/v2\/posts\/29273\/revisions"}],"predecessor-version":[{"id":29275,"href":"https:\/\/sgvaimudar.com.br\/index.php\/wp-json\/wp\/v2\/posts\/29273\/revisions\/29275"}],"wp:featuredmedia":[{"embeddable":true,"href":"https:\/\/sgvaimudar.com.br\/index.php\/wp-json\/wp\/v2\/media\/29274"}],"wp:attachment":[{"href":"https:\/\/sgvaimudar.com.br\/index.php\/wp-json\/wp\/v2\/media?parent=29273"}],"wp:term":[{"taxonomy":"category","embeddable":true,"href":"https:\/\/sgvaimudar.com.br\/index.php\/wp-json\/wp\/v2\/categories?post=29273"},{"taxonomy":"post_tag","embeddable":true,"href":"https:\/\/sgvaimudar.com.br\/index.php\/wp-json\/wp\/v2\/tags?post=29273"}],"curies":[{"name":"wp","href":"https:\/\/api.w.org\/{rel}","templated":true}]}}