{"id":29147,"date":"2025-08-07T19:00:00","date_gmt":"2025-08-07T22:00:00","guid":{"rendered":"https:\/\/sgvaimudar.com.br\/?p=29147"},"modified":"2025-08-07T10:16:10","modified_gmt":"2025-08-07T13:16:10","slug":"governo-do-estado-autua-mais-de-30-estabelecimentos-em-operacao-especial-do-dia-dos-pais","status":"publish","type":"post","link":"https:\/\/sgvaimudar.com.br\/index.php\/2025\/08\/07\/governo-do-estado-autua-mais-de-30-estabelecimentos-em-operacao-especial-do-dia-dos-pais\/","title":{"rendered":"Governo do Estado autua mais de 30 estabelecimentos em opera\u00e7\u00e3o especial do Dia dos Pais"},"content":{"rendered":"\n<p><em>Fiscaliza\u00e7\u00e3o da Sedcon e Procon-RJ encontra irregularidades e autua lojas em shoppings das zonas Norte e Oeste por descumprimento ao C\u00f3digo de Defesa do Consumidor<\/em><\/p>\n\n\n\n<p>Com a aproxima\u00e7\u00e3o do Dia dos Pais, o Governo do Estado, por meio da Secretaria de Estado de Defesa do Consumidor (Sedcon) e do Procon-RJ, realizou uma opera\u00e7\u00e3o especial de fiscaliza\u00e7\u00e3o em bares e shoppings das zonas Norte e Oeste da capital fluminense. Os locais foram escolhidos por registrarem maior movimento neste per\u00edodo, tanto para compras quanto para celebra\u00e7\u00f5es em fam\u00edlia.<\/p>\n\n\n\n<p>Ao todo, 37 estabelecimentos foram autuados por pr\u00e1ticas que ferem o C\u00f3digo de Defesa do Consumidor. Um bar localizado na Taquara foi interditado ap\u00f3s a equipe de fiscaliza\u00e7\u00e3o identificar condi\u00e7\u00f5es sanit\u00e1rias grav\u00edssimas: tela de prote\u00e7\u00e3o rasgada na \u00e1rea externa da cozinha, ac\u00famulo de sujeira e gordura, teto com partes sem isolamento, latas vazias espalhadas, freezer enferrujado e presen\u00e7a de baratas mortas e vivas, inclusive na \u00e1rea de manipula\u00e7\u00e3o de alimentos.<\/p>\n\n\n\n<p>Nos shoppings, os agentes constataram irregularidades como a aus\u00eancia de pre\u00e7os nos produtos e a divulga\u00e7\u00e3o inadequada dos valores \u2014 em muitos casos, com destaque maior para o valor das parcelas do que para o pre\u00e7o total, o que pode induzir o consumidor ao erro.<\/p>\n\n\n\n<p>Os estabelecimentos notificados t\u00eam at\u00e9 15 dias para apresentar defesa.<\/p>\n\n\n\n<p><strong>Pesquisa de pre\u00e7os orienta consumidor para compras mais econ\u00f4micas e seguras<\/strong><\/p>\n\n\n\n<p>Para auxiliar os consumidores nas compras para o Dia dos Pais, a SEDCON e o PROCON-RJ tamb\u00e9m divulgaram uma pesquisa de pre\u00e7os com produtos das categorias de eletr\u00f4nicos, artigos esportivos e perfumaria masculina. Al\u00e9m disso, foram refor\u00e7adas orienta\u00e7\u00f5es para uma compra mais segura e consciente.<\/p>\n\n\n\n<p>Segundo o secret\u00e1rio estadual de Defesa do Consumidor, Gutemberg Fonseca, as a\u00e7\u00f5es de fiscaliza\u00e7\u00e3o e informa\u00e7\u00e3o ao consumidor s\u00e3o essenciais:<\/p>\n\n\n\n<p>\u2014 \u00c9 fundamental que as fam\u00edlias fa\u00e7am compras planejadas e seguras. Com a varia\u00e7\u00e3o que encontramos, o mesmo presente pode custar muito mais dependendo da loja. Por isso, a pesquisa de pre\u00e7os \u00e9 uma ferramenta importante de defesa do consumidor \u2014 ressaltou o secret\u00e1rio.<\/p>\n\n\n\n<p><strong><em>Fa\u00e7a sua den\u00fancia pelo nosso WhatsApp: (21) <\/em><\/strong><strong><em>99744 5345<\/em><\/strong><strong><em><\/em><\/strong><\/p>\n\n\n\n<p><strong><em>S\u00e3o Gon\u00e7alo vai mudar: Not\u00edcias de S\u00e3o Gon\u00e7alo e toda regi\u00e3o.<\/em><\/strong><\/p>\n\n\n\n<figure class=\"wp-block-image size-large\"><img fetchpriority=\"high\" decoding=\"async\" width=\"1024\" height=\"252\" src=\"https:\/\/sgvaimudar.com.br\/wp-content\/uploads\/2025\/03\/Anuncie-Aqui-Sao-Goncalo-vai-mudar-1024x252.jpg\" alt=\"\" class=\"wp-image-22693\" srcset=\"https:\/\/sgvaimudar.com.br\/wp-content\/uploads\/2025\/03\/Anuncie-Aqui-Sao-Goncalo-vai-mudar-1024x252.jpg 1024w, https:\/\/sgvaimudar.com.br\/wp-content\/uploads\/2025\/03\/Anuncie-Aqui-Sao-Goncalo-vai-mudar-300x74.jpg 300w, https:\/\/sgvaimudar.com.br\/wp-content\/uploads\/2025\/03\/Anuncie-Aqui-Sao-Goncalo-vai-mudar-768x189.jpg 768w, https:\/\/sgvaimudar.com.br\/wp-content\/uploads\/2025\/03\/Anuncie-Aqui-Sao-Goncalo-vai-mudar-1536x378.jpg 1536w, https:\/\/sgvaimudar.com.br\/wp-content\/uploads\/2025\/03\/Anuncie-Aqui-Sao-Goncalo-vai-mudar-2048x504.jpg 2048w\" sizes=\"(max-width: 1024px) 100vw, 1024px\" \/><\/figure>\n","protected":false},"excerpt":{"rendered":"<p>Fiscaliza\u00e7\u00e3o da Sedcon e Procon-RJ encontra irregularidades e autua lojas em shoppings das zonas Norte e Oeste por descumprimento ao&hellip;<\/p>\n","protected":false},"author":5,"featured_media":29148,"comment_status":"open","ping_status":"open","sticky":false,"template":"","format":"standard","meta":{"fifu_image_url":"","fifu_image_alt":"","footnotes":""},"categories":[32],"tags":[],"class_list":["post-29147","post","type-post","status-publish","format-standard","has-post-thumbnail","hentry","category-casos-de-policia"],"_links":{"self":[{"href":"https:\/\/sgvaimudar.com.br\/index.php\/wp-json\/wp\/v2\/posts\/29147","targetHints":{"allow":["GET"]}}],"collection":[{"href":"https:\/\/sgvaimudar.com.br\/index.php\/wp-json\/wp\/v2\/posts"}],"about":[{"href":"https:\/\/sgvaimudar.com.br\/index.php\/wp-json\/wp\/v2\/types\/post"}],"author":[{"embeddable":true,"href":"https:\/\/sgvaimudar.com.br\/index.php\/wp-json\/wp\/v2\/users\/5"}],"replies":[{"embeddable":true,"href":"https:\/\/sgvaimudar.com.br\/index.php\/wp-json\/wp\/v2\/comments?post=29147"}],"version-history":[{"count":1,"href":"https:\/\/sgvaimudar.com.br\/index.php\/wp-json\/wp\/v2\/posts\/29147\/revisions"}],"predecessor-version":[{"id":29149,"href":"https:\/\/sgvaimudar.com.br\/index.php\/wp-json\/wp\/v2\/posts\/29147\/revisions\/29149"}],"wp:featuredmedia":[{"embeddable":true,"href":"https:\/\/sgvaimudar.com.br\/index.php\/wp-json\/wp\/v2\/media\/29148"}],"wp:attachment":[{"href":"https:\/\/sgvaimudar.com.br\/index.php\/wp-json\/wp\/v2\/media?parent=29147"}],"wp:term":[{"taxonomy":"category","embeddable":true,"href":"https:\/\/sgvaimudar.com.br\/index.php\/wp-json\/wp\/v2\/categories?post=29147"},{"taxonomy":"post_tag","embeddable":true,"href":"https:\/\/sgvaimudar.com.br\/index.php\/wp-json\/wp\/v2\/tags?post=29147"}],"curies":[{"name":"wp","href":"https:\/\/api.w.org\/{rel}","templated":true}]}}