{"id":29144,"date":"2025-08-07T17:00:00","date_gmt":"2025-08-07T20:00:00","guid":{"rendered":"https:\/\/sgvaimudar.com.br\/?p=29144"},"modified":"2025-08-07T10:11:52","modified_gmt":"2025-08-07T13:11:52","slug":"governo-do-estado-do-rio-conquista-1o-lugar-em-inovacao-digital-no-brasil","status":"publish","type":"post","link":"https:\/\/sgvaimudar.com.br\/index.php\/2025\/08\/07\/governo-do-estado-do-rio-conquista-1o-lugar-em-inovacao-digital-no-brasil\/","title":{"rendered":"Governo do Estado do Rio conquista 1\u00ba lugar em inova\u00e7\u00e3o digital no Brasil"},"content":{"rendered":"\n<p><em>Premia\u00e7\u00e3o nacional reconhece, pelo terceiro ano seguido, o protagonismo fluminense na oferta de servi\u00e7os p\u00fablicos digitais<br><\/em><br>O Governo do Estado do Rio de Janeiro alcan\u00e7ou o topo do ranking nacional de inova\u00e7\u00e3o na oferta de servi\u00e7os p\u00fablicos digitais, conquistando o 1\u00ba lugar na categoria mais disputada do \u00cdndice de Ofertas de Servi\u00e7os P\u00fablicos Digitais da ABEP-TIC \u2014 um dos mais importantes instrumentos de avalia\u00e7\u00e3o da digitaliza\u00e7\u00e3o no pa\u00eds. <\/p>\n\n\n\n<p>O an\u00fancio foi feito durante o Semin\u00e1rio Nacional de TIC para a Gest\u00e3o P\u00fablica (SECOP), nesta quarta-feira (06\/08), em Bras\u00edlia. Al\u00e9m da lideran\u00e7a na categoria de inova\u00e7\u00e3o, o Rio tamb\u00e9m se manteve, pelo terceiro ano consecutivo, entre os tr\u00eas primeiros colocados no ranking geral.<\/p>\n\n\n\n<p>&#8211; \u00a0A transforma\u00e7\u00e3o digital \u00e9 um pilar da nossa gest\u00e3o e o Rio de Janeiro segue sendo protagonista desse movimento no Brasil. Esse reconhecimento \u00e9 resultado de um trabalho s\u00e9rio e cont\u00ednuo para colocar o cidad\u00e3o no centro das pol\u00edticas p\u00fablicas. Nosso portal re\u00fane mais de 2 mil servi\u00e7os, que podem ser acessados pelo celular sem que seja necess\u00e1rio sair de casa. \u00c9 nessa transforma\u00e7\u00e3o que eu acredito: que inclui, integra e facilita a vida do cidad\u00e3o &#8211; afirmou o governador Cl\u00e1udio Castro, que participou da cerim\u00f4nia de abertura do evento.<\/p>\n\n\n\n<p>A conquista do pr\u00eamio se deve ao trabalho desenvolvido pela Secretaria de Estado de Transforma\u00e7\u00e3o Digital e pelo Proderj para consolidar o estado como refer\u00eancia nacional em governo digital e moderniza\u00e7\u00e3o dos servi\u00e7os p\u00fablicos.<br>Para o secret\u00e1rio de Transforma\u00e7\u00e3o Digital, Feu Braga, a conquista reflete a maturidade da estrat\u00e9gia digital fluminense.<\/p>\n\n\n\n<p>&#8211; \u00a0Trabalhamos com foco em resultados reais para a popula\u00e7\u00e3o, integrando \u00f3rg\u00e3os e pol\u00edticas p\u00fablicas de forma a gerar impacto concreto. Ser reconhecido por tr\u00eas anos seguidos mostra que estamos no caminho certo &#8211; declarou Braga.<\/p>\n\n\n\n<p>J\u00e1 o presidente do Proderj, Lucio Camilo, destacou o papel t\u00e9cnico da equipe.<br>&#8211; \u00a0Esse pr\u00eamio \u00e9 fruto de um esfor\u00e7o conjunto, com solu\u00e7\u00f5es digitais inovadoras, interoperabilidade e atendimento de qualidade. O SECOP foi mais uma oportunidade de mostrar que o Rio est\u00e1 na vanguarda da transforma\u00e7\u00e3o digital no setor p\u00fablico &#8211; destacou.<\/p>\n\n\n\n<p>Promovido pela Associa\u00e7\u00e3o Brasileira de Entidades Estaduais e P\u00fablicas de TIC (ABEP-TIC), o SECOP \u00e9 o maior evento do pa\u00eds sobre tecnologia e inova\u00e7\u00e3o na gest\u00e3o p\u00fablica, reunindo gestores federais, estaduais e municipais, al\u00e9m de especialistas e empresas de solu\u00e7\u00f5es tecnol\u00f3gicas.<\/p>\n\n\n\n<p><strong>Estado digital<\/strong><br>Em 2021, o estado do Rio de Janeiro ocupava a 16\u00aa posi\u00e7\u00e3o no ranking nacional de ofertas de servi\u00e7os p\u00fablicos digitais. Com inova\u00e7\u00f5es e investimentos em tecnologia, ocupa atualmente o 3\u00ba lugar.<\/p>\n\n\n\n<p>Entre as inova\u00e7\u00f5es lan\u00e7adas neste per\u00edodo, est\u00e1 o Aplicativo RJ Digital, que oferece mais de 2 mil servi\u00e7os p\u00fablicos na palma da m\u00e3o. J\u00e1 o sistema da Ouvidoria, o OuvE-RJ, recebeu mais de 140 mil atendimentos. Outro avan\u00e7o \u00e9 o Portal de Dados Abertos, que disponibiliza, com acesso r\u00e1pido, gratuito e f\u00e1cil, dados sobre seguran\u00e7a p\u00fablica, educa\u00e7\u00e3o, sa\u00fade, assist\u00eancia social e muito mais.<\/p>\n\n\n\n<p>O estado tamb\u00e9m avan\u00e7a com a expans\u00e3o do Programa RJ Digital Munic\u00edpios, que j\u00e1 conta com a ades\u00e3o de cerca de 70% das cidades fluminenses. A iniciativa possibilitou a implanta\u00e7\u00e3o do Sistema Eletr\u00f4nico de Informa\u00e7\u00f5es (SEI-RJ) em munic\u00edpios como Japeri, Resende, Volta Redonda e Angra dos Reis, promovendo mais transpar\u00eancia, efici\u00eancia e sustentabilidade na gest\u00e3o p\u00fablica.<\/p>\n\n\n\n<p><strong><em>S\u00e3o Gon\u00e7alo vai mudar: Not\u00edcias de S\u00e3o Gon\u00e7alo e toda regi\u00e3o.<\/em><\/strong><\/p>\n\n\n\n<figure class=\"wp-block-image size-large\"><img fetchpriority=\"high\" decoding=\"async\" width=\"1024\" height=\"252\" src=\"https:\/\/sgvaimudar.com.br\/wp-content\/uploads\/2025\/03\/Anuncie-Aqui-Sao-Goncalo-vai-mudar-1024x252.jpg\" alt=\"\" class=\"wp-image-22693\" srcset=\"https:\/\/sgvaimudar.com.br\/wp-content\/uploads\/2025\/03\/Anuncie-Aqui-Sao-Goncalo-vai-mudar-1024x252.jpg 1024w, https:\/\/sgvaimudar.com.br\/wp-content\/uploads\/2025\/03\/Anuncie-Aqui-Sao-Goncalo-vai-mudar-300x74.jpg 300w, https:\/\/sgvaimudar.com.br\/wp-content\/uploads\/2025\/03\/Anuncie-Aqui-Sao-Goncalo-vai-mudar-768x189.jpg 768w, https:\/\/sgvaimudar.com.br\/wp-content\/uploads\/2025\/03\/Anuncie-Aqui-Sao-Goncalo-vai-mudar-1536x378.jpg 1536w, https:\/\/sgvaimudar.com.br\/wp-content\/uploads\/2025\/03\/Anuncie-Aqui-Sao-Goncalo-vai-mudar-2048x504.jpg 2048w\" sizes=\"(max-width: 1024px) 100vw, 1024px\" \/><\/figure>\n","protected":false},"excerpt":{"rendered":"<p>Premia\u00e7\u00e3o nacional reconhece, pelo terceiro ano seguido, o protagonismo fluminense na oferta de servi\u00e7os p\u00fablicos digitaisO Governo do Estado do&hellip;<\/p>\n","protected":false},"author":5,"featured_media":29145,"comment_status":"open","ping_status":"open","sticky":false,"template":"","format":"standard","meta":{"fifu_image_url":"","fifu_image_alt":"","footnotes":""},"categories":[4],"tags":[],"class_list":["post-29144","post","type-post","status-publish","format-standard","has-post-thumbnail","hentry","category-brasil"],"_links":{"self":[{"href":"https:\/\/sgvaimudar.com.br\/index.php\/wp-json\/wp\/v2\/posts\/29144","targetHints":{"allow":["GET"]}}],"collection":[{"href":"https:\/\/sgvaimudar.com.br\/index.php\/wp-json\/wp\/v2\/posts"}],"about":[{"href":"https:\/\/sgvaimudar.com.br\/index.php\/wp-json\/wp\/v2\/types\/post"}],"author":[{"embeddable":true,"href":"https:\/\/sgvaimudar.com.br\/index.php\/wp-json\/wp\/v2\/users\/5"}],"replies":[{"embeddable":true,"href":"https:\/\/sgvaimudar.com.br\/index.php\/wp-json\/wp\/v2\/comments?post=29144"}],"version-history":[{"count":1,"href":"https:\/\/sgvaimudar.com.br\/index.php\/wp-json\/wp\/v2\/posts\/29144\/revisions"}],"predecessor-version":[{"id":29146,"href":"https:\/\/sgvaimudar.com.br\/index.php\/wp-json\/wp\/v2\/posts\/29144\/revisions\/29146"}],"wp:featuredmedia":[{"embeddable":true,"href":"https:\/\/sgvaimudar.com.br\/index.php\/wp-json\/wp\/v2\/media\/29145"}],"wp:attachment":[{"href":"https:\/\/sgvaimudar.com.br\/index.php\/wp-json\/wp\/v2\/media?parent=29144"}],"wp:term":[{"taxonomy":"category","embeddable":true,"href":"https:\/\/sgvaimudar.com.br\/index.php\/wp-json\/wp\/v2\/categories?post=29144"},{"taxonomy":"post_tag","embeddable":true,"href":"https:\/\/sgvaimudar.com.br\/index.php\/wp-json\/wp\/v2\/tags?post=29144"}],"curies":[{"name":"wp","href":"https:\/\/api.w.org\/{rel}","templated":true}]}}