{"id":29137,"date":"2025-08-07T14:00:00","date_gmt":"2025-08-07T17:00:00","guid":{"rendered":"https:\/\/sgvaimudar.com.br\/?p=29137"},"modified":"2025-08-07T09:56:03","modified_gmt":"2025-08-07T12:56:03","slug":"quase-tudo-para-a-grande-festa-da-advocacia-2025","status":"publish","type":"post","link":"https:\/\/sgvaimudar.com.br\/index.php\/2025\/08\/07\/quase-tudo-para-a-grande-festa-da-advocacia-2025\/","title":{"rendered":"Quase tudo para a grande festa da advocacia 2025"},"content":{"rendered":"\n<p><em>OAB Niter\u00f3i j\u00e1 iniciou a distribui\u00e7\u00e3o de convites para comemora\u00e7\u00e3o dos 198 anos da cria\u00e7\u00e3o dos Cursos Jur\u00eddicos no Brasil<\/em><\/p>\n\n\n\n<p>A OAB Niter\u00f3i, presidida por Pedro Gomes, deu in\u00edcio a distribui\u00e7\u00e3o de convites para os  advogados(as) para participar da tradicional Festa da Advocacia 2025, que vai comemorar os 198\u00ba anos da cria\u00e7\u00e3o dos Cursos Jur\u00eddicos no Brasil.<\/p>\n\n\n\n<p>O evento vai ser realizado em uma sexta-feira (22\/08), a partir das 20h, no Praia Clube S\u00e3o Francisco, com show da Banda Bloody Mary, Open Bar, Open Food e muita anima\u00e7\u00e3o.\u00a0<\/p>\n\n\n\n<p>\u201cA tradicional Festa da Advocacia da OAB Niter\u00f3i \u00e9 mais do que uma celebra\u00e7\u00e3o \u2014 \u00e9 um momento de uni\u00e3o, reconhecimento e valoriza\u00e7\u00e3o da nossa classe. Comemoramos o M\u00eas da Advocacia com alegria, em um ambiente de lazer e descontra\u00e7\u00e3o, fortalecendo os la\u00e7os entre colegas e reafirmando o nosso compromisso com a \u00e9tica, a justi\u00e7a e a cidadania\u201d, exaltou Pedro Gomes.<\/p>\n\n\n\n<p>Ele disse que os ingressos j\u00e1 podem ser adquiridos: 1\u00ba Lote (R$ 255,00 at\u00e9 11\/08), 2\u00ba Lote (R$ 270,00 at\u00e9 18\/08) e 3\u00ba Lote (R$ 290,00).<\/p>\n\n\n\n<p>O pagamento \u00e9 feito por PIX (33.648.981\/0017-02), com retirada do ingresso na tesouraria da OAB Niter\u00f3i (Av. Amaral Peixoto, 507\/8\u00ba &#8211; Centro). N\u00e3o haver\u00e1 venda no local da festa.<\/p>\n\n\n\n<p><strong><em>S\u00e3o Gon\u00e7alo vai mudar: Not\u00edcias de S\u00e3o Gon\u00e7alo e toda regi\u00e3o.<\/em><\/strong><\/p>\n\n\n\n<figure class=\"wp-block-image size-large\"><img fetchpriority=\"high\" decoding=\"async\" width=\"1024\" height=\"252\" src=\"https:\/\/sgvaimudar.com.br\/wp-content\/uploads\/2025\/03\/Anuncie-Aqui-Sao-Goncalo-vai-mudar-1024x252.jpg\" alt=\"\" class=\"wp-image-22693\" srcset=\"https:\/\/sgvaimudar.com.br\/wp-content\/uploads\/2025\/03\/Anuncie-Aqui-Sao-Goncalo-vai-mudar-1024x252.jpg 1024w, https:\/\/sgvaimudar.com.br\/wp-content\/uploads\/2025\/03\/Anuncie-Aqui-Sao-Goncalo-vai-mudar-300x74.jpg 300w, https:\/\/sgvaimudar.com.br\/wp-content\/uploads\/2025\/03\/Anuncie-Aqui-Sao-Goncalo-vai-mudar-768x189.jpg 768w, https:\/\/sgvaimudar.com.br\/wp-content\/uploads\/2025\/03\/Anuncie-Aqui-Sao-Goncalo-vai-mudar-1536x378.jpg 1536w, https:\/\/sgvaimudar.com.br\/wp-content\/uploads\/2025\/03\/Anuncie-Aqui-Sao-Goncalo-vai-mudar-2048x504.jpg 2048w\" sizes=\"(max-width: 1024px) 100vw, 1024px\" \/><\/figure>\n","protected":false},"excerpt":{"rendered":"<p>OAB Niter\u00f3i j\u00e1 iniciou a distribui\u00e7\u00e3o de convites para comemora\u00e7\u00e3o dos 198 anos da cria\u00e7\u00e3o dos Cursos Jur\u00eddicos no Brasil&hellip;<\/p>\n","protected":false},"author":5,"featured_media":29138,"comment_status":"open","ping_status":"open","sticky":false,"template":"","format":"standard","meta":{"fifu_image_url":"","fifu_image_alt":"","footnotes":""},"categories":[34],"tags":[],"class_list":["post-29137","post","type-post","status-publish","format-standard","has-post-thumbnail","hentry","category-niteroi"],"_links":{"self":[{"href":"https:\/\/sgvaimudar.com.br\/index.php\/wp-json\/wp\/v2\/posts\/29137","targetHints":{"allow":["GET"]}}],"collection":[{"href":"https:\/\/sgvaimudar.com.br\/index.php\/wp-json\/wp\/v2\/posts"}],"about":[{"href":"https:\/\/sgvaimudar.com.br\/index.php\/wp-json\/wp\/v2\/types\/post"}],"author":[{"embeddable":true,"href":"https:\/\/sgvaimudar.com.br\/index.php\/wp-json\/wp\/v2\/users\/5"}],"replies":[{"embeddable":true,"href":"https:\/\/sgvaimudar.com.br\/index.php\/wp-json\/wp\/v2\/comments?post=29137"}],"version-history":[{"count":1,"href":"https:\/\/sgvaimudar.com.br\/index.php\/wp-json\/wp\/v2\/posts\/29137\/revisions"}],"predecessor-version":[{"id":29139,"href":"https:\/\/sgvaimudar.com.br\/index.php\/wp-json\/wp\/v2\/posts\/29137\/revisions\/29139"}],"wp:featuredmedia":[{"embeddable":true,"href":"https:\/\/sgvaimudar.com.br\/index.php\/wp-json\/wp\/v2\/media\/29138"}],"wp:attachment":[{"href":"https:\/\/sgvaimudar.com.br\/index.php\/wp-json\/wp\/v2\/media?parent=29137"}],"wp:term":[{"taxonomy":"category","embeddable":true,"href":"https:\/\/sgvaimudar.com.br\/index.php\/wp-json\/wp\/v2\/categories?post=29137"},{"taxonomy":"post_tag","embeddable":true,"href":"https:\/\/sgvaimudar.com.br\/index.php\/wp-json\/wp\/v2\/tags?post=29137"}],"curies":[{"name":"wp","href":"https:\/\/api.w.org\/{rel}","templated":true}]}}