{"id":29119,"date":"2025-08-07T11:00:00","date_gmt":"2025-08-07T14:00:00","guid":{"rendered":"https:\/\/sgvaimudar.com.br\/?p=29119"},"modified":"2025-08-07T08:51:16","modified_gmt":"2025-08-07T11:51:16","slug":"padaria-escola-forma-mais-de-70-alunos-no-curso-de-panificacao","status":"publish","type":"post","link":"https:\/\/sgvaimudar.com.br\/index.php\/2025\/08\/07\/padaria-escola-forma-mais-de-70-alunos-no-curso-de-panificacao\/","title":{"rendered":"Padaria Escola forma mais de 70 alunos no curso de panifica\u00e7\u00e3o"},"content":{"rendered":"\n<p><em>Solenidade aconteceu no Teatro Municipal de S\u00e3o Gon\u00e7alo<\/em><\/p>\n\n\n\n<p>Mais de 70 alunos da Padaria Escola participaram, na manh\u00e3 desta quarta-feira (6), da solenidade de formatura, no Teatro Municipal de S\u00e3o Gon\u00e7alo. Os formandos do nono ciclo do curso receberam os seus certificados de conclus\u00e3o.<\/p>\n\n\n\n<p>No curso, os alunos aprendem a preparar diversas receitas de p\u00e3es e biscoitos, al\u00e9m de aulas de empreendedorismo. A Padaria Escola surgiu com a proposta de qualificar diversos gon\u00e7alenses, visando facilitar a entrada no mercado de trabalho e a gera\u00e7\u00e3o de renda. Com os formandos do nono ciclo, o equipamento j\u00e1 formou, desde 2021, mais de 600 novos padeiros.<\/p>\n\n\n\n<figure class=\"wp-block-image size-full\"><img fetchpriority=\"high\" decoding=\"async\" width=\"1024\" height=\"681\" src=\"https:\/\/sgvaimudar.com.br\/wp-content\/uploads\/2025\/08\/unnamed-6-2.jpg\" alt=\"\" class=\"wp-image-29120\" srcset=\"https:\/\/sgvaimudar.com.br\/wp-content\/uploads\/2025\/08\/unnamed-6-2.jpg 1024w, https:\/\/sgvaimudar.com.br\/wp-content\/uploads\/2025\/08\/unnamed-6-2-300x200.jpg 300w, https:\/\/sgvaimudar.com.br\/wp-content\/uploads\/2025\/08\/unnamed-6-2-768x511.jpg 768w\" sizes=\"(max-width: 1024px) 100vw, 1024px\" \/><\/figure>\n\n\n\n<p>A subsecret\u00e1ria de Prote\u00e7\u00e3o Social B\u00e1sica e Especial, Daiana Izabel, afirma estar muito satisfeita em ver mais uma turma de padeiros.<\/p>\n\n\n\n<p>\u201cAgrade\u00e7o a essa equipe maravilhosa da Padaria Escola, que \u00e9 a menina dos olhos da nossa Secretaria de Assist\u00eancia Social. E, aqui, vemos como o Sistema \u00danico de Assist\u00eancia Social d\u00e1 resultados, s\u00e3o muitas pessoas formadas nesse equipamento e precisamos valorizar. Agrade\u00e7o ao prefeito Capit\u00e3o Nelson tamb\u00e9m, por ter recuperado esse projeto e por todo apoio,\u201d disse.<\/p>\n\n\n\n<p>A Padaria Escola \u00e9 desenvolvida pela Prefeitura de S\u00e3o Gon\u00e7alo, por meio da Secretaria de Assist\u00eancia Social, atrav\u00e9s da Subsecretaria de Prote\u00e7\u00e3o Social B\u00e1sica, em parceria com o Programa Nacional de Promo\u00e7\u00e3o ao Acesso ao Mundo do Trabalho (Acessuas), do Governo Federal.<\/p>\n\n\n\n<p>\u201c\u00c9 uma alegria imensa estar aqui formando mais um ciclo. Foi uma honra ministrar esse curso e fico emocionado com a presen\u00e7a de todos. Eu costumo falar que o professor n\u00e3o s\u00f3 ensina, mas tamb\u00e9m aprende. Tenho uma troca muito grande com os alunos desse curso e desejo sucesso para todos,\u201d afirmou o professor de panifica\u00e7\u00e3o, Cl\u00e1udio M\u00e1rcio Marinho.<\/p>\n\n\n\n<p>Durante o evento, o p\u00fablico conferiu uma apresenta\u00e7\u00e3o musical do projeto Liberdade e Justi\u00e7a Social, que promove a inclus\u00e3o de pessoas com defici\u00eancia, da Cruz Vermelha &#8211; S\u00e3o Gon\u00e7alo.<\/p>\n\n\n\n<p>A formanda Fernanda Cristina da Silva, de 51 anos, foi representante da turma e contou sobre a experi\u00eancia no curso.<\/p>\n\n\n\n<p>\u201cN\u00f3s vimos muitas pessoas oprimidas e esse curso foi uma ajuda para todos. S\u00f3 temos a agradecer ao nosso professor por tantas aulas incr\u00edveis. Toda a turma est\u00e1 muito feliz,\u201d afirmou.<\/p>\n\n\n\n<p>O novo padeiro Charles Augusto, de 31 anos, tamb\u00e9m demonstrou gratid\u00e3o ao cuidado oferecido pela equipe do curso.<\/p>\n\n\n\n<p>\u201c\u00c9 uma alegria estar aqui, durante este curso aprendemos muito mais do que receitas. Nossa turma teve pessoas de todas as idades, com hist\u00f3rias lindas. O professor nos ensinou com empatia e sabedoria, a nossa coordenadora tamb\u00e9m nos fez entender tudo sobre como empreender com os nossos dons,\u201d disse.<\/p>\n\n\n\n<p><em>Fotos: Luiz Carvalho<\/em><\/p>\n\n\n\n<p><strong><em>S\u00e3o Gon\u00e7alo vai mudar: Not\u00edcias de S\u00e3o Gon\u00e7alo e toda regi\u00e3o.<\/em><\/strong><\/p>\n\n\n\n<figure class=\"wp-block-image size-large\"><img decoding=\"async\" width=\"1024\" height=\"252\" src=\"https:\/\/sgvaimudar.com.br\/wp-content\/uploads\/2025\/03\/Anuncie-Aqui-Sao-Goncalo-vai-mudar-1024x252.jpg\" alt=\"\" class=\"wp-image-22693\" srcset=\"https:\/\/sgvaimudar.com.br\/wp-content\/uploads\/2025\/03\/Anuncie-Aqui-Sao-Goncalo-vai-mudar-1024x252.jpg 1024w, https:\/\/sgvaimudar.com.br\/wp-content\/uploads\/2025\/03\/Anuncie-Aqui-Sao-Goncalo-vai-mudar-300x74.jpg 300w, https:\/\/sgvaimudar.com.br\/wp-content\/uploads\/2025\/03\/Anuncie-Aqui-Sao-Goncalo-vai-mudar-768x189.jpg 768w, https:\/\/sgvaimudar.com.br\/wp-content\/uploads\/2025\/03\/Anuncie-Aqui-Sao-Goncalo-vai-mudar-1536x378.jpg 1536w, https:\/\/sgvaimudar.com.br\/wp-content\/uploads\/2025\/03\/Anuncie-Aqui-Sao-Goncalo-vai-mudar-2048x504.jpg 2048w\" sizes=\"(max-width: 1024px) 100vw, 1024px\" \/><\/figure>\n","protected":false},"excerpt":{"rendered":"<p>Solenidade aconteceu no Teatro Municipal de S\u00e3o Gon\u00e7alo Mais de 70 alunos da Padaria Escola participaram, na manh\u00e3 desta quarta-feira&hellip;<\/p>\n","protected":false},"author":5,"featured_media":29121,"comment_status":"open","ping_status":"open","sticky":false,"template":"","format":"standard","meta":{"fifu_image_url":"","fifu_image_alt":"","footnotes":""},"categories":[3],"tags":[],"class_list":["post-29119","post","type-post","status-publish","format-standard","has-post-thumbnail","hentry","category-sao-goncalo"],"_links":{"self":[{"href":"https:\/\/sgvaimudar.com.br\/index.php\/wp-json\/wp\/v2\/posts\/29119","targetHints":{"allow":["GET"]}}],"collection":[{"href":"https:\/\/sgvaimudar.com.br\/index.php\/wp-json\/wp\/v2\/posts"}],"about":[{"href":"https:\/\/sgvaimudar.com.br\/index.php\/wp-json\/wp\/v2\/types\/post"}],"author":[{"embeddable":true,"href":"https:\/\/sgvaimudar.com.br\/index.php\/wp-json\/wp\/v2\/users\/5"}],"replies":[{"embeddable":true,"href":"https:\/\/sgvaimudar.com.br\/index.php\/wp-json\/wp\/v2\/comments?post=29119"}],"version-history":[{"count":1,"href":"https:\/\/sgvaimudar.com.br\/index.php\/wp-json\/wp\/v2\/posts\/29119\/revisions"}],"predecessor-version":[{"id":29122,"href":"https:\/\/sgvaimudar.com.br\/index.php\/wp-json\/wp\/v2\/posts\/29119\/revisions\/29122"}],"wp:featuredmedia":[{"embeddable":true,"href":"https:\/\/sgvaimudar.com.br\/index.php\/wp-json\/wp\/v2\/media\/29121"}],"wp:attachment":[{"href":"https:\/\/sgvaimudar.com.br\/index.php\/wp-json\/wp\/v2\/media?parent=29119"}],"wp:term":[{"taxonomy":"category","embeddable":true,"href":"https:\/\/sgvaimudar.com.br\/index.php\/wp-json\/wp\/v2\/categories?post=29119"},{"taxonomy":"post_tag","embeddable":true,"href":"https:\/\/sgvaimudar.com.br\/index.php\/wp-json\/wp\/v2\/tags?post=29119"}],"curies":[{"name":"wp","href":"https:\/\/api.w.org\/{rel}","templated":true}]}}