{"id":29045,"date":"2025-08-06T08:43:52","date_gmt":"2025-08-06T11:43:52","guid":{"rendered":"https:\/\/sgvaimudar.com.br\/?p=29045"},"modified":"2025-08-06T08:45:19","modified_gmt":"2025-08-06T11:45:19","slug":"espaco-rosa-recebe-acao-da-campanha-agosto-lilas","status":"publish","type":"post","link":"https:\/\/sgvaimudar.com.br\/index.php\/2025\/08\/06\/espaco-rosa-recebe-acao-da-campanha-agosto-lilas\/","title":{"rendered":"Espa\u00e7o Rosa recebe a\u00e7\u00e3o da Campanha Agosto Lil\u00e1s"},"content":{"rendered":"\n<p><em>Evento refor\u00e7ou a conscientiza\u00e7\u00e3o sobre o combate \u00e0 viol\u00eancia contra a mulher<\/em><\/p>\n\n\n\n<p>Na manh\u00e3 desta ter\u00e7a-feira (5), <\/p>\n\n\n\n<p>O Espa\u00e7o Rosa, unidade da Secretaria de Sa\u00fade da Prefeitura de S\u00e3o Gon\u00e7alo, que fica no Z\u00e9 Garoto, recebeu, na manh\u00e3 desta ter\u00e7a-feira (5), um evento de conscientiza\u00e7\u00e3o sobre o combate \u00e0 viol\u00eancia contra a mulher, em refer\u00eancia \u00e0 Campanha Agosto Lil\u00e1s. <\/p>\n\n\n\n<p>A a\u00e7\u00e3o foi em parceria com a Subsecretaria de Pol\u00edticas P\u00fablicas para as Mulheres, da Secretaria de Assist\u00eancia Social.<\/p>\n\n\n\n<p>No local, os pacientes conferiram uma palestra da advogada Michelle Azevedo, que explicou sobre todos os tipos de viol\u00eancia, incluindo a f\u00edsica, psicol\u00f3gica, moral, sexual e patrimonial. Ap\u00f3s a palestra, o p\u00fablico participou de uma din\u00e2mica que refor\u00e7ava todos os conhecimentos obtidos.<\/p>\n\n\n\n<figure class=\"wp-block-image size-full\"><img fetchpriority=\"high\" decoding=\"async\" width=\"1024\" height=\"681\" src=\"https:\/\/sgvaimudar.com.br\/wp-content\/uploads\/2025\/08\/unnamed-1-2.jpg\" alt=\"\" class=\"wp-image-29046\" srcset=\"https:\/\/sgvaimudar.com.br\/wp-content\/uploads\/2025\/08\/unnamed-1-2.jpg 1024w, https:\/\/sgvaimudar.com.br\/wp-content\/uploads\/2025\/08\/unnamed-1-2-300x200.jpg 300w, https:\/\/sgvaimudar.com.br\/wp-content\/uploads\/2025\/08\/unnamed-1-2-768x511.jpg 768w\" sizes=\"(max-width: 1024px) 100vw, 1024px\" \/><\/figure>\n\n\n\n<p>Durante o evento, foram realizadas aferi\u00e7\u00f5es de press\u00e3o e de glicose, al\u00e9m de servi\u00e7os de beleza e massagem. Para finalizar a a\u00e7\u00e3o com um gesto de homenagem, um canteiro foi montado com flores lil\u00e1s, que representavam mulheres v\u00edtimas de viol\u00eancia.&nbsp;<\/p>\n\n\n\n<p>\u201c\u00c9 muito importante ter a Sa\u00fade junto conosco no Agosto Lil\u00e1s. Hoje estamos levando informa\u00e7\u00f5es para voc\u00eas, para que todos saibam sobre as viol\u00eancias, sobre os direitos das mulheres e conhe\u00e7am os nossos equipamentos de acolhimento\u201d, destacou a subsecret\u00e1ria de Pol\u00edticas P\u00fablicas para as Mulheres, Ana Cristina da Silva.<\/p>\n\n\n\n<p>Todos os pacientes receberam material informativo, com os endere\u00e7os e telefones de canais de den\u00fancia e os locais para atendimentos a mulheres v\u00edtimas de viol\u00eancia, como o Centro Especializado de Orienta\u00e7\u00e3o \u00e0 Mulher Zuzu Angel (CEOM), em Neves. O CEOM recebe mulheres v\u00edtimas de viol\u00eancia encaminhadas por delegacias, ONGs, CRAS, CREAS e Sala Lil\u00e1s e, se necess\u00e1rio, as direciona para atendimentos psicol\u00f3gicos ou de assist\u00eancia social.&nbsp;<\/p>\n\n\n\n<p>\u201cRealizamos esse evento para conscientizar a popula\u00e7\u00e3o e refor\u00e7ar que as mulheres n\u00e3o est\u00e3o sozinhas. Com a parceria da Assist\u00eancia Social, pudemos direcion\u00e1-las para os locais de acolhimento. O intuito do trabalho \u00e9 de oferecer conhecimento para as pacientes e que elas possam passar as informa\u00e7\u00f5es para outras tamb\u00e9m. N\u00e3o podemos dizer que vamos erradicar as viol\u00eancias, mas fazemos de tudo para minimiz\u00e1-las\u201d, afirmou a diretora do Espa\u00e7o Rosa, Fabiana Nunes.&nbsp;<\/p>\n\n\n\n<p><strong>Agosto Lil\u00e1s &#8211;&nbsp;<\/strong>A campanha \u00e9 dedicada \u00e0 conscientiza\u00e7\u00e3o e enfrentamento \u00e0 viol\u00eancia, em refer\u00eancia \u00e0 celebra\u00e7\u00e3o da Lei Maria da Penha, que completa 19 anos.<\/p>\n\n\n\n<p>Programa\u00e7\u00e3o:<\/p>\n\n\n\n<p>Dia 7, das 15h \u00e0s 19h \u2013 Comemora\u00e7\u00e3o dos 19 anos da Lei Maria da Penha (Lei 11.340\/2006), com exibi\u00e7\u00e3o de v\u00eddeos de conscientiza\u00e7\u00e3o. Local: Centro de Alc\u00e2ntara (em frente ao pr\u00e9dio do rel\u00f3gio);<\/p>\n\n\n\n<p>Dia 14, \u00e0s 14h \u2013 Empreenda Mais: Capacita\u00e7\u00e3o e orienta\u00e7\u00e3o para mulheres com a tem\u00e1tica de finan\u00e7as para empreendedoras, em parceria com a Secretaria Estadual da Mulher. Local: Est\u00e1cio de S\u00e1;<\/p>\n\n\n\n<p>Dia 15, \u00e0s 14h \u2013 Aula de defesa pessoal com profissionais da Guarda Municipal. Local: Centro Cultural Joaquim Lavoura;<\/p>\n\n\n\n<p>Dia 29, \u00e0s 8h \u2013 Caminhada pelo fim da viol\u00eancia contra a mulher. Local: Centro de S\u00e3o Gon\u00e7alo. Concentra\u00e7\u00e3o \u00e0s 8h na Pra\u00e7a Z\u00e9 Garoto e chegada na Pra\u00e7a Luiz Palmier.&nbsp;<\/p>\n\n\n\n<p><em>Fotos: Julio Diniz<\/em><\/p>\n\n\n\n<p><strong><em>S\u00e3o Gon\u00e7alo vai mudar: Not\u00edcias de S\u00e3o Gon\u00e7alo e toda regi\u00e3o.<\/em><\/strong><\/p>\n\n\n\n<figure class=\"wp-block-image size-large\"><img decoding=\"async\" width=\"1024\" height=\"252\" src=\"https:\/\/sgvaimudar.com.br\/wp-content\/uploads\/2025\/03\/Anuncie-Aqui-Sao-Goncalo-vai-mudar-1024x252.jpg\" alt=\"\" class=\"wp-image-22693\" srcset=\"https:\/\/sgvaimudar.com.br\/wp-content\/uploads\/2025\/03\/Anuncie-Aqui-Sao-Goncalo-vai-mudar-1024x252.jpg 1024w, https:\/\/sgvaimudar.com.br\/wp-content\/uploads\/2025\/03\/Anuncie-Aqui-Sao-Goncalo-vai-mudar-300x74.jpg 300w, https:\/\/sgvaimudar.com.br\/wp-content\/uploads\/2025\/03\/Anuncie-Aqui-Sao-Goncalo-vai-mudar-768x189.jpg 768w, https:\/\/sgvaimudar.com.br\/wp-content\/uploads\/2025\/03\/Anuncie-Aqui-Sao-Goncalo-vai-mudar-1536x378.jpg 1536w, https:\/\/sgvaimudar.com.br\/wp-content\/uploads\/2025\/03\/Anuncie-Aqui-Sao-Goncalo-vai-mudar-2048x504.jpg 2048w\" sizes=\"(max-width: 1024px) 100vw, 1024px\" \/><\/figure>\n","protected":false},"excerpt":{"rendered":"<p>Evento refor\u00e7ou a conscientiza\u00e7\u00e3o sobre o combate \u00e0 viol\u00eancia contra a mulher Na manh\u00e3 desta ter\u00e7a-feira (5), O Espa\u00e7o Rosa,&hellip;<\/p>\n","protected":false},"author":5,"featured_media":29048,"comment_status":"open","ping_status":"open","sticky":false,"template":"","format":"standard","meta":{"fifu_image_url":"","fifu_image_alt":"","footnotes":""},"categories":[3],"tags":[],"class_list":["post-29045","post","type-post","status-publish","format-standard","has-post-thumbnail","hentry","category-sao-goncalo"],"_links":{"self":[{"href":"https:\/\/sgvaimudar.com.br\/index.php\/wp-json\/wp\/v2\/posts\/29045","targetHints":{"allow":["GET"]}}],"collection":[{"href":"https:\/\/sgvaimudar.com.br\/index.php\/wp-json\/wp\/v2\/posts"}],"about":[{"href":"https:\/\/sgvaimudar.com.br\/index.php\/wp-json\/wp\/v2\/types\/post"}],"author":[{"embeddable":true,"href":"https:\/\/sgvaimudar.com.br\/index.php\/wp-json\/wp\/v2\/users\/5"}],"replies":[{"embeddable":true,"href":"https:\/\/sgvaimudar.com.br\/index.php\/wp-json\/wp\/v2\/comments?post=29045"}],"version-history":[{"count":1,"href":"https:\/\/sgvaimudar.com.br\/index.php\/wp-json\/wp\/v2\/posts\/29045\/revisions"}],"predecessor-version":[{"id":29047,"href":"https:\/\/sgvaimudar.com.br\/index.php\/wp-json\/wp\/v2\/posts\/29045\/revisions\/29047"}],"wp:featuredmedia":[{"embeddable":true,"href":"https:\/\/sgvaimudar.com.br\/index.php\/wp-json\/wp\/v2\/media\/29048"}],"wp:attachment":[{"href":"https:\/\/sgvaimudar.com.br\/index.php\/wp-json\/wp\/v2\/media?parent=29045"}],"wp:term":[{"taxonomy":"category","embeddable":true,"href":"https:\/\/sgvaimudar.com.br\/index.php\/wp-json\/wp\/v2\/categories?post=29045"},{"taxonomy":"post_tag","embeddable":true,"href":"https:\/\/sgvaimudar.com.br\/index.php\/wp-json\/wp\/v2\/tags?post=29045"}],"curies":[{"name":"wp","href":"https:\/\/api.w.org\/{rel}","templated":true}]}}