{"id":29036,"date":"2025-08-05T21:00:00","date_gmt":"2025-08-06T00:00:00","guid":{"rendered":"https:\/\/sgvaimudar.com.br\/?p=29036"},"modified":"2025-08-05T10:09:24","modified_gmt":"2025-08-05T13:09:24","slug":"como-prisao-de-bolsonaro-pode-impactar-acenos-de-lula-e-trump-sobre-tarifaco","status":"publish","type":"post","link":"https:\/\/sgvaimudar.com.br\/index.php\/2025\/08\/05\/como-prisao-de-bolsonaro-pode-impactar-acenos-de-lula-e-trump-sobre-tarifaco\/","title":{"rendered":"Como pris\u00e3o de Bolsonaro pode impactar acenos de Lula e Trump sobre tarifa\u00e7o"},"content":{"rendered":"\n<p>A pris\u00e3o domiciliar do ex-presidente Jair Bolsonaro (PL), determinada na segunda-feira (4\/8) pelo ministro do Supremo Tribunal Federal (STF) Alexandre de Moraes, acontece em meio a um dos momentos mais delicados da rela\u00e7\u00e3o entre o governo do presidente Luiz In\u00e1cio Lula da Silva (PT) e a gest\u00e3o do presidente norte-americano, Donald Trump.<\/p>\n\n\n\n<p>Ela ocorre ap\u00f3s emiss\u00e1rios brasileiros receberem os primeiros sinais de abertura de canais de comunica\u00e7\u00e3o com o\u00a0governo dos Estados Unidos,\u00a0em uma tentativa de mitigar ou reverter as tarifas de 50% sobre produtos brasileiros anunciadas por Trump no dia 9 de julho.<\/p>\n\n\n\n<p>Na quarta-feira (30\/7), o ministro das Rela\u00e7\u00f5es Exteriores, Mauro Vieira, se encontrou pela primeira vez com seu hom\u00f3logo norte-americano, o secret\u00e1rio do Departamento de Estado Marco Rubio. No domingo (3\/8), Trump deu uma nova demonstra\u00e7\u00e3o de abertura e disse que Lula poderia ligar para ele quando quisesse.<\/p>\n\n\n\n<p>A decis\u00e3o de Moraes, da segunda-feira, no entanto, atingiu em cheio esses esfor\u00e7os, e o governo Trump j\u00e1 se manifestou contra a medida.<\/p>\n\n\n\n<p>&#8220;Colocar ainda mais restri\u00e7\u00f5es \u00e0 capacidade de Jair Bolsonaro se defender em p\u00fablico n\u00e3o \u00e9 um servi\u00e7o p\u00fablico. Deixem Bolsonaro falar! Os Estados Unidos condenam a decis\u00e3o de Moraes, impondo pris\u00e3o domiciliar a Bolsonaro, e v\u00e3o responsabilizar aqueles que ajudam e incentivam a conduta sancionada&#8221;, diz uma postagem no X (antigo Twitter) feita pelo Escrit\u00f3rio para o Hemisf\u00e9rio Ocidental do Departamento de Estado norte-americano.<\/p>\n\n\n\n<p>Oficialmente, o governo n\u00e3o se manifestou sobre o assunto, e a orienta\u00e7\u00e3o entre ministros \u00e9 a mesma que vigorava h\u00e1 algumas semanas: evitar ru\u00eddos gerados pela situa\u00e7\u00e3o de Bolsonaro que possam atrapalhar as negocia\u00e7\u00f5es com o governo norte-americano.<\/p>\n\n\n\n<p>A ideia, segundo um integrante do governo ouvido pela BBC News Brasil em car\u00e1ter reservado, \u00e9 continuar as tentativas de negocia\u00e7\u00e3o com os Estados Unidos para reverter ou mitigar os efeitos do tarifa\u00e7o sobre produtos brasileiros, que deve entrar em vigor na quarta-feira (6\/8).<\/p>\n\n\n\n<p>Especialistas ouvidos pela BBC News Brasil, no entanto, se dividem sobre se a pris\u00e3o de Bolsonaro pode ou n\u00e3o afetar a aproxima\u00e7\u00e3o esbo\u00e7ada nos \u00faltimos dias entre Brasil e Estados Unidos.<\/p>\n\n\n\n<p>Um integrante do governo brasileiro, ouvido em car\u00e1ter reservado pela BBC News Brasil, disse que ainda n\u00e3o \u00e9 poss\u00edvel saber se a decis\u00e3o de Moraes vai ou n\u00e3o afetar a t\u00edmida aproxima\u00e7\u00e3o entre Brasil e Estados Unidos.<\/p>\n\n\n\n<p>Ele admitiu, no entanto, que, na semana passada, uma suposta tr\u00e9gua nas a\u00e7\u00f5es do STF em rela\u00e7\u00e3o a Bolsonaro foi aproveitada por emiss\u00e1rios brasileiros para tentar abrir canais junto aos norte-americanos.<\/p>\n\n\n\n<p>A tr\u00e9gua mencionada por ele ocorreu ap\u00f3s um dos momentos de maior tens\u00e3o entre os dois pa\u00edses neste ano.<\/p>\n\n\n\n<p>No dia 18 de julho, Moraes autorizou uma opera\u00e7\u00e3o de busca e aprens\u00e3o contra Bolsonaro em sua casa, em Bras\u00edlia, e determinou medidas como a proibi\u00e7\u00e3o do uso de redes sociais pr\u00f3prias ou por terceiros. Ele tamb\u00e9m proibiu que Bolsonaro se comunicasse com seu filho, o deputado federal licenciado Eduardo Bolsonaro (PL-SP), por estar, supostamente, orquestrando uma press\u00e3o internacional contra o Brasil.<\/p>\n\n\n\n<p>Eduardo Bolsonaro se mudou para os Estados Unidos no in\u00edcio deste ano e vem defendendo, publicamente, que o governo norte-americano aplique san\u00e7\u00f5es contra Moraes. Ele tamb\u00e9m chegou a comemorar, nas redes sociais, a amea\u00e7a de tarifas de 50% sobre produtos brasileiros feita por Trump.<\/p>\n\n\n\n<p>No mesmo dia, o governo norte-americano revogou vistos de viagem de Moraes e de outros ministros da Corte em resposta \u00e0 opera\u00e7\u00e3o contra Bolsonaro.<\/p>\n\n\n\n<p>&#8220;A ca\u00e7a \u00e0s bruxas pol\u00edtica do ministro Alexandre de Moraes, do Supremo Tribunal Federal, contra Jair Bolsonaro criou um complexo de persegui\u00e7\u00e3o e censura t\u00e3o abrangente que n\u00e3o s\u00f3 viola direitos b\u00e1sicos dos brasileiros, mas tamb\u00e9m se estende al\u00e9m das fronteiras do Brasil e atinge os americanos&#8221;, argumentou Rubio em uma postagem nas redes sociais.<\/p>\n\n\n\n<p>Segundo um integrante do governo brasileiro, ouvido pela BBC News Brasil, a opera\u00e7\u00e3o contra Bolsonaro no dia 18 de julho teria dificultado os esfor\u00e7os de emiss\u00e1rios brasileiros que tentavam se aproximar do governo Trump.<\/p>\n\n\n\n<p>Nos dias seguintes \u00e0 opera\u00e7\u00e3o autorizada por Moraes, Bolsonaro fez apari\u00e7\u00f5es p\u00fablicas e deu entrevistas que circularam nas redes sociais. O comportamento do ex-presidente fez com que Moraes pedisse esclarecimentos \u00e0 defesa do ex-presidente, sob pena de pris\u00e3o.<\/p>\n\n\n\n<p>A defesa, no entanto, alegou que Bolsonaro n\u00e3o violou nenhuma medida judicial. No dia 24 de julho, Moraes aceitou a argumenta\u00e7\u00e3o dos advogados do ex-presidente e decidiu n\u00e3o prender Bolsonaro.<\/p>\n\n\n\n<p>A partir de ent\u00e3o, transcorreram 11 dias nos quais emiss\u00e1rios brasileiros tentaram desbloquear os canais de comunica\u00e7\u00e3o com o governo norte-americano.<\/p>\n\n\n\n<p>Foi nesse contexto que o governo brasileiro conseguiu a reuni\u00e3o com Marco Rubio.<\/p>\n\n\n\n<p>Segundo a fonte ouvida pela BBC News Brasil, a posi\u00e7\u00e3o levada ao governo norte-americano era de que o Brasil seguia disposto a negociar, mas n\u00e3o aceitaria interfer\u00eancias externas no julgamento de Bolsonaro.<\/p>\n\n\n\n<p>Na avalia\u00e7\u00e3o do professor de Rela\u00e7\u00f5es Internacionais da Funda\u00e7\u00e3o Getulio Vargas em S\u00e3o Paulo (FGV-SP), Matias Spektor, n\u00e3o parece ter havido movimentos concretos de aproxima\u00e7\u00e3o pol\u00edtica entre Brasil e Estados Unidos. Por isso, no campo pol\u00edtico, a pris\u00e3o domiciliar de Bolsonaro pode levar a mais press\u00e3o norte-americana.<\/p>\n\n\n\n<p>&#8220;Os esfor\u00e7os de aproxima\u00e7\u00e3o foram na \u00e1rea econ\u00f4mica. Na \u00e1rea pol\u00edtica, n\u00e3o houve esse movimento de um lado ou do outro. Nesse contexto, Trump pode, sim, manter ou at\u00e9 mesmo aumentar san\u00e7\u00f5es contra membros da Corte e (adotar) outras medidas&#8221;, diz Spektor \u00e0 BBC News Brasil.<\/p>\n\n\n\n<p>J\u00e1 o conselheiro do Centro Brasileiro de Rela\u00e7\u00f5es Internacionais (Cebri) e professor da Universidade de Harvard, Hussein Kalout, diz acreditar que, ao menos do ponto de vista comercial, a pris\u00e3o domiciliar de Bolsonaro n\u00e3o dever\u00e1 afetar as negocia\u00e7\u00f5es sobre o tarifa\u00e7o.<\/p>\n\n\n\n<p>&#8220;Os Estados Unidos v\u00e3o olhar para aquilo que interessa a eles em mat\u00e9ria comercial. Bolsonaro nada mais \u00e9 que um instrumento pol\u00edtico pontual. Quando os Estados Unidos fizeram a lista de exce\u00e7\u00e3o tarif\u00e1ria, fizeram isso voltados para o que interessa \u00e0s empresas e ao consumidor americanos. N\u00e3o fizeram focados na condi\u00e7\u00e3o jur\u00eddica do Bolsonaro&#8221;, afirmou Kalout.<\/p>\n\n\n\n<p>A men\u00e7\u00e3o \u00e0 lista de exce\u00e7\u00e3o tarif\u00e1ria \u00e9 uma refer\u00eancia \u00e0 rela\u00e7\u00e3o divulgada na semana passada com quase 700 produtos brasileiros que ficaram de fora do tarifa\u00e7o. Segundo dados preliminares da C\u00e2mara de Com\u00e9rcio Brasil-Estados Unidos (Amcham), as exce\u00e7\u00f5es correspondem a 42% de todo o volume de exporta\u00e7\u00f5es do Brasil para o mercado norte-americano.<\/p>\n\n\n\n<p>Jana Nelson, especialista em Rela\u00e7\u00f5es Internacionais pela Universidade Georgetown e ex-subsecret\u00e1ria de Seguran\u00e7a e Defesa no Pent\u00e1gono para a Am\u00e9rica Latina, tamb\u00e9m diz avaliar que a pris\u00e3o domiciliar de Bolsonaro n\u00e3o afeta substancialmente a vis\u00e3o de Trump sobre o processo contra o ex-presidente brasileiro.<\/p>\n\n\n\n<p>&#8220;Na perspectiva de Trump, tudo se mant\u00e9m igual. Ele j\u00e1 achava, baseado em sua experi\u00eancia pr\u00f3pria, que o Bolsonaro \u00e9 v\u00edtima de um processo de politiza\u00e7\u00e3o do Judici\u00e1rio. E o fato de que o processo judicial (contra Bolsonaro) continua n\u00e3o necessariamente afeta a situa\u00e7\u00e3o das poss\u00edveis negocia\u00e7\u00f5es, at\u00e9 porque as negocia\u00e7\u00f5es n\u00e3o come\u00e7aram&#8221;, diz Nelson \u00e0 BBC News Brasil.<\/p>\n\n\n\n<p><em>Fonte: BBC<\/em><\/p>\n\n\n\n<figure class=\"wp-block-image size-large\"><img fetchpriority=\"high\" decoding=\"async\" width=\"1024\" height=\"252\" src=\"https:\/\/sgvaimudar.com.br\/wp-content\/uploads\/2025\/03\/Anuncie-Aqui-Sao-Goncalo-vai-mudar-1024x252.jpg\" alt=\"\" class=\"wp-image-22693\" srcset=\"https:\/\/sgvaimudar.com.br\/wp-content\/uploads\/2025\/03\/Anuncie-Aqui-Sao-Goncalo-vai-mudar-1024x252.jpg 1024w, https:\/\/sgvaimudar.com.br\/wp-content\/uploads\/2025\/03\/Anuncie-Aqui-Sao-Goncalo-vai-mudar-300x74.jpg 300w, https:\/\/sgvaimudar.com.br\/wp-content\/uploads\/2025\/03\/Anuncie-Aqui-Sao-Goncalo-vai-mudar-768x189.jpg 768w, https:\/\/sgvaimudar.com.br\/wp-content\/uploads\/2025\/03\/Anuncie-Aqui-Sao-Goncalo-vai-mudar-1536x378.jpg 1536w, https:\/\/sgvaimudar.com.br\/wp-content\/uploads\/2025\/03\/Anuncie-Aqui-Sao-Goncalo-vai-mudar-2048x504.jpg 2048w\" sizes=\"(max-width: 1024px) 100vw, 1024px\" \/><\/figure>\n","protected":false},"excerpt":{"rendered":"<p>A pris\u00e3o domiciliar do ex-presidente Jair Bolsonaro (PL), determinada na segunda-feira (4\/8) pelo ministro do Supremo Tribunal Federal (STF) Alexandre&hellip;<\/p>\n","protected":false},"author":5,"featured_media":6114,"comment_status":"open","ping_status":"open","sticky":false,"template":"","format":"standard","meta":{"fifu_image_url":"","fifu_image_alt":"","footnotes":""},"categories":[1],"tags":[],"class_list":["post-29036","post","type-post","status-publish","format-standard","has-post-thumbnail","hentry","category-mundo"],"_links":{"self":[{"href":"https:\/\/sgvaimudar.com.br\/index.php\/wp-json\/wp\/v2\/posts\/29036","targetHints":{"allow":["GET"]}}],"collection":[{"href":"https:\/\/sgvaimudar.com.br\/index.php\/wp-json\/wp\/v2\/posts"}],"about":[{"href":"https:\/\/sgvaimudar.com.br\/index.php\/wp-json\/wp\/v2\/types\/post"}],"author":[{"embeddable":true,"href":"https:\/\/sgvaimudar.com.br\/index.php\/wp-json\/wp\/v2\/users\/5"}],"replies":[{"embeddable":true,"href":"https:\/\/sgvaimudar.com.br\/index.php\/wp-json\/wp\/v2\/comments?post=29036"}],"version-history":[{"count":1,"href":"https:\/\/sgvaimudar.com.br\/index.php\/wp-json\/wp\/v2\/posts\/29036\/revisions"}],"predecessor-version":[{"id":29037,"href":"https:\/\/sgvaimudar.com.br\/index.php\/wp-json\/wp\/v2\/posts\/29036\/revisions\/29037"}],"wp:featuredmedia":[{"embeddable":true,"href":"https:\/\/sgvaimudar.com.br\/index.php\/wp-json\/wp\/v2\/media\/6114"}],"wp:attachment":[{"href":"https:\/\/sgvaimudar.com.br\/index.php\/wp-json\/wp\/v2\/media?parent=29036"}],"wp:term":[{"taxonomy":"category","embeddable":true,"href":"https:\/\/sgvaimudar.com.br\/index.php\/wp-json\/wp\/v2\/categories?post=29036"},{"taxonomy":"post_tag","embeddable":true,"href":"https:\/\/sgvaimudar.com.br\/index.php\/wp-json\/wp\/v2\/tags?post=29036"}],"curies":[{"name":"wp","href":"https:\/\/api.w.org\/{rel}","templated":true}]}}