{"id":29016,"date":"2025-08-05T14:00:00","date_gmt":"2025-08-05T17:00:00","guid":{"rendered":"https:\/\/sgvaimudar.com.br\/?p=29016"},"modified":"2025-08-05T08:37:49","modified_gmt":"2025-08-05T11:37:49","slug":"itaborai-promove-acao-de-conscientizacao-com-tuberculose-sobre-rodas-nesta-quinta-feira-07-08","status":"publish","type":"post","link":"https:\/\/sgvaimudar.com.br\/index.php\/2025\/08\/05\/itaborai-promove-acao-de-conscientizacao-com-tuberculose-sobre-rodas-nesta-quinta-feira-07-08\/","title":{"rendered":"Itabora\u00ed promove a\u00e7\u00e3o de conscientiza\u00e7\u00e3o com \u201cTuberculose sobre Rodas\u201d nesta quinta-feira (07\/08)"},"content":{"rendered":"\n<p><em>A iniciativa, realizada em parceria com o Governo do Estado do Rio de Janeiro e a Coordena\u00e7\u00e3o Estadual de Tuberculose, visa ampliar a conscientiza\u00e7\u00e3o, preven\u00e7\u00e3o e diagn\u00f3stico precoce da doen\u00e7a<\/em><\/p>\n\n\n\n<p>Como parte da campanha estadual de mobiliza\u00e7\u00e3o contra a tuberculose, a Prefeitura de Itabora\u00ed, por meio da Secretaria Municipal de Sa\u00fade, vai promover, na pr\u00f3xima quinta-feira (07\/08), das 9h \u00e0s 16h, a a\u00e7\u00e3o \u201cTuberculose sobre Rodas\u201d, na Avenida 22 de Maio, na altura do n\u00famero 5381, no Centro. <\/p>\n\n\n\n<p>A a\u00e7\u00e3o contar\u00e1 com o caminh\u00e3o itinerante \u201cTuberculose sobre Rodas\u201d, uma unidade m\u00f3vel equipada para atendimento \u00e0 popula\u00e7\u00e3o, al\u00e9m de tendas que oferecer\u00e3o diversos servi\u00e7os de sa\u00fade gratuitos, como atendimentos sobre hansen\u00edase, hipertens\u00e3o, Infec\u00e7\u00f5es Sexualmente Transmiss\u00edveis (ISTs), apoio ao combate ao tabagismo e orienta\u00e7\u00f5es com o CRAS Itinerante. <\/p>\n\n\n\n<figure class=\"wp-block-image size-large\"><img fetchpriority=\"high\" decoding=\"async\" width=\"1024\" height=\"768\" src=\"https:\/\/sgvaimudar.com.br\/wp-content\/uploads\/2025\/08\/Itaborai-promove-acao-de-conscientizacao-com-Tuberculose-sobre-Rodas-nesta-quinta-feira-0708-1024x768.jpeg\" alt=\"\" class=\"wp-image-29017\" srcset=\"https:\/\/sgvaimudar.com.br\/wp-content\/uploads\/2025\/08\/Itaborai-promove-acao-de-conscientizacao-com-Tuberculose-sobre-Rodas-nesta-quinta-feira-0708-1024x768.jpeg 1024w, https:\/\/sgvaimudar.com.br\/wp-content\/uploads\/2025\/08\/Itaborai-promove-acao-de-conscientizacao-com-Tuberculose-sobre-Rodas-nesta-quinta-feira-0708-300x225.jpeg 300w, https:\/\/sgvaimudar.com.br\/wp-content\/uploads\/2025\/08\/Itaborai-promove-acao-de-conscientizacao-com-Tuberculose-sobre-Rodas-nesta-quinta-feira-0708-768x576.jpeg 768w, https:\/\/sgvaimudar.com.br\/wp-content\/uploads\/2025\/08\/Itaborai-promove-acao-de-conscientizacao-com-Tuberculose-sobre-Rodas-nesta-quinta-feira-0708-1536x1152.jpeg 1536w, https:\/\/sgvaimudar.com.br\/wp-content\/uploads\/2025\/08\/Itaborai-promove-acao-de-conscientizacao-com-Tuberculose-sobre-Rodas-nesta-quinta-feira-0708.jpeg 1600w\" sizes=\"(max-width: 1024px) 100vw, 1024px\" \/><\/figure>\n\n\n\n<p>Al\u00e9m da participa\u00e7\u00e3o da Equipe do Emulti e da sociedade civil. O objetivo \u00e9 promover um dia de cuidados e informa\u00e7\u00e3o voltado, principalmente, \u00e0s popula\u00e7\u00f5es em situa\u00e7\u00e3o de vulnerabilidade social.<\/p>\n\n\n\n<p>A campanha integra o calend\u00e1rio do Agosto de Luta Contra a Tuberculose no Estado do Rio de Janeiro e celebra duas importantes datas: o Dia Estadual de Luta Contra a Tuberculose (06\/08) e, em Itabora\u00ed, o rec\u00e9m-institu\u00eddo Dia Municipal de Mobiliza\u00e7\u00e3o e Combate \u00e0 Tuberculose (08\/08), conforme o Projeto de Lei N\u00ba 1069\/2023.<\/p>\n\n\n\n<p>A coordenadora do Programa Municipal de Controle da Tuberculose, Maria Jos\u00e9 Fernandes Pereira, destaca a import\u00e2ncia da mobiliza\u00e7\u00e3o conjunta.<\/p>\n\n\n\n<p>&#8220;A tuberculose ainda \u00e9 uma realidade em diversas comunidades e precisamos intensificar a busca ativa, o acolhimento e o acompanhamento dos casos. A a\u00e7\u00e3o do dia 07 \u00e9 um chamado \u00e0 popula\u00e7\u00e3o: tuberculose tem cura, e o diagn\u00f3stico precoce salva vidas&#8221;, finalizou a coordenadora.<\/p>\n\n\n\n<p>A Prefeitura refor\u00e7a o convite \u00e0 popula\u00e7\u00e3o para que compare\u00e7a, participe das atividades e aproveite os servi\u00e7os oferecidos. O enfrentamento \u00e0 tuberculose \u00e9 responsabilidade de todos, e come\u00e7a com informa\u00e7\u00e3o, acolhimento e acesso ao cuidado.<\/p>\n\n\n\n<p><strong>Servi\u00e7o<br><\/strong><br>Tuberculose sobre Rodas. A\u00e7\u00e3o de mobiliza\u00e7\u00e3o e sa\u00fade<\/p>\n\n\n\n<p><strong>Local:&nbsp;<\/strong>Avenida 22 de Maio, n\u00ba 5381 \u2013 Centro<br><strong>Data:&nbsp;<\/strong>07 de agosto<br><strong>Hor\u00e1rio:&nbsp;<\/strong>das 9h \u00e0s 16h<\/p>\n\n\n\n<p><strong>Servi\u00e7os oferecidos:<\/strong><\/p>\n\n\n\n<p>-Orienta\u00e7\u00f5es sobre tuberculose<br>-A\u00e7\u00f5es de preven\u00e7\u00e3o a hansen\u00edase<br>-Aferi\u00e7\u00e3o de press\u00e3o arterial e orienta\u00e7\u00f5es sobre hipertens\u00e3o<br>-Preven\u00e7\u00e3o de ISTs<br>-Apoio ao combate ao tabagismo<br>-Atendimento com CRAS Itinerante.<\/p>\n\n\n\n<p><strong><em>S\u00e3o Gon\u00e7alo vai mudar: Not\u00edcias de S\u00e3o Gon\u00e7alo e toda regi\u00e3o.<\/em><\/strong><\/p>\n\n\n\n<figure class=\"wp-block-image size-large\"><img decoding=\"async\" width=\"1024\" height=\"252\" src=\"https:\/\/sgvaimudar.com.br\/wp-content\/uploads\/2025\/03\/Anuncie-Aqui-Sao-Goncalo-vai-mudar-1024x252.jpg\" alt=\"\" class=\"wp-image-22693\" srcset=\"https:\/\/sgvaimudar.com.br\/wp-content\/uploads\/2025\/03\/Anuncie-Aqui-Sao-Goncalo-vai-mudar-1024x252.jpg 1024w, https:\/\/sgvaimudar.com.br\/wp-content\/uploads\/2025\/03\/Anuncie-Aqui-Sao-Goncalo-vai-mudar-300x74.jpg 300w, https:\/\/sgvaimudar.com.br\/wp-content\/uploads\/2025\/03\/Anuncie-Aqui-Sao-Goncalo-vai-mudar-768x189.jpg 768w, https:\/\/sgvaimudar.com.br\/wp-content\/uploads\/2025\/03\/Anuncie-Aqui-Sao-Goncalo-vai-mudar-1536x378.jpg 1536w, https:\/\/sgvaimudar.com.br\/wp-content\/uploads\/2025\/03\/Anuncie-Aqui-Sao-Goncalo-vai-mudar-2048x504.jpg 2048w\" sizes=\"(max-width: 1024px) 100vw, 1024px\" \/><\/figure>\n","protected":false},"excerpt":{"rendered":"<p>A iniciativa, realizada em parceria com o Governo do Estado do Rio de Janeiro e a Coordena\u00e7\u00e3o Estadual de Tuberculose,&hellip;<\/p>\n","protected":false},"author":5,"featured_media":26609,"comment_status":"open","ping_status":"open","sticky":false,"template":"","format":"standard","meta":{"fifu_image_url":"","fifu_image_alt":"","footnotes":""},"categories":[7],"tags":[],"class_list":["post-29016","post","type-post","status-publish","format-standard","has-post-thumbnail","hentry","category-saude"],"_links":{"self":[{"href":"https:\/\/sgvaimudar.com.br\/index.php\/wp-json\/wp\/v2\/posts\/29016","targetHints":{"allow":["GET"]}}],"collection":[{"href":"https:\/\/sgvaimudar.com.br\/index.php\/wp-json\/wp\/v2\/posts"}],"about":[{"href":"https:\/\/sgvaimudar.com.br\/index.php\/wp-json\/wp\/v2\/types\/post"}],"author":[{"embeddable":true,"href":"https:\/\/sgvaimudar.com.br\/index.php\/wp-json\/wp\/v2\/users\/5"}],"replies":[{"embeddable":true,"href":"https:\/\/sgvaimudar.com.br\/index.php\/wp-json\/wp\/v2\/comments?post=29016"}],"version-history":[{"count":1,"href":"https:\/\/sgvaimudar.com.br\/index.php\/wp-json\/wp\/v2\/posts\/29016\/revisions"}],"predecessor-version":[{"id":29018,"href":"https:\/\/sgvaimudar.com.br\/index.php\/wp-json\/wp\/v2\/posts\/29016\/revisions\/29018"}],"wp:featuredmedia":[{"embeddable":true,"href":"https:\/\/sgvaimudar.com.br\/index.php\/wp-json\/wp\/v2\/media\/26609"}],"wp:attachment":[{"href":"https:\/\/sgvaimudar.com.br\/index.php\/wp-json\/wp\/v2\/media?parent=29016"}],"wp:term":[{"taxonomy":"category","embeddable":true,"href":"https:\/\/sgvaimudar.com.br\/index.php\/wp-json\/wp\/v2\/categories?post=29016"},{"taxonomy":"post_tag","embeddable":true,"href":"https:\/\/sgvaimudar.com.br\/index.php\/wp-json\/wp\/v2\/tags?post=29016"}],"curies":[{"name":"wp","href":"https:\/\/api.w.org\/{rel}","templated":true}]}}