{"id":28985,"date":"2025-08-05T07:11:07","date_gmt":"2025-08-05T10:11:07","guid":{"rendered":"https:\/\/sgvaimudar.com.br\/?p=28985"},"modified":"2025-08-05T07:11:07","modified_gmt":"2025-08-05T10:11:07","slug":"prefeito-se-mostra-otimista-sobre-candidatura-rio-niteroi-para-o-pan-de-2031","status":"publish","type":"post","link":"https:\/\/sgvaimudar.com.br\/index.php\/2025\/08\/05\/prefeito-se-mostra-otimista-sobre-candidatura-rio-niteroi-para-o-pan-de-2031\/","title":{"rendered":"Prefeito se mostra otimista sobre candidatura Rio-Niter\u00f3i para o Pan de 2031"},"content":{"rendered":"\n<p><em>A candidatura das cidades vizinhas concorre com\u00a0Assun\u00e7\u00e3o, no Paraguai, para sediar os jogos em 2031<\/em><\/p>\n\n\n\n<p>O prefeito do Rio, Eduardo Paes\u00a0(PSD), demonstrou otimismo sobre a candidatura conjunta de\u00a0Rio e Niter\u00f3i\u00a0para sediar os\u00a0Jogos Pan-Americanos e ParaPan-Americanos de 2031. Durante coletiva na apresenta\u00e7\u00e3o do\u00a0Museu Ol\u00edmpico do Rio \u00e0 imprensa, Paes comentou sobre a disputa com a cidade de Assun\u00e7\u00e3o.<\/p>\n\n\n\n<p>&#8220;A gente est\u00e1 trabalhando. N\u00f3s vamos a Assun\u00e7\u00e3o (no Paraguai), eu acho que em 8 de agosto, vai ter uma apresenta\u00e7\u00e3o da candidatura Rio de Janeiro-Niter\u00f3i. Estamos muito otimistas. As cidades est\u00e3o preparadas, n\u00f3s vamos ter todas as condi\u00e7\u00f5es. Agora, depende da comiss\u00e3o da Panam Sports, que \u00e9 quem vai tomar a decis\u00e3o (da cidade sede)&#8221;, disse Eduardo Paes.<\/p>\n\n\n\n<p>A cidade concorrente nunca sediou uma edi\u00e7\u00e3o do evento anteriormente, sendo a experi\u00eancia mais recente o Pan-Americano J\u00fanior, que acontece neste m\u00eas.<\/p>\n\n\n\n<p>Do outro lado, o Rio de Janeiro j\u00e1 sediou a edi\u00e7\u00e3o de 2007 dos Jogos Pan-Americanos e as Olimp\u00edadas do Rio, em 2016. A ideia \u00e9 j\u00e1 usar as estruturas constru\u00eddas nos eventos, como o Parque Radical de Deodoro e o Parque Ol\u00edmpico. A maior adapta\u00e7\u00e3o ser\u00e1 para a cidade de Niter\u00f3i.<\/p>\n\n\n\n<p>O documento da candidatura inclui uma previs\u00e3o or\u00e7ament\u00e1ria de R$ 667.537.632,00 para a realiza\u00e7\u00e3o dos Jogos Pan-Americanos e Parapan-Americanos. A decis\u00e3o da escolha da cidade-sede deve ser tomada pela Panam Sports at\u00e9 outubro deste ano.<\/p>\n\n\n\n<p> <p class=\"MsoNormal\"><b><i><span style=\"font-size:16.0pt;line-height:115%\">S\u00e3o Gon\u00e7alo vai mudar: Not\u00edcias de S\u00e3o Gon\u00e7alo e toda regi\u00e3o.<\/span><\/i><\/b><\/p><\/p>\n\n\n\n<figure class=\"wp-block-image size-large\"><img fetchpriority=\"high\" decoding=\"async\" width=\"1024\" height=\"252\" src=\"https:\/\/sgvaimudar.com.br\/wp-content\/uploads\/2025\/03\/Anuncie-Aqui-Sao-Goncalo-vai-mudar-1024x252.jpg\" alt=\"\" class=\"wp-image-22693\" srcset=\"https:\/\/sgvaimudar.com.br\/wp-content\/uploads\/2025\/03\/Anuncie-Aqui-Sao-Goncalo-vai-mudar-1024x252.jpg 1024w, https:\/\/sgvaimudar.com.br\/wp-content\/uploads\/2025\/03\/Anuncie-Aqui-Sao-Goncalo-vai-mudar-300x74.jpg 300w, https:\/\/sgvaimudar.com.br\/wp-content\/uploads\/2025\/03\/Anuncie-Aqui-Sao-Goncalo-vai-mudar-768x189.jpg 768w, https:\/\/sgvaimudar.com.br\/wp-content\/uploads\/2025\/03\/Anuncie-Aqui-Sao-Goncalo-vai-mudar-1536x378.jpg 1536w, https:\/\/sgvaimudar.com.br\/wp-content\/uploads\/2025\/03\/Anuncie-Aqui-Sao-Goncalo-vai-mudar-2048x504.jpg 2048w\" sizes=\"(max-width: 1024px) 100vw, 1024px\" \/><\/figure>\n\n\n\n<p> <\/p>\n","protected":false},"excerpt":{"rendered":"<p>A candidatura das cidades vizinhas concorre com\u00a0Assun\u00e7\u00e3o, no Paraguai, para sediar os jogos em 2031 O prefeito do Rio, Eduardo&hellip;<\/p>\n","protected":false},"author":5,"featured_media":28986,"comment_status":"open","ping_status":"open","sticky":false,"template":"","format":"standard","meta":{"fifu_image_url":"","fifu_image_alt":"","footnotes":""},"categories":[5],"tags":[],"class_list":["post-28985","post","type-post","status-publish","format-standard","has-post-thumbnail","hentry","category-esportes"],"_links":{"self":[{"href":"https:\/\/sgvaimudar.com.br\/index.php\/wp-json\/wp\/v2\/posts\/28985","targetHints":{"allow":["GET"]}}],"collection":[{"href":"https:\/\/sgvaimudar.com.br\/index.php\/wp-json\/wp\/v2\/posts"}],"about":[{"href":"https:\/\/sgvaimudar.com.br\/index.php\/wp-json\/wp\/v2\/types\/post"}],"author":[{"embeddable":true,"href":"https:\/\/sgvaimudar.com.br\/index.php\/wp-json\/wp\/v2\/users\/5"}],"replies":[{"embeddable":true,"href":"https:\/\/sgvaimudar.com.br\/index.php\/wp-json\/wp\/v2\/comments?post=28985"}],"version-history":[{"count":1,"href":"https:\/\/sgvaimudar.com.br\/index.php\/wp-json\/wp\/v2\/posts\/28985\/revisions"}],"predecessor-version":[{"id":28987,"href":"https:\/\/sgvaimudar.com.br\/index.php\/wp-json\/wp\/v2\/posts\/28985\/revisions\/28987"}],"wp:featuredmedia":[{"embeddable":true,"href":"https:\/\/sgvaimudar.com.br\/index.php\/wp-json\/wp\/v2\/media\/28986"}],"wp:attachment":[{"href":"https:\/\/sgvaimudar.com.br\/index.php\/wp-json\/wp\/v2\/media?parent=28985"}],"wp:term":[{"taxonomy":"category","embeddable":true,"href":"https:\/\/sgvaimudar.com.br\/index.php\/wp-json\/wp\/v2\/categories?post=28985"},{"taxonomy":"post_tag","embeddable":true,"href":"https:\/\/sgvaimudar.com.br\/index.php\/wp-json\/wp\/v2\/tags?post=28985"}],"curies":[{"name":"wp","href":"https:\/\/api.w.org\/{rel}","templated":true}]}}