{"id":28976,"date":"2025-08-04T17:00:00","date_gmt":"2025-08-04T20:00:00","guid":{"rendered":"https:\/\/sgvaimudar.com.br\/?p=28976"},"modified":"2025-08-04T10:02:46","modified_gmt":"2025-08-04T13:02:46","slug":"festa-no-parque-rural-encerra-temporada-de-arraias-em-niteroi","status":"publish","type":"post","link":"https:\/\/sgvaimudar.com.br\/index.php\/2025\/08\/04\/festa-no-parque-rural-encerra-temporada-de-arraias-em-niteroi\/","title":{"rendered":"Festa no Parque Rural encerra temporada de arrai\u00e1s em Niter\u00f3i"},"content":{"rendered":"\n<p><em>Com m\u00fasica, fazendinha, comidas t\u00edpicas e muita divers\u00e3o toda a fam\u00edlia vai se divertir no Engenho do Mato<\/em><\/p>\n\n\n\n<p>A temporada de festas julinas de Niter\u00f3i se despede em grande estilo com a Festa Agostina do Parque Rural, que acontece nos dias 08 e 09 de agosto, das 16h \u00e0s 23h, no Engenho do Mato. Com entrada gratuita e atra\u00e7\u00f5es para toda a fam\u00edlia, o evento leva ao p\u00fablico dois dias de muita m\u00fasica, cultura popular, comidas t\u00edpicas, dan\u00e7as, brincadeiras e contato com a vida no campo.<\/p>\n\n\n\n<p>Com o tema \u201cPasseio na Ro\u00e7a\u201d, o Parque Rural se transforma em um verdadeiro arrai\u00e1, celebrando as tradi\u00e7\u00f5es brasileiras com clima de confraterniza\u00e7\u00e3o, inclus\u00e3o e solidariedade. A sugest\u00e3o para o p\u00fablico \u00e9 levar 1kg de alimento n\u00e3o perec\u00edvel, que ser\u00e1 destinado ao Banco de Alimentos de Niter\u00f3i, respons\u00e1vel por apoiar projetos sociais que atendem pessoas em situa\u00e7\u00e3o de vulnerabilidade.<\/p>\n\n\n\n<p>A programa\u00e7\u00e3o musical conta com nomes como Sacha Alexia, Betinho Bahia &amp; Ismayer Alves, Jolly Ribeiro, Lara Zuzarte, Claudio Vieira, Forr\u00f3 P\u00e9 Descal\u00e7o e Forr\u00f3 Informal, garantindo muito forr\u00f3 e sertanejo nas noites de festa.<\/p>\n\n\n\n<p>Um dos destaques ser\u00e1 a apresenta\u00e7\u00e3o da tradicional Quadrilha Bal\u00e3o Dourado, no s\u00e1bado (09), \u00e0s 19h30, com um espet\u00e1culo repleto de cores, coreografias e homenagens \u00e0s ra\u00edzes nordestinas.<\/p>\n\n\n\n<p>Al\u00e9m dos shows, o evento oferece experi\u00eancias t\u00edpicas do ambiente rural e das festas populares:<br>\u2022 Mini Fazendinha com animais<br>\u2022 Brinquedos gratuitos para o p\u00fablico infantil<br>\u2022 Comidas t\u00edpicas das festas juninas e julinas<br>\u2022 Aulas de forr\u00f3 e dan\u00e7a mix com o professor Luciano Motta (s\u00e1bado)<\/p>\n\n\n\n<p>O espa\u00e7o da Mini Fazendinha contar\u00e1 com estrutura de acessibilidade, viabilizada pelo Programa Niter\u00f3i Inclusivo, garantindo que pessoas com defici\u00eancia possam participar com conforto e seguran\u00e7a.<\/p>\n\n\n\n<p>\u201cA Festa Agostina do Parque Rural \u00e9 um convite para todas as fam\u00edlias celebrarem juntas nossas tradi\u00e7\u00f5es populares, com alegria, inclus\u00e3o e solidariedade. Queremos oferecer uma experi\u00eancia completa e acess\u00edvel para todos os p\u00fablicos, refor\u00e7ando o papel do parque como espa\u00e7o vivo e integrador da cidade\u201d, destaca o secret\u00e1rio de Governo, Paulo Bagueira.<\/p>\n\n\n\n<p>A Festa Agostina do Parque Rural \u00e9 uma realiza\u00e7\u00e3o da Prefeitura de Niter\u00f3i, por meio da Secretaria Municipal de Governo, com organiza\u00e7\u00e3o do Parque Rural de Niter\u00f3i.<\/p>\n\n\n\n<p><strong>Servi\u00e7o<br><\/strong><br>Evento: Festa Agostina \u2013 \u201cPasseio na Ro\u00e7a\u201d<br>Local: Parque Rural de Niter\u00f3i \u2013 Rua S\u00e3o Sebasti\u00e3o, s\/n \u2013 Engenho do Mato<br>Datas: 08 e 09 de agosto<br>Hor\u00e1rio: Das 16h \u00e0s 23h<br>Entrada: Gratuita<br>Doa\u00e7\u00e3o sugerida: 1kg de alimento n\u00e3o perec\u00edvel<br>Instagram: @parqueruraldeniteroi<br>Contato:\u00a0<a href=\"mailto:cultura.parqueruralniteroi@gmail.com\">cultura.parqueruralniteroi@gmail.com<\/a>.<\/p>\n\n\n\n<p><strong><em>S\u00e3o Gon\u00e7alo vai mudar: Not\u00edcias de S\u00e3o Gon\u00e7alo e toda regi\u00e3o.<\/em><\/strong><\/p>\n\n\n\n<figure class=\"wp-block-image size-large\"><img fetchpriority=\"high\" decoding=\"async\" width=\"1024\" height=\"252\" src=\"https:\/\/sgvaimudar.com.br\/wp-content\/uploads\/2025\/03\/Anuncie-Aqui-Sao-Goncalo-vai-mudar-1024x252.jpg\" alt=\"\" class=\"wp-image-22693\" srcset=\"https:\/\/sgvaimudar.com.br\/wp-content\/uploads\/2025\/03\/Anuncie-Aqui-Sao-Goncalo-vai-mudar-1024x252.jpg 1024w, https:\/\/sgvaimudar.com.br\/wp-content\/uploads\/2025\/03\/Anuncie-Aqui-Sao-Goncalo-vai-mudar-300x74.jpg 300w, https:\/\/sgvaimudar.com.br\/wp-content\/uploads\/2025\/03\/Anuncie-Aqui-Sao-Goncalo-vai-mudar-768x189.jpg 768w, https:\/\/sgvaimudar.com.br\/wp-content\/uploads\/2025\/03\/Anuncie-Aqui-Sao-Goncalo-vai-mudar-1536x378.jpg 1536w, https:\/\/sgvaimudar.com.br\/wp-content\/uploads\/2025\/03\/Anuncie-Aqui-Sao-Goncalo-vai-mudar-2048x504.jpg 2048w\" sizes=\"(max-width: 1024px) 100vw, 1024px\" \/><\/figure>\n","protected":false},"excerpt":{"rendered":"<p>Com m\u00fasica, fazendinha, comidas t\u00edpicas e muita divers\u00e3o toda a fam\u00edlia vai se divertir no Engenho do Mato A temporada&hellip;<\/p>\n","protected":false},"author":5,"featured_media":28977,"comment_status":"open","ping_status":"open","sticky":false,"template":"","format":"standard","meta":{"fifu_image_url":"","fifu_image_alt":"","footnotes":""},"categories":[6],"tags":[],"class_list":["post-28976","post","type-post","status-publish","format-standard","has-post-thumbnail","hentry","category-entretenimento"],"_links":{"self":[{"href":"https:\/\/sgvaimudar.com.br\/index.php\/wp-json\/wp\/v2\/posts\/28976","targetHints":{"allow":["GET"]}}],"collection":[{"href":"https:\/\/sgvaimudar.com.br\/index.php\/wp-json\/wp\/v2\/posts"}],"about":[{"href":"https:\/\/sgvaimudar.com.br\/index.php\/wp-json\/wp\/v2\/types\/post"}],"author":[{"embeddable":true,"href":"https:\/\/sgvaimudar.com.br\/index.php\/wp-json\/wp\/v2\/users\/5"}],"replies":[{"embeddable":true,"href":"https:\/\/sgvaimudar.com.br\/index.php\/wp-json\/wp\/v2\/comments?post=28976"}],"version-history":[{"count":1,"href":"https:\/\/sgvaimudar.com.br\/index.php\/wp-json\/wp\/v2\/posts\/28976\/revisions"}],"predecessor-version":[{"id":28978,"href":"https:\/\/sgvaimudar.com.br\/index.php\/wp-json\/wp\/v2\/posts\/28976\/revisions\/28978"}],"wp:featuredmedia":[{"embeddable":true,"href":"https:\/\/sgvaimudar.com.br\/index.php\/wp-json\/wp\/v2\/media\/28977"}],"wp:attachment":[{"href":"https:\/\/sgvaimudar.com.br\/index.php\/wp-json\/wp\/v2\/media?parent=28976"}],"wp:term":[{"taxonomy":"category","embeddable":true,"href":"https:\/\/sgvaimudar.com.br\/index.php\/wp-json\/wp\/v2\/categories?post=28976"},{"taxonomy":"post_tag","embeddable":true,"href":"https:\/\/sgvaimudar.com.br\/index.php\/wp-json\/wp\/v2\/tags?post=28976"}],"curies":[{"name":"wp","href":"https:\/\/api.w.org\/{rel}","templated":true}]}}