{"id":28974,"date":"2025-08-04T15:00:00","date_gmt":"2025-08-04T18:00:00","guid":{"rendered":"https:\/\/sgvaimudar.com.br\/?p=28974"},"modified":"2025-08-04T09:57:26","modified_gmt":"2025-08-04T12:57:26","slug":"teatro-municipal-de-sao-goncalo-recebe-espetaculo-que-celebra-a-fe-o-amor-e-os-recomecos","status":"publish","type":"post","link":"https:\/\/sgvaimudar.com.br\/index.php\/2025\/08\/04\/teatro-municipal-de-sao-goncalo-recebe-espetaculo-que-celebra-a-fe-o-amor-e-os-recomecos\/","title":{"rendered":"Teatro Municipal de S\u00e3o Gon\u00e7alo recebe espet\u00e1culo que celebra a f\u00e9, o amor e os recome\u00e7os"},"content":{"rendered":"\n<p><em>Apresenta\u00e7\u00e3o re\u00fane dan\u00e7a e teatro com mensagens inspiradoras para toda a fam\u00edlia<\/em><\/p>\n\n\n\n<p>O Teatro Municipal de S\u00e3o Gon\u00e7alo recebe, no pr\u00f3ximo final de semana, no s\u00e1bado (9), um espet\u00e1culo que promete emocionar o p\u00fablico com mensagens de f\u00e9. A encena\u00e7\u00e3o \u00e9 voltada para toda fam\u00edlia com apresenta\u00e7\u00f5es sens\u00edveis e cheias de significado.<\/p>\n\n\n\n<p>O palco ser\u00e1 do espet\u00e1culo \u201cRecome\u00e7o\u201d, do Minist\u00e9rio Dan\u00e7a &amp; Vida. A apresenta\u00e7\u00e3o retrata, por meio da dan\u00e7a em suas diversas modalidades (jazz, ballet, contempor\u00e2neo), teatro e m\u00fasica, a hist\u00f3ria da cria\u00e7\u00e3o do mundo, conforme o livro de G\u00eanesis. A obra narra desde o surgimento da vida at\u00e9 a queda da humanidade, culminando na mensagem de reden\u00e7\u00e3o e na possibilidade de um novo come\u00e7o.\u00a0<\/p>\n\n\n\n<p>Com tr\u00eas sess\u00f5es ao longo do dia, \u00e0s 15h, 17h e 19h, o espet\u00e1culo refor\u00e7a a ideia de que, enquanto houver vida, sempre h\u00e1 chance de recome\u00e7ar. Os ingressos custam R$ 60 (inteira) e R$ 30 (meia), com compra de ingressos pelo WhatsApp (21) 98611-3177. A classifica\u00e7\u00e3o \u00e9 livre.<\/p>\n\n\n\n<p><strong>Servi\u00e7o:&nbsp;<\/strong><\/p>\n\n\n\n<p><em>Local: Teatro Municipal de S\u00e3o Gon\u00e7alo&nbsp;<\/em><\/p>\n\n\n\n<p><em>Data: 9 de agosto<\/em><\/p>\n\n\n\n<p><em>Classifica\u00e7\u00e3o livre<\/em>.<\/p>\n\n\n\n<p><strong><em>S\u00e3o Gon\u00e7alo vai mudar: Not\u00edcias de S\u00e3o Gon\u00e7alo e toda regi\u00e3o.<\/em><\/strong><\/p>\n\n\n\n<figure class=\"wp-block-image size-large\"><img fetchpriority=\"high\" decoding=\"async\" width=\"1024\" height=\"252\" src=\"https:\/\/sgvaimudar.com.br\/wp-content\/uploads\/2025\/03\/Anuncie-Aqui-Sao-Goncalo-vai-mudar-1024x252.jpg\" alt=\"\" class=\"wp-image-22693\" srcset=\"https:\/\/sgvaimudar.com.br\/wp-content\/uploads\/2025\/03\/Anuncie-Aqui-Sao-Goncalo-vai-mudar-1024x252.jpg 1024w, https:\/\/sgvaimudar.com.br\/wp-content\/uploads\/2025\/03\/Anuncie-Aqui-Sao-Goncalo-vai-mudar-300x74.jpg 300w, https:\/\/sgvaimudar.com.br\/wp-content\/uploads\/2025\/03\/Anuncie-Aqui-Sao-Goncalo-vai-mudar-768x189.jpg 768w, https:\/\/sgvaimudar.com.br\/wp-content\/uploads\/2025\/03\/Anuncie-Aqui-Sao-Goncalo-vai-mudar-1536x378.jpg 1536w, https:\/\/sgvaimudar.com.br\/wp-content\/uploads\/2025\/03\/Anuncie-Aqui-Sao-Goncalo-vai-mudar-2048x504.jpg 2048w\" sizes=\"(max-width: 1024px) 100vw, 1024px\" \/><\/figure>\n","protected":false},"excerpt":{"rendered":"<p>Apresenta\u00e7\u00e3o re\u00fane dan\u00e7a e teatro com mensagens inspiradoras para toda a fam\u00edlia O Teatro Municipal de S\u00e3o Gon\u00e7alo recebe, no&hellip;<\/p>\n","protected":false},"author":5,"featured_media":24824,"comment_status":"open","ping_status":"open","sticky":false,"template":"","format":"standard","meta":{"fifu_image_url":"","fifu_image_alt":"","footnotes":""},"categories":[6],"tags":[],"class_list":["post-28974","post","type-post","status-publish","format-standard","has-post-thumbnail","hentry","category-entretenimento"],"_links":{"self":[{"href":"https:\/\/sgvaimudar.com.br\/index.php\/wp-json\/wp\/v2\/posts\/28974","targetHints":{"allow":["GET"]}}],"collection":[{"href":"https:\/\/sgvaimudar.com.br\/index.php\/wp-json\/wp\/v2\/posts"}],"about":[{"href":"https:\/\/sgvaimudar.com.br\/index.php\/wp-json\/wp\/v2\/types\/post"}],"author":[{"embeddable":true,"href":"https:\/\/sgvaimudar.com.br\/index.php\/wp-json\/wp\/v2\/users\/5"}],"replies":[{"embeddable":true,"href":"https:\/\/sgvaimudar.com.br\/index.php\/wp-json\/wp\/v2\/comments?post=28974"}],"version-history":[{"count":1,"href":"https:\/\/sgvaimudar.com.br\/index.php\/wp-json\/wp\/v2\/posts\/28974\/revisions"}],"predecessor-version":[{"id":28975,"href":"https:\/\/sgvaimudar.com.br\/index.php\/wp-json\/wp\/v2\/posts\/28974\/revisions\/28975"}],"wp:featuredmedia":[{"embeddable":true,"href":"https:\/\/sgvaimudar.com.br\/index.php\/wp-json\/wp\/v2\/media\/24824"}],"wp:attachment":[{"href":"https:\/\/sgvaimudar.com.br\/index.php\/wp-json\/wp\/v2\/media?parent=28974"}],"wp:term":[{"taxonomy":"category","embeddable":true,"href":"https:\/\/sgvaimudar.com.br\/index.php\/wp-json\/wp\/v2\/categories?post=28974"},{"taxonomy":"post_tag","embeddable":true,"href":"https:\/\/sgvaimudar.com.br\/index.php\/wp-json\/wp\/v2\/tags?post=28974"}],"curies":[{"name":"wp","href":"https:\/\/api.w.org\/{rel}","templated":true}]}}