{"id":28970,"date":"2025-08-04T14:00:00","date_gmt":"2025-08-04T17:00:00","guid":{"rendered":"https:\/\/sgvaimudar.com.br\/?p=28970"},"modified":"2025-08-04T09:54:25","modified_gmt":"2025-08-04T12:54:25","slug":"ato-em-sao-paulo-pede-anistia-a-bolsonaro-e-exalta-trump","status":"publish","type":"post","link":"https:\/\/sgvaimudar.com.br\/index.php\/2025\/08\/04\/ato-em-sao-paulo-pede-anistia-a-bolsonaro-e-exalta-trump\/","title":{"rendered":"Ato em S\u00e3o Paulo pede anistia a Bolsonaro e exalta Trump"},"content":{"rendered":"\n<p><em>Manifestantes tamb\u00e9m defendem Trump e pedem impeachment de Moraes<\/em><\/p>\n\n\n\n<p>Apoiadores do ex-presidente Jair Bolsonaro ocuparam cerca de duas quadras da Avenida Paulista,&nbsp;entre a Fiesp e o Parque do Trianon, na tarde deste domingo (3). Eles&nbsp;defendem anistia ao ex-presidente e&nbsp;aos condenados pelos atentados de 8 janeiro,&nbsp;apoiam as tarifas contra o Brasil&nbsp;anunciadas pelo presidente dos Estados Unidos, Donald Trump, e pedem o impeachment e a pris\u00e3o do ministro Alexandre de Moraes, do Supremo Tribunal Federal.<img decoding=\"async\" src=\"https:\/\/agenciabrasil.ebc.com.br\/ebc.png?id=1653054&amp;o=node\"><img decoding=\"async\" src=\"https:\/\/agenciabrasil.ebc.com.br\/ebc.gif?id=1653054&amp;o=node\"><\/p>\n\n\n\n<p>O ato em S\u00e3o Paulo foi organizado por pol\u00edticos de direita e religiosos apoiadores do ex-presidente, como o pastor Silas Malafaia, da Igreja Assembleia de Deus Vit\u00f3ria em Cristo. Houve manifesta\u00e7\u00f5es semelhantes em outras cidades brasileiras, como o Rio de Janeiro e Bras\u00edlia.\u00a0<\/p>\n\n\n\n<figure class=\"wp-block-image size-large\"><img fetchpriority=\"high\" decoding=\"async\" width=\"1024\" height=\"613\" src=\"https:\/\/sgvaimudar.com.br\/wp-content\/uploads\/2025\/08\/img_8772-1024x613.webp\" alt=\"\" class=\"wp-image-28972\" srcset=\"https:\/\/sgvaimudar.com.br\/wp-content\/uploads\/2025\/08\/img_8772-1024x613.webp 1024w, https:\/\/sgvaimudar.com.br\/wp-content\/uploads\/2025\/08\/img_8772-300x179.webp 300w, https:\/\/sgvaimudar.com.br\/wp-content\/uploads\/2025\/08\/img_8772-768x459.webp 768w, https:\/\/sgvaimudar.com.br\/wp-content\/uploads\/2025\/08\/img_8772.webp 1170w\" sizes=\"(max-width: 1024px) 100vw, 1024px\" \/><\/figure>\n\n\n\n<p>Al\u00e9m de muitas bandeiras e camisas do Brasil, o ato tamb\u00e9m foi marcado por bandeiras dos Estados Unidos.<\/p>\n\n\n\n<h2 class=\"wp-block-heading\">Sem Bolsonaro e Tarc\u00edsio<\/h2>\n\n\n\n<p>Os presentes na manifesta\u00e7\u00e3o deste domingo afirmam que Bolsonaro&nbsp;\u00e9 alvo de persegui\u00e7\u00e3o.<\/p>\n\n\n\n<p>O ex-presidente n\u00e3o participou do protesto. Desde o dia 18 de julho, Bolsonaro cumpre medidas cautelares impostas pelo STF para evitar o risco de fuga e a obstru\u00e7\u00e3o da justi\u00e7a. Entre elas, est\u00e1 o uso de tornozeleira eletr\u00f4nica. Determinadas pelo ministro Alexandre de Moraes, as medidas n\u00e3o permitem que ele saia de casa durante o fim de semana, tampouco ap\u00f3s as 19h e antes das 6h de segunda a sexta-feira.<\/p>\n\n\n\n<p>Aliado de Bolsonaro, o governador paulista, Tarc\u00edsio de Freitas, tinha um procedimento m\u00e9dico agendado para a tarde deste domingo e tamb\u00e9m n\u00e3o participou do evento.<\/p>\n\n\n\n<h2 class=\"wp-block-heading\">Anistia<\/h2>\n\n\n\n<p>O ato pede\u00a0anistia ampla aos envolvidos nos ataques \u00e0s sedes dos Tr\u00eas Poderes no dia 8 de janeiro de 2023, quando pessoas acampadas em frente ao Quartel General do Ex\u00e9rcito, em Bras\u00edlia, se juntaram a mais v\u00e2ndalos e depredaram o Supremo Tribunal Federal, o Congresso Nacional e o Pal\u00e1cio da Alvorada, sede do Executivo Federal, na inten\u00e7\u00e3o de impedir o governo empossado em 1\u00ba de janeiro por meio de um golpe de Estado.<\/p>\n\n\n\n<p>Segundo a Procuradoria-Geral da Rep\u00fablica, o atentado foi o \u00e1pice da trama golpista coordenada desde meados de 2021, quando teve in\u00edcio um ataque deliberado \u00e0s urnas eletr\u00f4nicas e ao sistema eleitoral que se estendeu ao longo da campanha e ap\u00f3s as elei\u00e7\u00f5es de 2022.<\/p>\n\n\n\n<p>No pr\u00f3ximo m\u00eas de setembro, a Primeira Turma do STF deve decidir se o ex-presidente Jair Bolsonaro e mais sete aliados ser\u00e3o condenados por essa tentativa de golpe. Eles s\u00e3o os r\u00e9us do n\u00facleo central da organiza\u00e7\u00e3o criminosa apontada pela PGR.\u00a0<\/p>\n\n\n\n<h2 class=\"wp-block-heading\">Trump e EUA<\/h2>\n\n\n\n<p>O protesto na Avenida Paulista tamb\u00e9m contou com bandeiras dos Estados Unidos e\u00a0cartazes de apoio ao presidente Donald Trump,\u00a0pelas san\u00e7\u00f5es contra Moraes e pelas tarifas de 50% anunciadas para pressionar o Brasil. Aliado de Bolsonaro, Trump diz que o judici\u00e1rio brasileiro\u00a0persegue o ex-presidente e chama de ca\u00e7a \u00e0s bruxas o processo em curso no STF.\u00a0<\/p>\n\n\n\n<p>Os\u00a0 manifestantes tamb\u00e9m exaltaram o papel de Eduardo Bolsonaro ao insuflar a press\u00e3o dos Estados Unidos. O deputado federal\u00a0tem se reunido com l\u00edderes do partido republicano e do governo Trump. Segundo a PF e a PGR, Eduardo atua em nome do pai num p\u00e9riplo por Washington para convencer o governo dos EUA a impor san\u00e7\u00f5es a autoridades brasileiras como forma de pressionar a Justi\u00e7a do Brasil a arquivar a a\u00e7\u00e3o penal do golpe.<\/p>\n\n\n\n<p>A Pol\u00edcia Militar n\u00e3o forneceu uma estimativa precisa do n\u00famero de participantes nem do efetivo empregado na seguran\u00e7a da \u00e1rea. No entanto, confirmou o refor\u00e7o do policiamento, que j\u00e1 contava com um contingente consider\u00e1vel aos domingos.<\/p>\n\n\n\n<p>A prefeitura de S\u00e3o Paulo tamb\u00e9m n\u00e3o divulgou estimativa do n\u00famero de manifestantes na Avenida, que j\u00e1 estava interditada para o tr\u00e1fego de ve\u00edculos por conta do evento.<\/p>\n\n\n\n<p><strong><em>S\u00e3o Gon\u00e7alo vai mudar: Not\u00edcias de S\u00e3o Gon\u00e7alo e toda regi\u00e3o.<\/em><\/strong><\/p>\n\n\n\n<figure class=\"wp-block-image size-large\"><img decoding=\"async\" width=\"1024\" height=\"252\" src=\"https:\/\/sgvaimudar.com.br\/wp-content\/uploads\/2025\/03\/Anuncie-Aqui-Sao-Goncalo-vai-mudar-1024x252.jpg\" alt=\"\" class=\"wp-image-22693\" srcset=\"https:\/\/sgvaimudar.com.br\/wp-content\/uploads\/2025\/03\/Anuncie-Aqui-Sao-Goncalo-vai-mudar-1024x252.jpg 1024w, https:\/\/sgvaimudar.com.br\/wp-content\/uploads\/2025\/03\/Anuncie-Aqui-Sao-Goncalo-vai-mudar-300x74.jpg 300w, https:\/\/sgvaimudar.com.br\/wp-content\/uploads\/2025\/03\/Anuncie-Aqui-Sao-Goncalo-vai-mudar-768x189.jpg 768w, https:\/\/sgvaimudar.com.br\/wp-content\/uploads\/2025\/03\/Anuncie-Aqui-Sao-Goncalo-vai-mudar-1536x378.jpg 1536w, https:\/\/sgvaimudar.com.br\/wp-content\/uploads\/2025\/03\/Anuncie-Aqui-Sao-Goncalo-vai-mudar-2048x504.jpg 2048w\" sizes=\"(max-width: 1024px) 100vw, 1024px\" \/><\/figure>\n","protected":false},"excerpt":{"rendered":"<p>Manifestantes tamb\u00e9m defendem Trump e pedem impeachment de Moraes Apoiadores do ex-presidente Jair Bolsonaro ocuparam cerca de duas quadras da&hellip;<\/p>\n","protected":false},"author":5,"featured_media":28971,"comment_status":"open","ping_status":"open","sticky":false,"template":"","format":"standard","meta":{"fifu_image_url":"","fifu_image_alt":"","footnotes":""},"categories":[4],"tags":[],"class_list":["post-28970","post","type-post","status-publish","format-standard","has-post-thumbnail","hentry","category-brasil"],"_links":{"self":[{"href":"https:\/\/sgvaimudar.com.br\/index.php\/wp-json\/wp\/v2\/posts\/28970","targetHints":{"allow":["GET"]}}],"collection":[{"href":"https:\/\/sgvaimudar.com.br\/index.php\/wp-json\/wp\/v2\/posts"}],"about":[{"href":"https:\/\/sgvaimudar.com.br\/index.php\/wp-json\/wp\/v2\/types\/post"}],"author":[{"embeddable":true,"href":"https:\/\/sgvaimudar.com.br\/index.php\/wp-json\/wp\/v2\/users\/5"}],"replies":[{"embeddable":true,"href":"https:\/\/sgvaimudar.com.br\/index.php\/wp-json\/wp\/v2\/comments?post=28970"}],"version-history":[{"count":1,"href":"https:\/\/sgvaimudar.com.br\/index.php\/wp-json\/wp\/v2\/posts\/28970\/revisions"}],"predecessor-version":[{"id":28973,"href":"https:\/\/sgvaimudar.com.br\/index.php\/wp-json\/wp\/v2\/posts\/28970\/revisions\/28973"}],"wp:featuredmedia":[{"embeddable":true,"href":"https:\/\/sgvaimudar.com.br\/index.php\/wp-json\/wp\/v2\/media\/28971"}],"wp:attachment":[{"href":"https:\/\/sgvaimudar.com.br\/index.php\/wp-json\/wp\/v2\/media?parent=28970"}],"wp:term":[{"taxonomy":"category","embeddable":true,"href":"https:\/\/sgvaimudar.com.br\/index.php\/wp-json\/wp\/v2\/categories?post=28970"},{"taxonomy":"post_tag","embeddable":true,"href":"https:\/\/sgvaimudar.com.br\/index.php\/wp-json\/wp\/v2\/tags?post=28970"}],"curies":[{"name":"wp","href":"https:\/\/api.w.org\/{rel}","templated":true}]}}