{"id":28966,"date":"2025-08-04T13:00:00","date_gmt":"2025-08-04T16:00:00","guid":{"rendered":"https:\/\/sgvaimudar.com.br\/?p=28966"},"modified":"2025-08-04T09:42:22","modified_gmt":"2025-08-04T12:42:22","slug":"diversao-e-esporte-tomam-conta-de-itaborai-com-a-ita-colonia-de-ferias-e-a-1a-corrida-kids","status":"publish","type":"post","link":"https:\/\/sgvaimudar.com.br\/index.php\/2025\/08\/04\/diversao-e-esporte-tomam-conta-de-itaborai-com-a-ita-colonia-de-ferias-e-a-1a-corrida-kids\/","title":{"rendered":"Divers\u00e3o e esporte tomam conta de Itabora\u00ed com a Ita Col\u00f4nia de F\u00e9rias e a 1\u00aa Corrida Kids"},"content":{"rendered":"\n<p>O domingo (03\/08) de sol e c\u00e9u azul foi especial para as fam\u00edlias de Itabora\u00ed. A Pra\u00e7a Marechal Floriano Peixoto, no Centro, se transformou em um grande espa\u00e7o de lazer com o segundo dia da Ita Col\u00f4nia de F\u00e9rias e a realiza\u00e7\u00e3o da 1\u00aa edi\u00e7\u00e3o da Corrida Ita Kids, que reuniu centenas de crian\u00e7as em um dia repleto de atividades gratuitas, divers\u00e3o e esporte.<\/p>\n\n\n\n<p>Ao pensar na fam\u00edlia, o evento, promovido pela Prefeitura, por meio das secretarias municipais de Esporte e Lazer, e de Turismo e Eventos, aconteceu nos dias 02 e 03 de agosto e contou com atra\u00e7\u00f5es como oficinas de pintura, pula-pula, jogos educativos, apresenta\u00e7\u00f5es culturais, touro mec\u00e2nico e brinquedos infl\u00e1veis, garantindo a alegria da crian\u00e7ada durante os dois dias de programa\u00e7\u00e3o.<\/p>\n\n\n\n<figure class=\"wp-block-image size-large\"><img fetchpriority=\"high\" decoding=\"async\" width=\"1024\" height=\"682\" src=\"https:\/\/sgvaimudar.com.br\/wp-content\/uploads\/2025\/08\/Diversao-e-esporte-tomam-conta-de-Itaborai-com-a-Ita-Colonia-de-Ferias-e-a-1a-Corrida-Kids-3-1024x682.jpeg\" alt=\"\" class=\"wp-image-28967\" srcset=\"https:\/\/sgvaimudar.com.br\/wp-content\/uploads\/2025\/08\/Diversao-e-esporte-tomam-conta-de-Itaborai-com-a-Ita-Colonia-de-Ferias-e-a-1a-Corrida-Kids-3-1024x682.jpeg 1024w, https:\/\/sgvaimudar.com.br\/wp-content\/uploads\/2025\/08\/Diversao-e-esporte-tomam-conta-de-Itaborai-com-a-Ita-Colonia-de-Ferias-e-a-1a-Corrida-Kids-3-300x200.jpeg 300w, https:\/\/sgvaimudar.com.br\/wp-content\/uploads\/2025\/08\/Diversao-e-esporte-tomam-conta-de-Itaborai-com-a-Ita-Colonia-de-Ferias-e-a-1a-Corrida-Kids-3-768x512.jpeg 768w, https:\/\/sgvaimudar.com.br\/wp-content\/uploads\/2025\/08\/Diversao-e-esporte-tomam-conta-de-Itaborai-com-a-Ita-Colonia-de-Ferias-e-a-1a-Corrida-Kids-3-1536x1023.jpeg 1536w, https:\/\/sgvaimudar.com.br\/wp-content\/uploads\/2025\/08\/Diversao-e-esporte-tomam-conta-de-Itaborai-com-a-Ita-Colonia-de-Ferias-e-a-1a-Corrida-Kids-3.jpeg 1600w\" sizes=\"(max-width: 1024px) 100vw, 1024px\" \/><\/figure>\n\n\n\n<p>Ao lado da fam\u00edlia, o prefeito de Itabora\u00ed, Marcelo Delaroli, acompanhou de perto as atividades e destacou a import\u00e2ncia de promover eventos voltados para as crian\u00e7as e suas fam\u00edlias.<\/p>\n\n\n\n<p>\u201cItabora\u00ed vive um novo tempo. Ver nossas crian\u00e7as se divertindo com seguran\u00e7a em um espa\u00e7o p\u00fablico, \u00e9 motivo de orgulho. Estamos investindo na qualidade de vida da nossa popula\u00e7\u00e3o e isso tamb\u00e9m passa pelo lazer, pela inf\u00e2ncia e pela conviv\u00eancia familiar\u201d, afirmou Marcelo Delaroli.<\/p>\n\n\n\n<p>A grande novidade do fim de semana foi a 1\u00aa edi\u00e7\u00e3o da Corrida Ita Kids, que contou com mil inscritos divididos em quatro categorias: 6 anos; 7 e 8 anos; 9 e 10 anos; e 11 e 12 anos. Os percursos foram adaptados conforme a faixa et\u00e1ria, com 100 metros para os menores, 200 metros para os de 9 e 10 anos, e 400 metros para os de 11 e 12 anos. Em cada categoria, tr\u00eas medalhistas subiram ao p\u00f3dio.<\/p>\n\n\n\n<p>Moradora do bairro Apolo II, Jorgiane dos Santos, de 34 anos, aproveitou para levar o filho Jo\u00e3o Pedro, de 4 anos, para curtir o \u00faltimo fim de semana das f\u00e9rias escolares.<\/p>\n\n\n\n<p>\u201c\u00c9 a primeira vez que vejo um evento assim aqui na cidade e achei \u00f3timo para trazer as crian\u00e7as. Meu filho j\u00e1 pintou, dan\u00e7ou e est\u00e1 esperando o touro mec\u00e2nico. Est\u00e1 tudo maravilhoso, muito bem organizado\u201d, disse a analista de RH.<\/p>\n\n\n\n<p><strong><em>S\u00e3o Gon\u00e7alo vai mudar: Not\u00edcias de S\u00e3o Gon\u00e7alo e toda regi\u00e3o.<\/em><\/strong><\/p>\n\n\n\n<figure class=\"wp-block-image size-large\"><img decoding=\"async\" width=\"1024\" height=\"252\" src=\"https:\/\/sgvaimudar.com.br\/wp-content\/uploads\/2025\/03\/Anuncie-Aqui-Sao-Goncalo-vai-mudar-1024x252.jpg\" alt=\"\" class=\"wp-image-22693\" srcset=\"https:\/\/sgvaimudar.com.br\/wp-content\/uploads\/2025\/03\/Anuncie-Aqui-Sao-Goncalo-vai-mudar-1024x252.jpg 1024w, https:\/\/sgvaimudar.com.br\/wp-content\/uploads\/2025\/03\/Anuncie-Aqui-Sao-Goncalo-vai-mudar-300x74.jpg 300w, https:\/\/sgvaimudar.com.br\/wp-content\/uploads\/2025\/03\/Anuncie-Aqui-Sao-Goncalo-vai-mudar-768x189.jpg 768w, https:\/\/sgvaimudar.com.br\/wp-content\/uploads\/2025\/03\/Anuncie-Aqui-Sao-Goncalo-vai-mudar-1536x378.jpg 1536w, https:\/\/sgvaimudar.com.br\/wp-content\/uploads\/2025\/03\/Anuncie-Aqui-Sao-Goncalo-vai-mudar-2048x504.jpg 2048w\" sizes=\"(max-width: 1024px) 100vw, 1024px\" \/><\/figure>\n","protected":false},"excerpt":{"rendered":"<p>O domingo (03\/08) de sol e c\u00e9u azul foi especial para as fam\u00edlias de Itabora\u00ed. A Pra\u00e7a Marechal Floriano Peixoto,&hellip;<\/p>\n","protected":false},"author":5,"featured_media":28968,"comment_status":"open","ping_status":"open","sticky":false,"template":"","format":"standard","meta":{"fifu_image_url":"","fifu_image_alt":"","footnotes":""},"categories":[6],"tags":[],"class_list":["post-28966","post","type-post","status-publish","format-standard","has-post-thumbnail","hentry","category-entretenimento"],"_links":{"self":[{"href":"https:\/\/sgvaimudar.com.br\/index.php\/wp-json\/wp\/v2\/posts\/28966","targetHints":{"allow":["GET"]}}],"collection":[{"href":"https:\/\/sgvaimudar.com.br\/index.php\/wp-json\/wp\/v2\/posts"}],"about":[{"href":"https:\/\/sgvaimudar.com.br\/index.php\/wp-json\/wp\/v2\/types\/post"}],"author":[{"embeddable":true,"href":"https:\/\/sgvaimudar.com.br\/index.php\/wp-json\/wp\/v2\/users\/5"}],"replies":[{"embeddable":true,"href":"https:\/\/sgvaimudar.com.br\/index.php\/wp-json\/wp\/v2\/comments?post=28966"}],"version-history":[{"count":1,"href":"https:\/\/sgvaimudar.com.br\/index.php\/wp-json\/wp\/v2\/posts\/28966\/revisions"}],"predecessor-version":[{"id":28969,"href":"https:\/\/sgvaimudar.com.br\/index.php\/wp-json\/wp\/v2\/posts\/28966\/revisions\/28969"}],"wp:featuredmedia":[{"embeddable":true,"href":"https:\/\/sgvaimudar.com.br\/index.php\/wp-json\/wp\/v2\/media\/28968"}],"wp:attachment":[{"href":"https:\/\/sgvaimudar.com.br\/index.php\/wp-json\/wp\/v2\/media?parent=28966"}],"wp:term":[{"taxonomy":"category","embeddable":true,"href":"https:\/\/sgvaimudar.com.br\/index.php\/wp-json\/wp\/v2\/categories?post=28966"},{"taxonomy":"post_tag","embeddable":true,"href":"https:\/\/sgvaimudar.com.br\/index.php\/wp-json\/wp\/v2\/tags?post=28966"}],"curies":[{"name":"wp","href":"https:\/\/api.w.org\/{rel}","templated":true}]}}