{"id":28923,"date":"2025-08-03T10:00:00","date_gmt":"2025-08-03T13:00:00","guid":{"rendered":"https:\/\/sgvaimudar.com.br\/?p=28923"},"modified":"2025-08-03T05:23:57","modified_gmt":"2025-08-03T08:23:57","slug":"agosto-lilas-tem-inicio-em-sao-goncalo-com-palestra-e-iluminacao-lilas-na-maternidade-mario-niajar","status":"publish","type":"post","link":"https:\/\/sgvaimudar.com.br\/index.php\/2025\/08\/03\/agosto-lilas-tem-inicio-em-sao-goncalo-com-palestra-e-iluminacao-lilas-na-maternidade-mario-niajar\/","title":{"rendered":"Agosto Lil\u00e1s tem in\u00edcio em S\u00e3o Gon\u00e7alo com palestra e ilumina\u00e7\u00e3o lil\u00e1s na Maternidade M\u00e1rio Niajar"},"content":{"rendered":"\n<p><em>Evento marca os 19 anos da Lei Maria da Penha<\/em><\/p>\n\n\n\n<p>A entrada da Maternidade Municipal M\u00e1rio Niajar ganhou tons de lil\u00e1s nesta sexta-feira (01), com a fachada iluminada para dar in\u00edcio \u00e0s atividades do Agosto Lil\u00e1s, campanha de mobiliza\u00e7\u00e3o pelo fim da viol\u00eancia contra a mulher. <\/p>\n\n\n\n<p>A a\u00e7\u00e3o simb\u00f3lica, realizada pela Subsecretaria de Pol\u00edticas para as Mulheres, marcou o evento \u201cOnde h\u00e1 luz, n\u00e3o h\u00e1 sil\u00eancio!\u201d, que abriu a programa\u00e7\u00e3o especial do m\u00eas que celebra os 19 anos da Lei Maria da Penha.<\/p>\n\n\n\n<p>Durante o evento, foi realizada a palestra \u201cPor um cuidado que acolhe: enfrentando a viol\u00eancia contra a mulher\u201d, conduzida pela enfermeira obstetra Ana Beatriz Brum, com a presen\u00e7a da equipe t\u00e9cnica da maternidade. <\/p>\n\n\n\n<figure class=\"wp-block-image size-full\"><img fetchpriority=\"high\" decoding=\"async\" width=\"1024\" height=\"683\" src=\"https:\/\/sgvaimudar.com.br\/wp-content\/uploads\/2025\/08\/unnamed-8-1.jpg\" alt=\"\" class=\"wp-image-28925\" srcset=\"https:\/\/sgvaimudar.com.br\/wp-content\/uploads\/2025\/08\/unnamed-8-1.jpg 1024w, https:\/\/sgvaimudar.com.br\/wp-content\/uploads\/2025\/08\/unnamed-8-1-300x200.jpg 300w, https:\/\/sgvaimudar.com.br\/wp-content\/uploads\/2025\/08\/unnamed-8-1-768x512.jpg 768w\" sizes=\"(max-width: 1024px) 100vw, 1024px\" \/><\/figure>\n\n\n\n<p>A apresenta\u00e7\u00e3o abordou a Pol\u00edtica Nacional de Enfrentamento \u00e0 Viol\u00eancia contra as Mulheres, a import\u00e2ncia de profissionais qualificados no acompanhamento da gesta\u00e7\u00e3o, parto e p\u00f3s-parto, al\u00e9m de pr\u00e1ticas de cuidado e escuta \u00e0s mulheres em situa\u00e7\u00e3o de vulnerabilidade.<\/p>\n\n\n\n<p>\u201cA viol\u00eancia contra a mulher tamb\u00e9m se manifesta quando o cuidado na sa\u00fade \u00e9 negligente ou desrespeitoso. Garantir um parto seguro, humanizado e respeitoso \u00e9 parte fundamental da luta por direitos. Profissionais bem informados s\u00e3o a primeira linha de acolhimento. Um cuidado que acolhe come\u00e7a com escuta, respeito e responsabilidade. Parto com respeito n\u00e3o \u00e9 escolha, \u00e9 direito\u201d, destacou a enfermeira Ana Beatriz Brum.<\/p>\n\n\n\n<p>Ao final da palestra, os funcion\u00e1rios da maternidade foram convidados a se dirigir \u00e0 entrada da unidade, onde puderam acompanhar o momento em que as luzes lil\u00e1s foram acesas, marcando simbolicamente o in\u00edcio oficial da campanha Agosto Lil\u00e1s no munic\u00edpio. A cor lil\u00e1s representa o enfrentamento \u00e0 viol\u00eancia de g\u00eanero e visa sensibilizar a popula\u00e7\u00e3o sobre a import\u00e2ncia da preven\u00e7\u00e3o e do acolhimento \u00e0s v\u00edtimas.<\/p>\n\n\n\n<p>A subsecret\u00e1ria de Pol\u00edticas P\u00fablicas para as Mulheres, Ana Cristina da Silva, destacou a for\u00e7a da campanha.<\/p>\n\n\n\n<p>\u201cO Agosto Lil\u00e1s refor\u00e7a a import\u00e2ncia da conscientiza\u00e7\u00e3o da sociedade por meio da informa\u00e7\u00e3o e de a\u00e7\u00f5es concretas de enfrentamento \u00e0 viol\u00eancia contra a mulher. Ao longo do m\u00eas, intensificaremos a divulga\u00e7\u00e3o dos nossos servi\u00e7os e da rede municipal de acolhimento e acompanhamento, al\u00e9m de distribuir materiais informativos\u201d, afirmou.<\/p>\n\n\n\n<p>A programa\u00e7\u00e3o do Agosto Lil\u00e1s seguir\u00e1 ao longo de agosto, com atividades em diferentes regi\u00f5es do munic\u00edpio, como rodas de conversa, palestras, caminhadas e mobiliza\u00e7\u00f5es em unidades de sa\u00fade, escolas e outros equipamentos p\u00fablicos.<\/p>\n\n\n\n<p><\/p>\n","protected":false},"excerpt":{"rendered":"<p>Evento marca os 19 anos da Lei Maria da Penha A entrada da Maternidade Municipal M\u00e1rio Niajar ganhou tons de&hellip;<\/p>\n","protected":false},"author":5,"featured_media":28924,"comment_status":"open","ping_status":"open","sticky":false,"template":"","format":"standard","meta":{"fifu_image_url":"","fifu_image_alt":"","footnotes":""},"categories":[7],"tags":[],"class_list":["post-28923","post","type-post","status-publish","format-standard","has-post-thumbnail","hentry","category-saude"],"_links":{"self":[{"href":"https:\/\/sgvaimudar.com.br\/index.php\/wp-json\/wp\/v2\/posts\/28923","targetHints":{"allow":["GET"]}}],"collection":[{"href":"https:\/\/sgvaimudar.com.br\/index.php\/wp-json\/wp\/v2\/posts"}],"about":[{"href":"https:\/\/sgvaimudar.com.br\/index.php\/wp-json\/wp\/v2\/types\/post"}],"author":[{"embeddable":true,"href":"https:\/\/sgvaimudar.com.br\/index.php\/wp-json\/wp\/v2\/users\/5"}],"replies":[{"embeddable":true,"href":"https:\/\/sgvaimudar.com.br\/index.php\/wp-json\/wp\/v2\/comments?post=28923"}],"version-history":[{"count":1,"href":"https:\/\/sgvaimudar.com.br\/index.php\/wp-json\/wp\/v2\/posts\/28923\/revisions"}],"predecessor-version":[{"id":28926,"href":"https:\/\/sgvaimudar.com.br\/index.php\/wp-json\/wp\/v2\/posts\/28923\/revisions\/28926"}],"wp:featuredmedia":[{"embeddable":true,"href":"https:\/\/sgvaimudar.com.br\/index.php\/wp-json\/wp\/v2\/media\/28924"}],"wp:attachment":[{"href":"https:\/\/sgvaimudar.com.br\/index.php\/wp-json\/wp\/v2\/media?parent=28923"}],"wp:term":[{"taxonomy":"category","embeddable":true,"href":"https:\/\/sgvaimudar.com.br\/index.php\/wp-json\/wp\/v2\/categories?post=28923"},{"taxonomy":"post_tag","embeddable":true,"href":"https:\/\/sgvaimudar.com.br\/index.php\/wp-json\/wp\/v2\/tags?post=28923"}],"curies":[{"name":"wp","href":"https:\/\/api.w.org\/{rel}","templated":true}]}}