{"id":28904,"date":"2025-08-02T12:00:00","date_gmt":"2025-08-02T15:00:00","guid":{"rendered":"https:\/\/sgvaimudar.com.br\/?p=28904"},"modified":"2025-08-02T09:15:50","modified_gmt":"2025-08-02T12:15:50","slug":"claudio-castro-anuncia-pacote-de-obras-em-mage-e-entrega-novas-viaturas-semiblindadas-para-reforcar-a-seguranca-na-regiao","status":"publish","type":"post","link":"https:\/\/sgvaimudar.com.br\/index.php\/2025\/08\/02\/claudio-castro-anuncia-pacote-de-obras-em-mage-e-entrega-novas-viaturas-semiblindadas-para-reforcar-a-seguranca-na-regiao\/","title":{"rendered":"Cl\u00e1udio Castro anuncia pacote de obras em Mag\u00e9 e entrega novas viaturas semiblindadas para refor\u00e7ar a seguran\u00e7a na regi\u00e3o"},"content":{"rendered":"\n<p><em>Munic\u00edpio tamb\u00e9m receber\u00e1 novo hospital de emerg\u00eancia, cinema p\u00fablico com programa\u00e7\u00e3o gratuita para a popula\u00e7\u00e3o e um novo quartel dos Bombeiros<\/em><\/p>\n\n\n\n<p>O governador Cl\u00e1udio Castro esteve nesta sexta-feira (01\/08) em Mag\u00e9, na Baixada Fluminense, onde anunciou uma s\u00e9rie de investimentos. Entre as a\u00e7\u00f5es, est\u00e3o o lan\u00e7amento de obras de infraestrutura urbana que somam mais de R$ 30 milh\u00f5es, a entrega de 13 viaturas semiblindadas para a Pol\u00edcia Militar, a reabertura de um hospital com atendimento de trauma, o in\u00edcio das obras de uma sala de cinema p\u00fablico gratuita, al\u00e9m da vistoria das obras do novo destacamento do Corpo de Bombeiros da regi\u00e3o.<\/p>\n\n\n\n<p>Durante a visita, o governador destacou que os investimentos al\u00e9m de reduzirem desigualdades regionais, impactam diretamente na melhoria da vida da popula\u00e7\u00e3o.<\/p>\n\n\n\n<figure class=\"wp-block-image size-large\"><img fetchpriority=\"high\" decoding=\"async\" width=\"1024\" height=\"654\" src=\"https:\/\/sgvaimudar.com.br\/wp-content\/uploads\/2025\/08\/Viaturas-PM-Investimentos_Foto-Rafael-Campos-03-1024x654.jpg\" alt=\"\" class=\"wp-image-28906\" srcset=\"https:\/\/sgvaimudar.com.br\/wp-content\/uploads\/2025\/08\/Viaturas-PM-Investimentos_Foto-Rafael-Campos-03-1024x654.jpg 1024w, https:\/\/sgvaimudar.com.br\/wp-content\/uploads\/2025\/08\/Viaturas-PM-Investimentos_Foto-Rafael-Campos-03-300x191.jpg 300w, https:\/\/sgvaimudar.com.br\/wp-content\/uploads\/2025\/08\/Viaturas-PM-Investimentos_Foto-Rafael-Campos-03-768x490.jpg 768w, https:\/\/sgvaimudar.com.br\/wp-content\/uploads\/2025\/08\/Viaturas-PM-Investimentos_Foto-Rafael-Campos-03.jpg 1440w\" sizes=\"(max-width: 1024px) 100vw, 1024px\" \/><figcaption class=\"wp-element-caption\">01\/08\/2025 &#8211; Governador Cl\u00e1udio Castro entrega viaturas da Pol\u00edcia Militar e anuncia novos investimentos em Mag\u00e9 &#8211; Fotos: Rafael Campos<\/figcaption><\/figure>\n\n\n\n<p>&#8211; &nbsp;O interior do estado tem que ter o mesmo tratamento do interior, e esse \u00e9 o compromisso do Governo do Estado. Estamos investindo em seguran\u00e7a e em obras de infraestrutura nos munic\u00edpios, para diminuir cada vez mais essa dist\u00e2ncia que existia. \u00c9 nossa obriga\u00e7\u00e3o promover o desenvolvimento regional e melhorar a qualidade de vida da popula\u00e7\u00e3o &#8211; disse Castro.<\/p>\n\n\n\n<p><strong>Mais de R$ 30 milh\u00f5es em obras<\/strong><\/p>\n\n\n\n<p>Entre as iniciativas para melhorar a infraestrutura de Mag\u00e9, h\u00e1 obras de pavimenta\u00e7\u00e3o e constru\u00e7\u00e3o de cal\u00e7adas. Visando a qualidade de vida e melhoria ambiental, o Estado ainda vai realizar o plantio de esp\u00e9cies vegetais e a recuperar o entorno do distrito de Guia de Pacoba\u00edba, incluindo a requalifica\u00e7\u00e3o do Complexo Ferrovi\u00e1rio. Tamb\u00e9m est\u00e1 prevista a conten\u00e7\u00e3o do Rio Roncador e a constru\u00e7\u00e3o de uma ponte, na Estrada Nossa Senhora da Piedade e outra na Rua Guarani, em Piabet\u00e1. E em homenagem ao craque mundial que nasceu em Pau Grande, distrito de Mag\u00e9, o governo vai construir o Centro Memorial Man\u00e9 Garrincha, em Inhomirim, com investimento de R$ 8,6 milh\u00f5es.<\/p>\n\n\n\n<p><strong>Refor\u00e7o na seguran\u00e7a<\/strong><\/p>\n\n\n\n<p>Para fortalecer as a\u00e7\u00f5es da Pol\u00edcia Militar, Mag\u00e9 recebeu 13 novas viaturas semiblindadas &#8211; nove Renault Duster e quatro Titano &#8211; destinadas ao 34\u00ba BPM, que tamb\u00e9m atende ao munic\u00edpio de Guapimirim. A entrega faz parte do plano estadual que prev\u00ea, ainda este ano, a distribui\u00e7\u00e3o de 758 viaturas em todo o estado e mais 23 para o RECOM (Rondas Especiais e Controle de Multid\u00e3o).<\/p>\n\n\n\n<p><strong>Atendimento mais \u00e1gil<\/strong><\/p>\n\n\n\n<p>Na \u00e1rea da sa\u00fade, ap\u00f3s a reforma da antiga Casa de Sa\u00fade Nossa Senhora da Piedade, a cidade vai receber um novo hospital p\u00fablico, com R$ 35 milh\u00f5es investidos pela Secretaria de Estado de Sa\u00fade (SES-RJ). A nova unidade contar\u00e1 com 152 leitos de cl\u00ednica m\u00e9dica, 20 leitos de CTI, seis salas de centro cir\u00fargico e equipamentos modernos de imagem, como tomografia computadorizada e resson\u00e2ncia magn\u00e9tica. A estrutura ser\u00e1 refer\u00eancia em trauma e ortopedia.<\/p>\n\n\n\n<p>Ainda na \u00e1rea de atendimento emergencial, o governador visitou as obras do novo quartel do Corpo de Bombeiros, no distrito de Fragoso. O destacamento atender\u00e1 mais de 100 mil habitantes de Mag\u00e9 e cerca de 120 mil moradores de Duque de Caxias, ampliando o tempo-resposta em localidades como Piabet\u00e1, Raiz da Serra e Pau Grande. O espa\u00e7o contar\u00e1 com viaturas rec\u00e9m-adquiridas, p\u00e1tio para treinamentos, torre de exerc\u00edcios e academia equipada.<\/p>\n\n\n\n<p>&#8211; &nbsp;Com esse investimento, vamos ampliar o atendimento de excel\u00eancia em prol da popula\u00e7\u00e3o. Efetivo qualificado, equipamentos e viaturas de ponta v\u00e3o estar \u00e0 disposi\u00e7\u00e3o para as a\u00e7\u00f5es dos nossos militares nas cidades da Baixada \u2013 disse o governador.<\/p>\n\n\n\n<p><strong>Amplia\u00e7\u00e3o do acesso \u00e0 cultura<\/strong><\/p>\n\n\n\n<p>O governador Cl\u00e1udio Castro lan\u00e7ou ainda, em Mag\u00e9, a pedra fundamental para a constru\u00e7\u00e3o do novo cinema da cidade, a Cine+, que ser\u00e1 constru\u00edda na Pra\u00e7a Sete de Setembro, em Piabet\u00e1. A unidade contar\u00e1 com 101 poltronas acolchoadas, acessibilidade, cabine de proje\u00e7\u00e3o, bilheteria e bomboniere. A iniciativa, viabilizada por meio da Lei de Incentivo \u00e0 Cultura, em parceria com a Enel Brasil, a Secretaria de Estado de Cultura e Economia Criativa, a Marco Zero e os institutos CINE+ e Ibero Culturas, oferecer\u00e1 programa\u00e7\u00e3o gratuita e uso multiuso para a\u00e7\u00f5es art\u00edsticas e formativas. Ser\u00e3o seis meses de obras, com previs\u00e3o de entrega para o in\u00edcio de 2026.<\/p>\n\n\n\n<p><em>Fotos: Rog\u00e9rio Santana e Rafael Campos<\/em><\/p>\n\n\n\n<p><strong><em>Fa\u00e7a sua den\u00fancia pelo nosso WhatsApp: (21) <\/em><\/strong><strong><em>99744 5345<\/em><\/strong><strong><em><\/em><\/strong><\/p>\n\n\n\n<p><strong><em>S\u00e3o Gon\u00e7alo vai mudar: Not\u00edcias de S\u00e3o Gon\u00e7alo e toda regi\u00e3o.<\/em><\/strong><\/p>\n\n\n\n<figure class=\"wp-block-image size-large\"><img decoding=\"async\" width=\"1024\" height=\"378\" src=\"https:\/\/sgvaimudar.com.br\/wp-content\/uploads\/2023\/08\/cropped-Logo-Provisoria-2-1-1024x378.png\" alt=\"\" class=\"wp-image-2780\" srcset=\"https:\/\/sgvaimudar.com.br\/wp-content\/uploads\/2023\/08\/cropped-Logo-Provisoria-2-1-1024x378.png 1024w, https:\/\/sgvaimudar.com.br\/wp-content\/uploads\/2023\/08\/cropped-Logo-Provisoria-2-1-300x111.png 300w, https:\/\/sgvaimudar.com.br\/wp-content\/uploads\/2023\/08\/cropped-Logo-Provisoria-2-1-768x284.png 768w, https:\/\/sgvaimudar.com.br\/wp-content\/uploads\/2023\/08\/cropped-Logo-Provisoria-2-1.png 1386w\" sizes=\"(max-width: 1024px) 100vw, 1024px\" \/><\/figure>\n","protected":false},"excerpt":{"rendered":"<p>Munic\u00edpio tamb\u00e9m receber\u00e1 novo hospital de emerg\u00eancia, cinema p\u00fablico com programa\u00e7\u00e3o gratuita para a popula\u00e7\u00e3o e um novo quartel dos&hellip;<\/p>\n","protected":false},"author":5,"featured_media":28905,"comment_status":"open","ping_status":"open","sticky":false,"template":"","format":"standard","meta":{"fifu_image_url":"","fifu_image_alt":"","footnotes":""},"categories":[32],"tags":[],"class_list":["post-28904","post","type-post","status-publish","format-standard","has-post-thumbnail","hentry","category-casos-de-policia"],"_links":{"self":[{"href":"https:\/\/sgvaimudar.com.br\/index.php\/wp-json\/wp\/v2\/posts\/28904","targetHints":{"allow":["GET"]}}],"collection":[{"href":"https:\/\/sgvaimudar.com.br\/index.php\/wp-json\/wp\/v2\/posts"}],"about":[{"href":"https:\/\/sgvaimudar.com.br\/index.php\/wp-json\/wp\/v2\/types\/post"}],"author":[{"embeddable":true,"href":"https:\/\/sgvaimudar.com.br\/index.php\/wp-json\/wp\/v2\/users\/5"}],"replies":[{"embeddable":true,"href":"https:\/\/sgvaimudar.com.br\/index.php\/wp-json\/wp\/v2\/comments?post=28904"}],"version-history":[{"count":1,"href":"https:\/\/sgvaimudar.com.br\/index.php\/wp-json\/wp\/v2\/posts\/28904\/revisions"}],"predecessor-version":[{"id":28907,"href":"https:\/\/sgvaimudar.com.br\/index.php\/wp-json\/wp\/v2\/posts\/28904\/revisions\/28907"}],"wp:featuredmedia":[{"embeddable":true,"href":"https:\/\/sgvaimudar.com.br\/index.php\/wp-json\/wp\/v2\/media\/28905"}],"wp:attachment":[{"href":"https:\/\/sgvaimudar.com.br\/index.php\/wp-json\/wp\/v2\/media?parent=28904"}],"wp:term":[{"taxonomy":"category","embeddable":true,"href":"https:\/\/sgvaimudar.com.br\/index.php\/wp-json\/wp\/v2\/categories?post=28904"},{"taxonomy":"post_tag","embeddable":true,"href":"https:\/\/sgvaimudar.com.br\/index.php\/wp-json\/wp\/v2\/tags?post=28904"}],"curies":[{"name":"wp","href":"https:\/\/api.w.org\/{rel}","templated":true}]}}