{"id":28891,"date":"2025-08-02T10:00:00","date_gmt":"2025-08-02T13:00:00","guid":{"rendered":"https:\/\/sgvaimudar.com.br\/?p=28891"},"modified":"2025-08-02T08:58:17","modified_gmt":"2025-08-02T11:58:17","slug":"projeto-meu-ambiente-promove-atividade-sobre-manguezais-em-escola-de-sao-miguel","status":"publish","type":"post","link":"https:\/\/sgvaimudar.com.br\/index.php\/2025\/08\/02\/projeto-meu-ambiente-promove-atividade-sobre-manguezais-em-escola-de-sao-miguel\/","title":{"rendered":"Projeto Meu Ambiente promove atividade sobre manguezais em escola de S\u00e3o Miguel"},"content":{"rendered":"\n<p><em>A\u00e7\u00e3o desperta a consci\u00eancia ecol\u00f3gica nos alunos ao integrar a educa\u00e7\u00e3o ambiental ao curr\u00edculo escolar<\/em><\/p>\n\n\n\n<p>A Escola Municipal Luiz Gonzaga, em S\u00e3o Miguel, recebeu novamente o&nbsp;<em>Projeto \u201cMeu Ambiente\u201d<\/em>, desenvolvido pela Secretaria de Meio Ambiente e Transportes de S\u00e3o Gon\u00e7alo, em parceria com a Secretaria de Educa\u00e7\u00e3o. A nova visita, na \u00faltima quinta-feira (31), teve como foco o trabalho com os alunos do 5\u00ba ano em torno de uma data ambiental significativa: o Dia Mundial de Prote\u00e7\u00e3o aos Manguezais, celebrado em 26 de julho.<\/p>\n\n\n\n<p>A a\u00e7\u00e3o buscou refor\u00e7ar a import\u00e2ncia dos manguezais como ecossistemas essenciais para o equil\u00edbrio ambiental. Durante a atividade, os estudantes aprenderam sobre as fun\u00e7\u00f5es ecol\u00f3gicas desses ambientes costeiros, que atuam como verdadeiros ber\u00e7\u00e1rios da vida marinha e tamb\u00e9m representam fonte de subsist\u00eancia para comunidades tradicionais, como os caranguejeiros. O potencial dos manguezais para o turismo ecol\u00f3gico tamb\u00e9m foi destacado, incentivando a valoriza\u00e7\u00e3o e preserva\u00e7\u00e3o desse patrim\u00f4nio natural.<\/p>\n\n\n\n<figure class=\"wp-block-image size-full\"><img fetchpriority=\"high\" decoding=\"async\" width=\"960\" height=\"542\" src=\"https:\/\/sgvaimudar.com.br\/wp-content\/uploads\/2025\/08\/unnamed-14.jpg\" alt=\"\" class=\"wp-image-28892\" srcset=\"https:\/\/sgvaimudar.com.br\/wp-content\/uploads\/2025\/08\/unnamed-14.jpg 960w, https:\/\/sgvaimudar.com.br\/wp-content\/uploads\/2025\/08\/unnamed-14-300x169.jpg 300w, https:\/\/sgvaimudar.com.br\/wp-content\/uploads\/2025\/08\/unnamed-14-768x434.jpg 768w\" sizes=\"(max-width: 960px) 100vw, 960px\" \/><\/figure>\n\n\n\n<p>Para tornar o aprendizado mais din\u00e2mico e envolvente, os alunos participaram de uma atividade pr\u00e1tica em grupo: a confec\u00e7\u00e3o de um caranguejo articul\u00e1vel. A proposta, abordada de forma l\u00fadica, permitiu que os estudantes aprofundassem seus conhecimentos sobre o crust\u00e1ceo e sua rela\u00e7\u00e3o direta com o ecossistema do manguezal.<\/p>\n\n\n\n<p>A aluna Vit\u00f3ria Reis Alves, de 11 anos, falou sobre a atividade desenvolvida pela educadora ambiental e coordenadora do projeto, Glauce Batista Junior.<\/p>\n\n\n\n<p>\u201cEu amei fazer essa atividade, ela foi muito inspiradora. Os manguezais s\u00e3o muito importantes para o nosso planeta e eu tamb\u00e9m amei fazer o caranguejo\u201d, disse.<\/p>\n\n\n\n<p>A professora Renata Jesus Porto, que solicitou a abordagem do tema, tamb\u00e9m enfatizou a relev\u00e2ncia da a\u00e7\u00e3o para os estudantes.&nbsp;<\/p>\n\n\n\n<p>&#8220;Achei a atividade muito interessante. Considero essencial que as crian\u00e7as aprendam tudo o que envolve o meio ambiente, para que se conscientizem e entendam que n\u00e3o se pode jogar lixo na rua, al\u00e9m de saberem reaproveitar materiais que podem ser reciclados. Vimos, por exemplo, como o descarte incorreto afeta os mangues e prejudica o desenvolvimento da natureza&#8221;, destacou.<\/p>\n\n\n\n<p>\u201cO trabalho de educa\u00e7\u00e3o ambiental que realizamos nas escolas \u00e9 fundamental para despertar, desde cedo, o respeito pelos nossos ecossistemas. Falar sobre os manguezais \u00e9 lembrar da riqueza ambiental que temos em S\u00e3o Gon\u00e7alo e da necessidade de preserv\u00e1-la. Ao conhecerem a fun\u00e7\u00e3o desses ambientes e sua import\u00e2ncia para tantas esp\u00e9cies e comunidades, os alunos passam a enxergar o meio ambiente com mais responsabilidade e pertencimento\u201d, finalizou o secret\u00e1rio de Meio Ambiente e Transportes, Fabio Lemos.<\/p>\n\n\n\n<p>O Projeto \u201cMeu Ambiente\u201d tem como objetivo principal integrar a educa\u00e7\u00e3o ambiental ao cotidiano escolar, promovendo atividades pr\u00e1ticas, viv\u00eancias e reflex\u00f5es sobre temas como reciclagem, preserva\u00e7\u00e3o, consumo consciente e sustentabilidade. A iniciativa faz parte do Programa Municipal de Educa\u00e7\u00e3o Ambiental (ProMEA S\u00e3o Gon\u00e7alo) e atende \u00e0s diretrizes da Resolu\u00e7\u00e3o Conjunta SEAS\/Inea N\u00ba 039\/2021.<\/p>\n\n\n\n<p><em>Fotos: Ascom<\/em><\/p>\n\n\n\n<p><strong><em>Fa\u00e7a sua den\u00fancia pelo nosso WhatsApp: (21) <\/em><\/strong><strong><em>99744 5345<\/em><\/strong><strong><em><\/em><\/strong><\/p>\n\n\n\n<p><strong><em>S\u00e3o Gon\u00e7alo vai mudar: Not\u00edcias de S\u00e3o Gon\u00e7alo e toda regi\u00e3o.<\/em><\/strong><\/p>\n\n\n\n<figure class=\"wp-block-image size-large\"><img decoding=\"async\" width=\"1024\" height=\"252\" src=\"https:\/\/sgvaimudar.com.br\/wp-content\/uploads\/2025\/03\/Anuncie-Aqui-Sao-Goncalo-vai-mudar-1024x252.jpg\" alt=\"\" class=\"wp-image-22693\" srcset=\"https:\/\/sgvaimudar.com.br\/wp-content\/uploads\/2025\/03\/Anuncie-Aqui-Sao-Goncalo-vai-mudar-1024x252.jpg 1024w, https:\/\/sgvaimudar.com.br\/wp-content\/uploads\/2025\/03\/Anuncie-Aqui-Sao-Goncalo-vai-mudar-300x74.jpg 300w, https:\/\/sgvaimudar.com.br\/wp-content\/uploads\/2025\/03\/Anuncie-Aqui-Sao-Goncalo-vai-mudar-768x189.jpg 768w, https:\/\/sgvaimudar.com.br\/wp-content\/uploads\/2025\/03\/Anuncie-Aqui-Sao-Goncalo-vai-mudar-1536x378.jpg 1536w, https:\/\/sgvaimudar.com.br\/wp-content\/uploads\/2025\/03\/Anuncie-Aqui-Sao-Goncalo-vai-mudar-2048x504.jpg 2048w\" sizes=\"(max-width: 1024px) 100vw, 1024px\" \/><\/figure>\n","protected":false},"excerpt":{"rendered":"<p>A\u00e7\u00e3o desperta a consci\u00eancia ecol\u00f3gica nos alunos ao integrar a educa\u00e7\u00e3o ambiental ao curr\u00edculo escolar A Escola Municipal Luiz Gonzaga,&hellip;<\/p>\n","protected":false},"author":5,"featured_media":28893,"comment_status":"open","ping_status":"open","sticky":false,"template":"","format":"standard","meta":{"fifu_image_url":"","fifu_image_alt":"","footnotes":""},"categories":[3],"tags":[],"class_list":["post-28891","post","type-post","status-publish","format-standard","has-post-thumbnail","hentry","category-sao-goncalo"],"_links":{"self":[{"href":"https:\/\/sgvaimudar.com.br\/index.php\/wp-json\/wp\/v2\/posts\/28891","targetHints":{"allow":["GET"]}}],"collection":[{"href":"https:\/\/sgvaimudar.com.br\/index.php\/wp-json\/wp\/v2\/posts"}],"about":[{"href":"https:\/\/sgvaimudar.com.br\/index.php\/wp-json\/wp\/v2\/types\/post"}],"author":[{"embeddable":true,"href":"https:\/\/sgvaimudar.com.br\/index.php\/wp-json\/wp\/v2\/users\/5"}],"replies":[{"embeddable":true,"href":"https:\/\/sgvaimudar.com.br\/index.php\/wp-json\/wp\/v2\/comments?post=28891"}],"version-history":[{"count":1,"href":"https:\/\/sgvaimudar.com.br\/index.php\/wp-json\/wp\/v2\/posts\/28891\/revisions"}],"predecessor-version":[{"id":28894,"href":"https:\/\/sgvaimudar.com.br\/index.php\/wp-json\/wp\/v2\/posts\/28891\/revisions\/28894"}],"wp:featuredmedia":[{"embeddable":true,"href":"https:\/\/sgvaimudar.com.br\/index.php\/wp-json\/wp\/v2\/media\/28893"}],"wp:attachment":[{"href":"https:\/\/sgvaimudar.com.br\/index.php\/wp-json\/wp\/v2\/media?parent=28891"}],"wp:term":[{"taxonomy":"category","embeddable":true,"href":"https:\/\/sgvaimudar.com.br\/index.php\/wp-json\/wp\/v2\/categories?post=28891"},{"taxonomy":"post_tag","embeddable":true,"href":"https:\/\/sgvaimudar.com.br\/index.php\/wp-json\/wp\/v2\/tags?post=28891"}],"curies":[{"name":"wp","href":"https:\/\/api.w.org\/{rel}","templated":true}]}}