{"id":28883,"date":"2025-08-02T08:43:20","date_gmt":"2025-08-02T11:43:20","guid":{"rendered":"https:\/\/sgvaimudar.com.br\/?p=28883"},"modified":"2025-08-02T08:43:20","modified_gmt":"2025-08-02T11:43:20","slug":"nova-praca-do-vila-lage-sera-entregue-a-populacao-neste-sabado","status":"publish","type":"post","link":"https:\/\/sgvaimudar.com.br\/index.php\/2025\/08\/02\/nova-praca-do-vila-lage-sera-entregue-a-populacao-neste-sabado\/","title":{"rendered":"Nova Pra\u00e7a do Vila Lage ser\u00e1 entregue \u00e0 popula\u00e7\u00e3o neste s\u00e1bado"},"content":{"rendered":"\n<p><em>Espa\u00e7o foi totalmente revitalizado pelo projeto Pra\u00e7a Renovada<\/em><\/p>\n\n\n\n<p>A Pra\u00e7a do Vila Lage passou por um processo de requalifica\u00e7\u00e3o e est\u00e1 totalmente renovada para a popula\u00e7\u00e3o aproveitar. No pr\u00f3ximo s\u00e1bado (2), a partir das 9h, vai ocorrer a inaugura\u00e7\u00e3o do novo espa\u00e7o, com direito \u00e0 m\u00fasica com a banda da Orquestra Municipal de S\u00e3o Gon\u00e7alo e a Caravana de Arte e Lazer.<\/p>\n\n\n\n<p>A interven\u00e7\u00e3o foi projetada pela Secretaria de Gest\u00e3o Integrada e Projetos Especiais (Semgipe), em parceria com o Departamento de Engenharia da Secretaria de Meio Ambiente e Transportes da Prefeitura de S\u00e3o Gon\u00e7alo. <\/p>\n\n\n\n<figure class=\"wp-block-image size-large\"><img fetchpriority=\"high\" decoding=\"async\" width=\"1024\" height=\"684\" src=\"https:\/\/sgvaimudar.com.br\/wp-content\/uploads\/2025\/08\/unnamed-12-1024x684.jpg\" alt=\"\" class=\"wp-image-28884\" srcset=\"https:\/\/sgvaimudar.com.br\/wp-content\/uploads\/2025\/08\/unnamed-12-1024x684.jpg 1024w, https:\/\/sgvaimudar.com.br\/wp-content\/uploads\/2025\/08\/unnamed-12-300x200.jpg 300w, https:\/\/sgvaimudar.com.br\/wp-content\/uploads\/2025\/08\/unnamed-12-768x513.jpg 768w, https:\/\/sgvaimudar.com.br\/wp-content\/uploads\/2025\/08\/unnamed-12-1536x1027.jpg 1536w, https:\/\/sgvaimudar.com.br\/wp-content\/uploads\/2025\/08\/unnamed-12.jpg 1616w\" sizes=\"(max-width: 1024px) 100vw, 1024px\" \/><\/figure>\n\n\n\n<p>O espa\u00e7o recebeu um parquinho equipado e seguro, uma nova \u00e1rea de conviv\u00eancia com mesas e bancos de concreto, equipamentos de academia, pintura, paisagismo e drenagem, al\u00e9m de rampas de acessibilidade e biciclet\u00e1rio.<\/p>\n\n\n\n<p>No local, houve uma readequa\u00e7\u00e3o da geometria da via, em raz\u00e3o da implanta\u00e7\u00e3o do novo corredor vi\u00e1rio da cidade, o MUVI \u2013 Mobilidade Urbana Verde e Integrada \u2013, executado pela Secretaria de Estado das Cidades, com a cria\u00e7\u00e3o de novas vagas de estacionamento no entorno da pra\u00e7a, que atende \u00e0s necessidades dos comerciantes da regi\u00e3o.<\/p>\n\n\n\n<figure class=\"wp-block-image size-large\"><img decoding=\"async\" width=\"768\" height=\"1024\" src=\"https:\/\/sgvaimudar.com.br\/wp-content\/uploads\/2025\/08\/unnamed-9-768x1024.jpg\" alt=\"\" class=\"wp-image-28885\" srcset=\"https:\/\/sgvaimudar.com.br\/wp-content\/uploads\/2025\/08\/unnamed-9-768x1024.jpg 768w, https:\/\/sgvaimudar.com.br\/wp-content\/uploads\/2025\/08\/unnamed-9-225x300.jpg 225w, https:\/\/sgvaimudar.com.br\/wp-content\/uploads\/2025\/08\/unnamed-9.jpg 1080w\" sizes=\"(max-width: 768px) 100vw, 768px\" \/><\/figure>\n\n\n\n<p><strong>Altera\u00e7\u00e3o no tr\u00e2nsito<\/strong>\u00a0\u2013 Para a inaugura\u00e7\u00e3o e atividades recreativas, o acesso \u00e0 pra\u00e7a, que fica na Rua Dr. Alberto Torres, ser\u00e1 interditado a partir das 6h de s\u00e1bado. A libera\u00e7\u00e3o da \u00e1rea est\u00e1 prevista para 14h. Durante esse per\u00edodo, o acesso \u00e0 Avenida L\u00facio Tom\u00e9 Feteira ser\u00e1 redirecionado pela Rua C\u00f4nego Goulart. Haver\u00e1 agentes de tr\u00e2nsito e da Guarda Municipal orientando os motoristas.<\/p>\n\n\n\n<figure class=\"wp-block-image size-large\"><img decoding=\"async\" width=\"1024\" height=\"684\" src=\"https:\/\/sgvaimudar.com.br\/wp-content\/uploads\/2025\/08\/unnamed-11-1024x684.jpg\" alt=\"\" class=\"wp-image-28887\" srcset=\"https:\/\/sgvaimudar.com.br\/wp-content\/uploads\/2025\/08\/unnamed-11-1024x684.jpg 1024w, https:\/\/sgvaimudar.com.br\/wp-content\/uploads\/2025\/08\/unnamed-11-300x200.jpg 300w, https:\/\/sgvaimudar.com.br\/wp-content\/uploads\/2025\/08\/unnamed-11-768x513.jpg 768w, https:\/\/sgvaimudar.com.br\/wp-content\/uploads\/2025\/08\/unnamed-11-1536x1027.jpg 1536w, https:\/\/sgvaimudar.com.br\/wp-content\/uploads\/2025\/08\/unnamed-11.jpg 1616w\" sizes=\"(max-width: 1024px) 100vw, 1024px\" \/><\/figure>\n\n\n\n<p>A transforma\u00e7\u00e3o no espa\u00e7o do Vila Lage \u00e9 a 20\u00aa realizada pelo projeto Pra\u00e7a Renovada da Prefeitura de S\u00e3o Gon\u00e7alo, que vem garantindo \u00e1reas de lazer revitalizadas, de acordo com as necessidades da popula\u00e7\u00e3o de cada regi\u00e3o.<\/p>\n\n\n\n<p><em>Fotos: Renan Otto<\/em><\/p>\n\n\n\n<p><strong><em>S\u00e3o Gon\u00e7alo vai mudar: Not\u00edcias de S\u00e3o Gon\u00e7alo e toda regi\u00e3o.<\/em><\/strong><\/p>\n\n\n\n<figure class=\"wp-block-image size-large\"><img loading=\"lazy\" decoding=\"async\" width=\"1024\" height=\"252\" src=\"https:\/\/sgvaimudar.com.br\/wp-content\/uploads\/2025\/03\/Anuncie-Aqui-Sao-Goncalo-vai-mudar-1024x252.jpg\" alt=\"\" class=\"wp-image-22693\" srcset=\"https:\/\/sgvaimudar.com.br\/wp-content\/uploads\/2025\/03\/Anuncie-Aqui-Sao-Goncalo-vai-mudar-1024x252.jpg 1024w, https:\/\/sgvaimudar.com.br\/wp-content\/uploads\/2025\/03\/Anuncie-Aqui-Sao-Goncalo-vai-mudar-300x74.jpg 300w, https:\/\/sgvaimudar.com.br\/wp-content\/uploads\/2025\/03\/Anuncie-Aqui-Sao-Goncalo-vai-mudar-768x189.jpg 768w, https:\/\/sgvaimudar.com.br\/wp-content\/uploads\/2025\/03\/Anuncie-Aqui-Sao-Goncalo-vai-mudar-1536x378.jpg 1536w, https:\/\/sgvaimudar.com.br\/wp-content\/uploads\/2025\/03\/Anuncie-Aqui-Sao-Goncalo-vai-mudar-2048x504.jpg 2048w\" sizes=\"(max-width: 1024px) 100vw, 1024px\" \/><\/figure>\n","protected":false},"excerpt":{"rendered":"<p>Espa\u00e7o foi totalmente revitalizado pelo projeto Pra\u00e7a Renovada A Pra\u00e7a do Vila Lage passou por um processo de requalifica\u00e7\u00e3o e&hellip;<\/p>\n","protected":false},"author":5,"featured_media":28886,"comment_status":"open","ping_status":"open","sticky":false,"template":"","format":"standard","meta":{"fifu_image_url":"","fifu_image_alt":"","footnotes":""},"categories":[3],"tags":[],"class_list":["post-28883","post","type-post","status-publish","format-standard","has-post-thumbnail","hentry","category-sao-goncalo"],"_links":{"self":[{"href":"https:\/\/sgvaimudar.com.br\/index.php\/wp-json\/wp\/v2\/posts\/28883","targetHints":{"allow":["GET"]}}],"collection":[{"href":"https:\/\/sgvaimudar.com.br\/index.php\/wp-json\/wp\/v2\/posts"}],"about":[{"href":"https:\/\/sgvaimudar.com.br\/index.php\/wp-json\/wp\/v2\/types\/post"}],"author":[{"embeddable":true,"href":"https:\/\/sgvaimudar.com.br\/index.php\/wp-json\/wp\/v2\/users\/5"}],"replies":[{"embeddable":true,"href":"https:\/\/sgvaimudar.com.br\/index.php\/wp-json\/wp\/v2\/comments?post=28883"}],"version-history":[{"count":1,"href":"https:\/\/sgvaimudar.com.br\/index.php\/wp-json\/wp\/v2\/posts\/28883\/revisions"}],"predecessor-version":[{"id":28888,"href":"https:\/\/sgvaimudar.com.br\/index.php\/wp-json\/wp\/v2\/posts\/28883\/revisions\/28888"}],"wp:featuredmedia":[{"embeddable":true,"href":"https:\/\/sgvaimudar.com.br\/index.php\/wp-json\/wp\/v2\/media\/28886"}],"wp:attachment":[{"href":"https:\/\/sgvaimudar.com.br\/index.php\/wp-json\/wp\/v2\/media?parent=28883"}],"wp:term":[{"taxonomy":"category","embeddable":true,"href":"https:\/\/sgvaimudar.com.br\/index.php\/wp-json\/wp\/v2\/categories?post=28883"},{"taxonomy":"post_tag","embeddable":true,"href":"https:\/\/sgvaimudar.com.br\/index.php\/wp-json\/wp\/v2\/tags?post=28883"}],"curies":[{"name":"wp","href":"https:\/\/api.w.org\/{rel}","templated":true}]}}