{"id":28874,"date":"2025-08-02T08:30:16","date_gmt":"2025-08-02T11:30:16","guid":{"rendered":"https:\/\/sgvaimudar.com.br\/?p=28874"},"modified":"2025-08-02T09:34:40","modified_gmt":"2025-08-02T12:34:40","slug":"tensao-no-mutua-depois-da-morte-do-chefe-do-trafico-g-da-forca-nao-ha-confirmacao-se-o-comercio-vai-funcionar","status":"publish","type":"post","link":"https:\/\/sgvaimudar.com.br\/index.php\/2025\/08\/02\/tensao-no-mutua-depois-da-morte-do-chefe-do-trafico-g-da-forca-nao-ha-confirmacao-se-o-comercio-vai-funcionar\/","title":{"rendered":"Tens\u00e3o no Mutu\u00e1: Depois da morte do chefe do tr\u00e1fico &#8216;G da For\u00e7a&#8217; n\u00e3o h\u00e1 confirma\u00e7\u00e3o se o com\u00e9rcio vai funcionar"},"content":{"rendered":"\n<p><em>Fuzil do traficante G foi apreendido pelos policiais &#8211;&nbsp;Foto: Divulga\u00e7\u00e3o Pol\u00edcia Civil<\/em><\/p>\n\n\n\n<p>Os policiais civis da 72\u00aa DP (S\u00e3o Gon\u00e7alo)&nbsp;mataram, nesta sexta-feira (01\/08), a lideran\u00e7a do Comando Vermelho que atua na Comunidade da For\u00e7a, em S\u00e3o Gon\u00e7alo. O narcoterrorista, conhecido como <strong><em>G da For\u00e7a<\/em><\/strong>, ordenou o inc\u00eandio criminoso que atingiu uma viatura da Delegacia de Atendimento \u00e0 Mulher (Deam) de S\u00e3o Gon\u00e7alo, em outubro de 2024. O clima nos bairros Boa\u00e7u, Mutu\u00e1 e arredores segue tenso, e ainda n\u00e3o h\u00e1 confirma\u00e7\u00e3o se o com\u00e9rcio vai abrir neste s\u00e1bado.<\/p>\n\n\n\n<figure class=\"wp-block-video\"><video height=\"1280\" style=\"aspect-ratio: 720 \/ 1280;\" width=\"720\" controls src=\"https:\/\/sgvaimudar.com.br\/wp-content\/uploads\/2025\/08\/Apos-uma-ocorrencia-policial-realizada-pela-72a-DP-18o-BPM-do-Forte-quatro-pessoas-foram-b4l3.mp4\"><\/video><\/figure>\n\n\n\n<p><strong><em>G da For\u00e7a <\/em><\/strong>estava acompanhado de cinco seguran\u00e7as. Destes, dois tamb\u00e9m morreram no confronto e tr\u00eas foram presos em flagrante. Com o bando, foram apreendidos dois fuzis, pistola, drogas e duas motos. A opera\u00e7\u00e3o ocorreu ap\u00f3s levantamento de informa\u00e7\u00f5es de intelig\u00eancia, investiga\u00e7\u00e3o e monitoramento. <\/p>\n\n\n\n<p>Na semana passada, durante a\u00e7\u00e3o da delegacia contra o mesmo grupo, o chefe do Morro do Querosene, tamb\u00e9m naquele munic\u00edpio, foi morto em confronto com os agentes. Ele era bra\u00e7o direito do narcoterrorista mandante do crime e atuava como seguran\u00e7a dele.<\/p>\n\n\n\n<figure class=\"wp-block-image size-large\"><img fetchpriority=\"high\" decoding=\"async\" width=\"1024\" height=\"699\" src=\"https:\/\/sgvaimudar.com.br\/wp-content\/uploads\/2025\/08\/Chefe-do-trafico-no-Mutua-G-da-Forca-e-morto-pela-0015790500202508012243-ScaleDownProportional-1024x699.webp\" alt=\"\" class=\"wp-image-28876\" srcset=\"https:\/\/sgvaimudar.com.br\/wp-content\/uploads\/2025\/08\/Chefe-do-trafico-no-Mutua-G-da-Forca-e-morto-pela-0015790500202508012243-ScaleDownProportional-1024x699.webp 1024w, https:\/\/sgvaimudar.com.br\/wp-content\/uploads\/2025\/08\/Chefe-do-trafico-no-Mutua-G-da-Forca-e-morto-pela-0015790500202508012243-ScaleDownProportional-300x205.webp 300w, https:\/\/sgvaimudar.com.br\/wp-content\/uploads\/2025\/08\/Chefe-do-trafico-no-Mutua-G-da-Forca-e-morto-pela-0015790500202508012243-ScaleDownProportional-768x524.webp 768w, https:\/\/sgvaimudar.com.br\/wp-content\/uploads\/2025\/08\/Chefe-do-trafico-no-Mutua-G-da-Forca-e-morto-pela-0015790500202508012243-ScaleDownProportional.webp 1055w\" sizes=\"(max-width: 1024px) 100vw, 1024px\" \/><\/figure>\n\n\n\n<p>De acordo com as investiga\u00e7\u00f5es, o ataque \u00e0 viatura foi uma repres\u00e1lia \u00e0 pris\u00e3o de 10 traficantes da Comunidade da For\u00e7a, em uma a\u00e7\u00e3o da 72\u00aa DP para combater roubos de ve\u00edculos na regi\u00e3o. O crime ocorreu durante a madrugada, horas depois da opera\u00e7\u00e3o.<\/p>\n\n\n\n<p>Segundo os policiais, o alvo dos bandidos era o ve\u00edculo da distrital. No entanto, incendiaram a viatura da Deam, que estava estacionada na frente da edifica\u00e7\u00e3o, onde funcionam ambas as delegacias. Desde ent\u00e3o, dilig\u00eancias ocorrem a fim de localizar e prender os envolvidos. O Setor de Intelig\u00eancia da 72\u00aa DP fazia o monitoramento do grupo.<\/p>\n\n\n\n<p>Nesta sexta, ap\u00f3s intenso trabalho de investiga\u00e7\u00e3o, o narcoterrorista foi interceptado no momento em que chegava \u00e0 Comunidade da For\u00e7a, em um comboio de motos. Os criminosos atacaram os policiais civis e houve confronto. Al\u00e9m dos tr\u00eas neutralizados, um dos presos ficou ferido e est\u00e1 internado em unidade hospitalar sob cust\u00f3dia. Um dos fuzis apreendidos ostenta a letra G, em alus\u00e3o ao vulgo do l\u00edder da fac\u00e7\u00e3o que morreu na a\u00e7\u00e3o.<\/p>\n\n\n\n<p><strong><em>Fa\u00e7a sua den\u00fancia pelo nosso WhatsApp: (21) <\/em><\/strong><strong><em>99744 5345<\/em><\/strong><strong><em><\/em><\/strong><\/p>\n\n\n\n<p><strong><em>S\u00e3o Gon\u00e7alo vai mudar: Not\u00edcias de S\u00e3o Gon\u00e7alo e toda regi\u00e3o.<\/em><\/strong><\/p>\n\n\n\n<figure class=\"wp-block-image size-large\"><img decoding=\"async\" width=\"1024\" height=\"252\" src=\"https:\/\/sgvaimudar.com.br\/wp-content\/uploads\/2025\/03\/Anuncie-Aqui-Sao-Goncalo-vai-mudar-1024x252.jpg\" alt=\"\" class=\"wp-image-22693\" srcset=\"https:\/\/sgvaimudar.com.br\/wp-content\/uploads\/2025\/03\/Anuncie-Aqui-Sao-Goncalo-vai-mudar-1024x252.jpg 1024w, https:\/\/sgvaimudar.com.br\/wp-content\/uploads\/2025\/03\/Anuncie-Aqui-Sao-Goncalo-vai-mudar-300x74.jpg 300w, https:\/\/sgvaimudar.com.br\/wp-content\/uploads\/2025\/03\/Anuncie-Aqui-Sao-Goncalo-vai-mudar-768x189.jpg 768w, https:\/\/sgvaimudar.com.br\/wp-content\/uploads\/2025\/03\/Anuncie-Aqui-Sao-Goncalo-vai-mudar-1536x378.jpg 1536w, https:\/\/sgvaimudar.com.br\/wp-content\/uploads\/2025\/03\/Anuncie-Aqui-Sao-Goncalo-vai-mudar-2048x504.jpg 2048w\" sizes=\"(max-width: 1024px) 100vw, 1024px\" \/><\/figure>\n","protected":false},"excerpt":{"rendered":"<p>Fuzil do traficante G foi apreendido pelos policiais &#8211;&nbsp;Foto: Divulga\u00e7\u00e3o Pol\u00edcia Civil Os policiais civis da 72\u00aa DP (S\u00e3o Gon\u00e7alo)&nbsp;mataram,&hellip;<\/p>\n","protected":false},"author":5,"featured_media":28915,"comment_status":"open","ping_status":"open","sticky":false,"template":"","format":"standard","meta":{"fifu_image_url":"","fifu_image_alt":"","footnotes":""},"categories":[32],"tags":[],"class_list":["post-28874","post","type-post","status-publish","format-standard","has-post-thumbnail","hentry","category-casos-de-policia"],"_links":{"self":[{"href":"https:\/\/sgvaimudar.com.br\/index.php\/wp-json\/wp\/v2\/posts\/28874","targetHints":{"allow":["GET"]}}],"collection":[{"href":"https:\/\/sgvaimudar.com.br\/index.php\/wp-json\/wp\/v2\/posts"}],"about":[{"href":"https:\/\/sgvaimudar.com.br\/index.php\/wp-json\/wp\/v2\/types\/post"}],"author":[{"embeddable":true,"href":"https:\/\/sgvaimudar.com.br\/index.php\/wp-json\/wp\/v2\/users\/5"}],"replies":[{"embeddable":true,"href":"https:\/\/sgvaimudar.com.br\/index.php\/wp-json\/wp\/v2\/comments?post=28874"}],"version-history":[{"count":4,"href":"https:\/\/sgvaimudar.com.br\/index.php\/wp-json\/wp\/v2\/posts\/28874\/revisions"}],"predecessor-version":[{"id":28916,"href":"https:\/\/sgvaimudar.com.br\/index.php\/wp-json\/wp\/v2\/posts\/28874\/revisions\/28916"}],"wp:featuredmedia":[{"embeddable":true,"href":"https:\/\/sgvaimudar.com.br\/index.php\/wp-json\/wp\/v2\/media\/28915"}],"wp:attachment":[{"href":"https:\/\/sgvaimudar.com.br\/index.php\/wp-json\/wp\/v2\/media?parent=28874"}],"wp:term":[{"taxonomy":"category","embeddable":true,"href":"https:\/\/sgvaimudar.com.br\/index.php\/wp-json\/wp\/v2\/categories?post=28874"},{"taxonomy":"post_tag","embeddable":true,"href":"https:\/\/sgvaimudar.com.br\/index.php\/wp-json\/wp\/v2\/tags?post=28874"}],"curies":[{"name":"wp","href":"https:\/\/api.w.org\/{rel}","templated":true}]}}