{"id":28848,"date":"2025-08-01T15:00:00","date_gmt":"2025-08-01T18:00:00","guid":{"rendered":"https:\/\/sgvaimudar.com.br\/?p=28848"},"modified":"2025-08-01T10:37:20","modified_gmt":"2025-08-01T13:37:20","slug":"governo-do-rio-de-janeiro-reduz-pela-metade-a-inseguranca-alimentar-no-estado","status":"publish","type":"post","link":"https:\/\/sgvaimudar.com.br\/index.php\/2025\/08\/01\/governo-do-rio-de-janeiro-reduz-pela-metade-a-inseguranca-alimentar-no-estado\/","title":{"rendered":"Governo do Rio de Janeiro reduz pela metade a inseguran\u00e7a alimentar no estado"},"content":{"rendered":"\n<p><em>Estado retirou mais de 1,5 milh\u00e3o de pessoas da fome entre 2022 e 2023<\/em><\/p>\n\n\n\n<p>O Governo do Estado, por meio de investimentos cont\u00ednuos em programas de combate \u00e0 fome \u2014 como o Restaurante do Povo, Caf\u00e9 do Trabalhador e RJ Alimenta \u2014 contribuiu para a redu\u00e7\u00e3o de cerca de 55% da inseguran\u00e7a alimentar no territ\u00f3rio fluminense entre 2022 e 2023, segundo dados do Instituto Brasileiro de Geografia e Estat\u00edstica (IBGE). <\/p>\n\n\n\n<p>Coordenados pela Secretaria de Desenvolvimento Social e Direitos Humanos, esses tr\u00eas programas ofertaram, juntos, mais de 42 milh\u00f5es de refei\u00e7\u00f5es durante a atual gest\u00e3o, com um investimento superior a R$ 240 milh\u00f5es em todo o estado.<\/p>\n\n\n\n<p>Esse esfor\u00e7o integra uma mobiliza\u00e7\u00e3o com diferentes entes que resultou na sa\u00edda do Brasil do Mapa da Fome da Organiza\u00e7\u00e3o das Na\u00e7\u00f5es Unidas para a Alimenta\u00e7\u00e3o e a Agricultura (FAO\/ONU), demonstrando o impacto direto de pol\u00edticas p\u00fablicas efetivas no combate \u00e0 inseguran\u00e7a alimentar.<\/p>\n\n\n\n<figure class=\"wp-block-image size-large\"><img fetchpriority=\"high\" decoding=\"async\" width=\"1024\" height=\"678\" src=\"https:\/\/sgvaimudar.com.br\/wp-content\/uploads\/2025\/08\/d854fa3d-21e3-4bae-85f4-3a409ae1d372-1024x678.jpg\" alt=\"\" class=\"wp-image-28849\" srcset=\"https:\/\/sgvaimudar.com.br\/wp-content\/uploads\/2025\/08\/d854fa3d-21e3-4bae-85f4-3a409ae1d372-1024x678.jpg 1024w, https:\/\/sgvaimudar.com.br\/wp-content\/uploads\/2025\/08\/d854fa3d-21e3-4bae-85f4-3a409ae1d372-300x199.jpg 300w, https:\/\/sgvaimudar.com.br\/wp-content\/uploads\/2025\/08\/d854fa3d-21e3-4bae-85f4-3a409ae1d372-768x508.jpg 768w, https:\/\/sgvaimudar.com.br\/wp-content\/uploads\/2025\/08\/d854fa3d-21e3-4bae-85f4-3a409ae1d372-1536x1017.jpg 1536w, https:\/\/sgvaimudar.com.br\/wp-content\/uploads\/2025\/08\/d854fa3d-21e3-4bae-85f4-3a409ae1d372.jpg 1600w\" sizes=\"(max-width: 1024px) 100vw, 1024px\" \/><\/figure>\n\n\n\n<p>\u2014 O an\u00fancio de que o Brasil n\u00e3o faz mais parte do Mapa da Fome comprova os resultados de decis\u00f5es pol\u00edticas integradas, que priorizaram o acesso \u00e0 alimenta\u00e7\u00e3o saud\u00e1vel. Hoje, nosso estado oferece 54 mil refei\u00e7\u00f5es por dia e retiramos aproximadamente 1,5 milh\u00e3o de pessoas da fome entre 2022 e 2023. Isso \u00e9 resultado direto de uma gest\u00e3o comprometida com essa quest\u00e3o \u2014 destaca o governador Cl\u00e1udio Castro.<\/p>\n\n\n\n<p>De acordo com a Pesquisa Nacional por Amostra de Domic\u00edlios (Pnad), do IBGE, em 2022 havia 2,7 milh\u00f5es de pessoas em situa\u00e7\u00e3o de inseguran\u00e7a alimentar no estado. J\u00e1 em 2023, esse n\u00famero caiu para 1,2 milh\u00e3o. Os investimentos para combater a fome n\u00e3o se restringem aos 13 restaurantes, 50 caf\u00e9s e \u00e0s unidades do RJ Alimenta. H\u00e1 um planejamento de expans\u00e3o at\u00e9 2026, com foco no atendimento \u00e0 popula\u00e7\u00e3o em maior situa\u00e7\u00e3o de vulnerabilidade.<\/p>\n\n\n\n<figure class=\"wp-block-image size-large\"><img decoding=\"async\" width=\"1024\" height=\"694\" src=\"https:\/\/sgvaimudar.com.br\/wp-content\/uploads\/2025\/08\/Restaurante-do-Povo-Nova-Iguacu_Foto-Rafael-Campos-43-1024x694.jpg\" alt=\"\" class=\"wp-image-28850\" srcset=\"https:\/\/sgvaimudar.com.br\/wp-content\/uploads\/2025\/08\/Restaurante-do-Povo-Nova-Iguacu_Foto-Rafael-Campos-43-1024x694.jpg 1024w, https:\/\/sgvaimudar.com.br\/wp-content\/uploads\/2025\/08\/Restaurante-do-Povo-Nova-Iguacu_Foto-Rafael-Campos-43-300x203.jpg 300w, https:\/\/sgvaimudar.com.br\/wp-content\/uploads\/2025\/08\/Restaurante-do-Povo-Nova-Iguacu_Foto-Rafael-Campos-43-768x520.jpg 768w, https:\/\/sgvaimudar.com.br\/wp-content\/uploads\/2025\/08\/Restaurante-do-Povo-Nova-Iguacu_Foto-Rafael-Campos-43-1536x1040.jpg 1536w, https:\/\/sgvaimudar.com.br\/wp-content\/uploads\/2025\/08\/Restaurante-do-Povo-Nova-Iguacu_Foto-Rafael-Campos-43-2048x1387.jpg 2048w\" sizes=\"(max-width: 1024px) 100vw, 1024px\" \/><figcaption class=\"wp-element-caption\">02\/12\/2024 &#8211; Reabertura do Restaurante do Povo Madre Teresa de Calcut\u00e1, em Nova Igua\u00e7u &#8211; Fotos: Rafael Campos<\/figcaption><\/figure>\n\n\n\n<p>\u2014 Nossa proposta \u00e9 criar cintur\u00f5es de alimenta\u00e7\u00e3o, garantindo que a popula\u00e7\u00e3o tenha acesso, de forma cada vez mais segura e digna, a refei\u00e7\u00f5es balanceadas e nutritivas. Por isso estamos ampliando a rede e assegurando a excel\u00eancia das unidades j\u00e1 existentes. At\u00e9 2026, teremos mais quatro restaurantes inaugurados \u2014 celebra a secret\u00e1ria de Desenvolvimento Social e Direitos Humanos, Rosangela Gomes.<\/p>\n\n\n\n<p>Programas de Seguran\u00e7a Alimentar do Rio de Janeiro<\/p>\n\n\n\n<p>Restaurante do Povo<br>Com 13 unidades em funcionamento, o Restaurante do Povo serve, em m\u00e9dia, 30 mil refei\u00e7\u00f5es por dia, a pre\u00e7os simb\u00f3licos que variam entre R$ 1,00 e R$ 3,50. O programa j\u00e1 recebeu mais de R$ 115 milh\u00f5es em investimentos e est\u00e1 presente nos seguintes munic\u00edpios: Nova Igua\u00e7u, Bangu, Barra Mansa, Belford Roxo, Bonsucesso, Campo Grande, Campos dos Goytacazes, Central do Brasil, Duque de Caxias, Niter\u00f3i, Petr\u00f3polis, S\u00e3o Gon\u00e7alo e Volta Redonda.<\/p>\n\n\n\n<p>Caf\u00e9 do Trabalhador<br>O projeto garante a primeira refei\u00e7\u00e3o do dia por apenas R$ 0,50, com um card\u00e1pio composto por p\u00e3o com manteiga, fruta e caf\u00e9 com ou sem leite. Est\u00e1 presente em 40 munic\u00edpios, com 50 unidades ativas, oferecendo 17.750 refei\u00e7\u00f5es diariamente. A execu\u00e7\u00e3o \u00e9 realizada em parceria com as prefeituras, em locais de grande circula\u00e7\u00e3o. Para conferir os pontos de atendimento, acesse: www.rj.gov.br\/secsocial\/node\/154.<\/p>\n\n\n\n<p>RJ Alimenta<br>Distribui gratuitamente caf\u00e9 da manh\u00e3, almo\u00e7o e sopa em sistema de quentinhas, totalizando cerca de 7.625 refei\u00e7\u00f5es por dia. O programa atua em seis unidades localizadas nos bairros da capital \u2014 Barreira do Vasco, Manguinhos e Jacarezinho \u2014 al\u00e9m de Campos dos Goytacazes, Mag\u00e9 e Nova Igua\u00e7u.<\/p>\n\n\n\n<p><em>Fotos: GovRJ<\/em><\/p>\n\n\n\n<p><\/p>\n","protected":false},"excerpt":{"rendered":"<p>Estado retirou mais de 1,5 milh\u00e3o de pessoas da fome entre 2022 e 2023 O Governo do Estado, por meio&hellip;<\/p>\n","protected":false},"author":5,"featured_media":28851,"comment_status":"open","ping_status":"open","sticky":false,"template":"","format":"standard","meta":{"fifu_image_url":"","fifu_image_alt":"","footnotes":""},"categories":[36],"tags":[],"class_list":["post-28848","post","type-post","status-publish","format-standard","has-post-thumbnail","hentry","category-bem-estar"],"_links":{"self":[{"href":"https:\/\/sgvaimudar.com.br\/index.php\/wp-json\/wp\/v2\/posts\/28848","targetHints":{"allow":["GET"]}}],"collection":[{"href":"https:\/\/sgvaimudar.com.br\/index.php\/wp-json\/wp\/v2\/posts"}],"about":[{"href":"https:\/\/sgvaimudar.com.br\/index.php\/wp-json\/wp\/v2\/types\/post"}],"author":[{"embeddable":true,"href":"https:\/\/sgvaimudar.com.br\/index.php\/wp-json\/wp\/v2\/users\/5"}],"replies":[{"embeddable":true,"href":"https:\/\/sgvaimudar.com.br\/index.php\/wp-json\/wp\/v2\/comments?post=28848"}],"version-history":[{"count":1,"href":"https:\/\/sgvaimudar.com.br\/index.php\/wp-json\/wp\/v2\/posts\/28848\/revisions"}],"predecessor-version":[{"id":28852,"href":"https:\/\/sgvaimudar.com.br\/index.php\/wp-json\/wp\/v2\/posts\/28848\/revisions\/28852"}],"wp:featuredmedia":[{"embeddable":true,"href":"https:\/\/sgvaimudar.com.br\/index.php\/wp-json\/wp\/v2\/media\/28851"}],"wp:attachment":[{"href":"https:\/\/sgvaimudar.com.br\/index.php\/wp-json\/wp\/v2\/media?parent=28848"}],"wp:term":[{"taxonomy":"category","embeddable":true,"href":"https:\/\/sgvaimudar.com.br\/index.php\/wp-json\/wp\/v2\/categories?post=28848"},{"taxonomy":"post_tag","embeddable":true,"href":"https:\/\/sgvaimudar.com.br\/index.php\/wp-json\/wp\/v2\/tags?post=28848"}],"curies":[{"name":"wp","href":"https:\/\/api.w.org\/{rel}","templated":true}]}}