{"id":28844,"date":"2025-08-01T14:00:00","date_gmt":"2025-08-01T17:00:00","guid":{"rendered":"https:\/\/sgvaimudar.com.br\/?p=28844"},"modified":"2025-08-01T10:24:56","modified_gmt":"2025-08-01T13:24:56","slug":"tetracampeao-zinho-visita-o-museu-da-suderj-e-relembra-momentos-da-carreira-no-podcast-suderj-informa","status":"publish","type":"post","link":"https:\/\/sgvaimudar.com.br\/index.php\/2025\/08\/01\/tetracampeao-zinho-visita-o-museu-da-suderj-e-relembra-momentos-da-carreira-no-podcast-suderj-informa\/","title":{"rendered":"Tetracampe\u00e3o Zinho visita o Museu da Suderj e relembra momentos da carreira no podcast Suderj.Informa"},"content":{"rendered":"\n<p><em>Espa\u00e7o \u00e9 aberto a visita\u00e7\u00e3o e guarda acervo do esporte com pe\u00e7as exclusivas<\/em><\/p>\n\n\n\n<p>Zinho, tetracampe\u00e3o pela sele\u00e7\u00e3o brasileira na Copa do Mundo de 94, nos Estados Unidos, visitou o Museu da Suderj na manh\u00e3 desta quinta-feira (31\/07), no Centro do Rio. <\/p>\n\n\n\n<p>Na oportunidade, o ex-jogador do Flamengo e atual comentarista da ESPN, relembrou gols, partidas e momentos inesquec\u00edveis ao longo de 20 anos como jogador de futebol ao participar do podcast Suderj.Informa. O programa, apresentado pelos jornalistas Marcos Vinicius Cabral, Savana Figueiredo e Marcos Santos, presidente da superintend\u00eancia, vai ser lan\u00e7ado em agosto.<\/p>\n\n\n\n<figure class=\"wp-block-image size-large\"><img fetchpriority=\"high\" decoding=\"async\" width=\"1024\" height=\"768\" src=\"https:\/\/sgvaimudar.com.br\/wp-content\/uploads\/2025\/08\/WhatsApp-Image-2025-08-01-at-07.55.42-1024x768.jpeg\" alt=\"\" class=\"wp-image-28846\" srcset=\"https:\/\/sgvaimudar.com.br\/wp-content\/uploads\/2025\/08\/WhatsApp-Image-2025-08-01-at-07.55.42-1024x768.jpeg 1024w, https:\/\/sgvaimudar.com.br\/wp-content\/uploads\/2025\/08\/WhatsApp-Image-2025-08-01-at-07.55.42-300x225.jpeg 300w, https:\/\/sgvaimudar.com.br\/wp-content\/uploads\/2025\/08\/WhatsApp-Image-2025-08-01-at-07.55.42-768x576.jpeg 768w, https:\/\/sgvaimudar.com.br\/wp-content\/uploads\/2025\/08\/WhatsApp-Image-2025-08-01-at-07.55.42.jpeg 1280w\" sizes=\"(max-width: 1024px) 100vw, 1024px\" \/><\/figure>\n\n\n\n<p>&#8220;Visitar o Museu da Suderj \u00e9 voltar no tempo. Autografei a foto da sele\u00e7\u00e3o do tetra, recordei o t\u00edtulo conquistado ao lado dos meus companheiros e parece que foi ontem, mas l\u00e1 se v\u00e3o 31 anos.<\/p>\n\n\n\n<p>\u00c9 gratificante para um ex-jogador de futebol como eu, entrar aqui e ver que estamos eternizados na hist\u00f3ria do futebol brasileiro. Isso, n\u00e3o tenho d\u00favidas, s\u00f3 \u00e9 poss\u00edvel porque tem um espa\u00e7o maravilhoso como \u00e9 o Museu da Suderj. Nada \u00e9 mais gratificante do que entrar em um espa\u00e7o como esse e perceber que o sonho de crian\u00e7a l\u00e1 atr\u00e1s foi realizado. O Zinho, l\u00e1 de Nova Igua\u00e7u, faz parte ao lado de lendas do futebol brasileiro aqui neste espa\u00e7o&#8221;, contou o camisa 9 na sele\u00e7\u00e3o do tetra de 94.<\/p>\n\n\n\n<p>J\u00e1 o presidente Marcos Santos, um dos idealizadores do Suderj.Informa, n\u00e3o escondeu a alegria de receber a visita do tetracampe\u00e3o mundial e \u00eddolo do Flamengo.<\/p>\n\n\n\n<p>&#8220;\u00c9 uma alegria receber o craque Zinho aqui na Suderj, exemplo vivo que sem d\u00favida influencia positivamente o esporte at\u00e9 hoje&#8221;, finalizou.<\/p>\n\n\n\n<p>A visita ao Museu da Suderj acontece de segunda a sexta-feira, com hor\u00e1rios agendados, e \u00e9 destinado a pessoas, projetos sociais, escolas p\u00fablicas e ONGs do estado do Rio. Para fazer a marca\u00e7\u00e3o, \u00e9 preciso enviar um e-mail para comunicacao@suderj.rj.gov.br informando o nome e o CNPJ da institui\u00e7\u00e3o, endere\u00e7o, as atividades que realiza, o objetivo da visita e um n\u00famero do celular para contato.<\/p>\n\n\n\n<p><strong>Sobre o Museu da Suderj<\/strong><\/p>\n\n\n\n<p>Respons\u00e1vel por um acervo \u00fanico, o Museu da Suderj cont\u00e9m pe\u00e7as como a placa de inaugura\u00e7\u00e3o original do Maracan\u00e3, uniformes usados por atletas como Pel\u00e9, Zico, Gerson e Robson Caetano, al\u00e9m de pegadas de um time seleto composto por grandes jogadores que j\u00e1 passaram pela hist\u00f3ria do esporte.<\/p>\n\n\n\n<p><em>Fotos: Divulga\u00e7\u00e3o\/Suderj<\/em><\/p>\n\n\n\n<p><strong><em>S\u00e3o Gon\u00e7alo vai mudar: Not\u00edcias de S\u00e3o Gon\u00e7alo e toda regi\u00e3o.<\/em><\/strong><\/p>\n\n\n\n<figure class=\"wp-block-image size-large\"><img decoding=\"async\" width=\"1024\" height=\"252\" src=\"https:\/\/sgvaimudar.com.br\/wp-content\/uploads\/2025\/03\/Anuncie-Aqui-Sao-Goncalo-vai-mudar-1024x252.jpg\" alt=\"\" class=\"wp-image-22693\" srcset=\"https:\/\/sgvaimudar.com.br\/wp-content\/uploads\/2025\/03\/Anuncie-Aqui-Sao-Goncalo-vai-mudar-1024x252.jpg 1024w, https:\/\/sgvaimudar.com.br\/wp-content\/uploads\/2025\/03\/Anuncie-Aqui-Sao-Goncalo-vai-mudar-300x74.jpg 300w, https:\/\/sgvaimudar.com.br\/wp-content\/uploads\/2025\/03\/Anuncie-Aqui-Sao-Goncalo-vai-mudar-768x189.jpg 768w, https:\/\/sgvaimudar.com.br\/wp-content\/uploads\/2025\/03\/Anuncie-Aqui-Sao-Goncalo-vai-mudar-1536x378.jpg 1536w, https:\/\/sgvaimudar.com.br\/wp-content\/uploads\/2025\/03\/Anuncie-Aqui-Sao-Goncalo-vai-mudar-2048x504.jpg 2048w\" sizes=\"(max-width: 1024px) 100vw, 1024px\" \/><\/figure>\n","protected":false},"excerpt":{"rendered":"<p>Espa\u00e7o \u00e9 aberto a visita\u00e7\u00e3o e guarda acervo do esporte com pe\u00e7as exclusivas Zinho, tetracampe\u00e3o pela sele\u00e7\u00e3o brasileira na Copa&hellip;<\/p>\n","protected":false},"author":5,"featured_media":28845,"comment_status":"open","ping_status":"open","sticky":false,"template":"","format":"standard","meta":{"fifu_image_url":"","fifu_image_alt":"","footnotes":""},"categories":[5],"tags":[],"class_list":["post-28844","post","type-post","status-publish","format-standard","has-post-thumbnail","hentry","category-esportes"],"_links":{"self":[{"href":"https:\/\/sgvaimudar.com.br\/index.php\/wp-json\/wp\/v2\/posts\/28844","targetHints":{"allow":["GET"]}}],"collection":[{"href":"https:\/\/sgvaimudar.com.br\/index.php\/wp-json\/wp\/v2\/posts"}],"about":[{"href":"https:\/\/sgvaimudar.com.br\/index.php\/wp-json\/wp\/v2\/types\/post"}],"author":[{"embeddable":true,"href":"https:\/\/sgvaimudar.com.br\/index.php\/wp-json\/wp\/v2\/users\/5"}],"replies":[{"embeddable":true,"href":"https:\/\/sgvaimudar.com.br\/index.php\/wp-json\/wp\/v2\/comments?post=28844"}],"version-history":[{"count":1,"href":"https:\/\/sgvaimudar.com.br\/index.php\/wp-json\/wp\/v2\/posts\/28844\/revisions"}],"predecessor-version":[{"id":28847,"href":"https:\/\/sgvaimudar.com.br\/index.php\/wp-json\/wp\/v2\/posts\/28844\/revisions\/28847"}],"wp:featuredmedia":[{"embeddable":true,"href":"https:\/\/sgvaimudar.com.br\/index.php\/wp-json\/wp\/v2\/media\/28845"}],"wp:attachment":[{"href":"https:\/\/sgvaimudar.com.br\/index.php\/wp-json\/wp\/v2\/media?parent=28844"}],"wp:term":[{"taxonomy":"category","embeddable":true,"href":"https:\/\/sgvaimudar.com.br\/index.php\/wp-json\/wp\/v2\/categories?post=28844"},{"taxonomy":"post_tag","embeddable":true,"href":"https:\/\/sgvaimudar.com.br\/index.php\/wp-json\/wp\/v2\/tags?post=28844"}],"curies":[{"name":"wp","href":"https:\/\/api.w.org\/{rel}","templated":true}]}}