{"id":28842,"date":"2025-08-01T13:00:00","date_gmt":"2025-08-01T16:00:00","guid":{"rendered":"https:\/\/sgvaimudar.com.br\/?p=28842"},"modified":"2025-08-01T10:19:48","modified_gmt":"2025-08-01T13:19:48","slug":"palavras-sem-fronteiras-propoe-uma-jornada-entre-mundos-reais-e-imaginarios-na-casa-de-cultura-de-itaborai","status":"publish","type":"post","link":"https:\/\/sgvaimudar.com.br\/index.php\/2025\/08\/01\/palavras-sem-fronteiras-propoe-uma-jornada-entre-mundos-reais-e-imaginarios-na-casa-de-cultura-de-itaborai\/","title":{"rendered":"\u201cPalavras Sem Fronteiras\u201d prop\u00f5e uma jornada entre mundos reais e imagin\u00e1rios na Casa de Cultura de Itabora\u00ed"},"content":{"rendered":"\n<p>Entre os dias 05 e 20 de agosto, a Casa de Cultura Helo\u00edsa Alberto Torres (CCHAT) recebe a exposi\u00e7\u00e3o \u201cPalavras Sem Fronteiras\u201d, uma mostra que convida o p\u00fablico a mergulhar em narrativas que transitam entre o concreto e o fant\u00e1stico. A abertura oficial acontece na ter\u00e7a-feira (05\/08), \u00e0s 18h, com entrada gratuita.<\/p>\n\n\n\n<p>Promovida pela Prefeitura de Itabora\u00ed, por meio da CCHAT, a exposi\u00e7\u00e3o valoriza o poder da linguagem em suas m\u00faltiplas formas. As obras reunidas exploram o universo das palavras atrav\u00e9s de imagens criativas que mesclam literatura, artes visuais e elementos on\u00edricos, despertando a imagina\u00e7\u00e3o dos visitantes.<\/p>\n\n\n\n<p>A mostra faz parte do calend\u00e1rio cultural da Casa de Cultura e pode ser visitada de segunda a sexta-feira, das 9h \u00e0s 17h.<\/p>\n\n\n\n<p><strong>Servi\u00e7o \u2013 Palavras Sem Fronteiras<br>Local<\/strong>: Pra\u00e7a Mal. Floriano Peixoto, 303 \u2013 Centro, Itabora\u00ed \u2013 RJ<br><strong>Data<\/strong>: de 05 a 20 de agosto<br><strong>Hor\u00e1rio<\/strong>: Ter\u00e7a a sexta-feira de 9h \u00e0s 18h \/\/ S\u00e1bados de 17h \u00e0s 21h<br><strong>Informa\u00e7\u00f5es<\/strong>: WhatsApp (21) 98958-8727<br><strong>Entrada gratuita<\/strong>.<\/p>\n\n\n\n<p><strong><em>S\u00e3o Gon\u00e7alo vai mudar: Not\u00edcias de S\u00e3o Gon\u00e7alo e toda regi\u00e3o.<\/em><\/strong><\/p>\n\n\n\n<figure class=\"wp-block-image size-large\"><img fetchpriority=\"high\" decoding=\"async\" width=\"1024\" height=\"252\" src=\"https:\/\/sgvaimudar.com.br\/wp-content\/uploads\/2025\/03\/Anuncie-Aqui-Sao-Goncalo-vai-mudar-1024x252.jpg\" alt=\"\" class=\"wp-image-22693\" srcset=\"https:\/\/sgvaimudar.com.br\/wp-content\/uploads\/2025\/03\/Anuncie-Aqui-Sao-Goncalo-vai-mudar-1024x252.jpg 1024w, https:\/\/sgvaimudar.com.br\/wp-content\/uploads\/2025\/03\/Anuncie-Aqui-Sao-Goncalo-vai-mudar-300x74.jpg 300w, https:\/\/sgvaimudar.com.br\/wp-content\/uploads\/2025\/03\/Anuncie-Aqui-Sao-Goncalo-vai-mudar-768x189.jpg 768w, https:\/\/sgvaimudar.com.br\/wp-content\/uploads\/2025\/03\/Anuncie-Aqui-Sao-Goncalo-vai-mudar-1536x378.jpg 1536w, https:\/\/sgvaimudar.com.br\/wp-content\/uploads\/2025\/03\/Anuncie-Aqui-Sao-Goncalo-vai-mudar-2048x504.jpg 2048w\" sizes=\"(max-width: 1024px) 100vw, 1024px\" \/><\/figure>\n","protected":false},"excerpt":{"rendered":"<p>Entre os dias 05 e 20 de agosto, a Casa de Cultura Helo\u00edsa Alberto Torres (CCHAT) recebe a exposi\u00e7\u00e3o \u201cPalavras&hellip;<\/p>\n","protected":false},"author":5,"featured_media":16763,"comment_status":"open","ping_status":"open","sticky":false,"template":"","format":"standard","meta":{"fifu_image_url":"","fifu_image_alt":"","footnotes":""},"categories":[6],"tags":[],"class_list":["post-28842","post","type-post","status-publish","format-standard","has-post-thumbnail","hentry","category-entretenimento"],"_links":{"self":[{"href":"https:\/\/sgvaimudar.com.br\/index.php\/wp-json\/wp\/v2\/posts\/28842","targetHints":{"allow":["GET"]}}],"collection":[{"href":"https:\/\/sgvaimudar.com.br\/index.php\/wp-json\/wp\/v2\/posts"}],"about":[{"href":"https:\/\/sgvaimudar.com.br\/index.php\/wp-json\/wp\/v2\/types\/post"}],"author":[{"embeddable":true,"href":"https:\/\/sgvaimudar.com.br\/index.php\/wp-json\/wp\/v2\/users\/5"}],"replies":[{"embeddable":true,"href":"https:\/\/sgvaimudar.com.br\/index.php\/wp-json\/wp\/v2\/comments?post=28842"}],"version-history":[{"count":1,"href":"https:\/\/sgvaimudar.com.br\/index.php\/wp-json\/wp\/v2\/posts\/28842\/revisions"}],"predecessor-version":[{"id":28843,"href":"https:\/\/sgvaimudar.com.br\/index.php\/wp-json\/wp\/v2\/posts\/28842\/revisions\/28843"}],"wp:featuredmedia":[{"embeddable":true,"href":"https:\/\/sgvaimudar.com.br\/index.php\/wp-json\/wp\/v2\/media\/16763"}],"wp:attachment":[{"href":"https:\/\/sgvaimudar.com.br\/index.php\/wp-json\/wp\/v2\/media?parent=28842"}],"wp:term":[{"taxonomy":"category","embeddable":true,"href":"https:\/\/sgvaimudar.com.br\/index.php\/wp-json\/wp\/v2\/categories?post=28842"},{"taxonomy":"post_tag","embeddable":true,"href":"https:\/\/sgvaimudar.com.br\/index.php\/wp-json\/wp\/v2\/tags?post=28842"}],"curies":[{"name":"wp","href":"https:\/\/api.w.org\/{rel}","templated":true}]}}