{"id":28835,"date":"2025-08-01T11:59:00","date_gmt":"2025-08-01T14:59:00","guid":{"rendered":"https:\/\/sgvaimudar.com.br\/?p=28835"},"modified":"2025-08-01T09:31:23","modified_gmt":"2025-08-01T12:31:23","slug":"mais-um-ferro-velho-e-interditado-em-sao-goncalo","status":"publish","type":"post","link":"https:\/\/sgvaimudar.com.br\/index.php\/2025\/08\/01\/mais-um-ferro-velho-e-interditado-em-sao-goncalo\/","title":{"rendered":"Mais um ferro-velho \u00e9 interditado em S\u00e3o Gon\u00e7alo"},"content":{"rendered":"\n<p><em>Equipes das Posturas fecharam estabelecimento por falta de alvar\u00e1\u00a0no bairro Porto Novo\u00a0<\/em><\/p>\n\n\n\n<p>Agentes da Secretaria Municipal de Ordem P\u00fablica da Prefeitura de S\u00e3o Gon\u00e7alo, atrav\u00e9s da Subsecretaria de Fiscaliza\u00e7\u00e3o de Posturas, interditaram mais um ferro-velho na manh\u00e3 desta quinta-feira (31). <\/p>\n\n\n\n<p>O com\u00e9rcio, localizado na Rua Porto da Pedra, no bairro Porto Novo, n\u00e3o tinha alvar\u00e1 de localiza\u00e7\u00e3o. Nenhum produto il\u00edcito foi encontrado no dep\u00f3sito. Um outro local foi visitado, mas estava fechado. A opera\u00e7\u00e3o contou com apoio dos policiais do 7\u00ba BPM (S\u00e3o Gon\u00e7alo).\u00a0\u00a0<\/p>\n\n\n\n<figure class=\"wp-block-image size-full\"><img fetchpriority=\"high\" decoding=\"async\" width=\"1024\" height=\"683\" src=\"https:\/\/sgvaimudar.com.br\/wp-content\/uploads\/2025\/08\/unnamed-6.jpg\" alt=\"\" class=\"wp-image-28837\" srcset=\"https:\/\/sgvaimudar.com.br\/wp-content\/uploads\/2025\/08\/unnamed-6.jpg 1024w, https:\/\/sgvaimudar.com.br\/wp-content\/uploads\/2025\/08\/unnamed-6-300x200.jpg 300w, https:\/\/sgvaimudar.com.br\/wp-content\/uploads\/2025\/08\/unnamed-6-768x512.jpg 768w\" sizes=\"(max-width: 1024px) 100vw, 1024px\" \/><\/figure>\n\n\n\n<p>A Prefeitura de S\u00e3o Gon\u00e7alo disse que vai atuar rotineiramente em a\u00e7\u00f5es integradas, a partir de imagens captadas pelas c\u00e2meras de monitoramento da Central de Seguran\u00e7a de S\u00e3o Gon\u00e7alo (CSSG), fazendo pris\u00f5es em flagrante com a ronda di\u00e1ria da Guarda Municipal, e tamb\u00e9m focando em poss\u00edveis receptadores de materiais furtados, como fios de cobre, tampas de bueiros e lixeiras, para inibir a a\u00e7\u00e3o criminosa.\u00a0<\/p>\n\n\n\n<p>\u201cFomos averiguar uma den\u00fancia feita ao Minist\u00e9rio P\u00fablico de um ferro-velho que recebia produtos de furtos no Morro do Abacat\u00e3o, no Boa Vista. O local denunciado era um espa\u00e7o que estava fechado e n\u00e3o tinha nenhuma indica\u00e7\u00e3o de ser ferro-velho. Seguimos para ver outros dois locais no Porto Novo que j\u00e1 t\u00ednhamos feito visita, mas estavam fechados anteriormente. Hoje, conseguimos encontrar um aberto\u201d, disse o subsecret\u00e1rio de Fiscaliza\u00e7\u00e3o de Posturas, Diego Manh\u00e3es. Ele acrescentou que as averigua\u00e7\u00f5es ser\u00e3o realizadas de forma recorrente.\u00a0\u00a0<\/p>\n\n\n\n<p><em>Fotos: F\u00e1bio Guimar\u00e3es<\/em><\/p>\n\n\n\n<p><strong><em>Fa\u00e7a sua den\u00fancia pelo nosso WhatsApp: (21) <\/em><\/strong><strong><em>99744 5345<\/em><\/strong><strong><em><\/em><\/strong><\/p>\n\n\n\n<p><strong><em>S\u00e3o Gon\u00e7alo vai mudar: Not\u00edcias de S\u00e3o Gon\u00e7alo e toda regi\u00e3o.<\/em><\/strong><\/p>\n\n\n\n<figure class=\"wp-block-image size-large\"><img decoding=\"async\" width=\"1024\" height=\"46\" src=\"https:\/\/sgvaimudar.com.br\/wp-content\/uploads\/2023\/08\/Anuncie-Aqui-Sao-Goncalo-vai-mudar-1024x46.png\" alt=\"\" class=\"wp-image-2740\" srcset=\"https:\/\/sgvaimudar.com.br\/wp-content\/uploads\/2023\/08\/Anuncie-Aqui-Sao-Goncalo-vai-mudar-1024x46.png 1024w, https:\/\/sgvaimudar.com.br\/wp-content\/uploads\/2023\/08\/Anuncie-Aqui-Sao-Goncalo-vai-mudar-300x13.png 300w, https:\/\/sgvaimudar.com.br\/wp-content\/uploads\/2023\/08\/Anuncie-Aqui-Sao-Goncalo-vai-mudar-768x35.png 768w, https:\/\/sgvaimudar.com.br\/wp-content\/uploads\/2023\/08\/Anuncie-Aqui-Sao-Goncalo-vai-mudar-1536x69.png 1536w, https:\/\/sgvaimudar.com.br\/wp-content\/uploads\/2023\/08\/Anuncie-Aqui-Sao-Goncalo-vai-mudar.png 2002w\" sizes=\"(max-width: 1024px) 100vw, 1024px\" \/><\/figure>\n","protected":false},"excerpt":{"rendered":"<p>Equipes das Posturas fecharam estabelecimento por falta de alvar\u00e1\u00a0no bairro Porto Novo\u00a0 Agentes da Secretaria Municipal de Ordem P\u00fablica da&hellip;<\/p>\n","protected":false},"author":5,"featured_media":28836,"comment_status":"open","ping_status":"open","sticky":false,"template":"","format":"standard","meta":{"fifu_image_url":"","fifu_image_alt":"","footnotes":""},"categories":[32],"tags":[],"class_list":["post-28835","post","type-post","status-publish","format-standard","has-post-thumbnail","hentry","category-casos-de-policia"],"_links":{"self":[{"href":"https:\/\/sgvaimudar.com.br\/index.php\/wp-json\/wp\/v2\/posts\/28835","targetHints":{"allow":["GET"]}}],"collection":[{"href":"https:\/\/sgvaimudar.com.br\/index.php\/wp-json\/wp\/v2\/posts"}],"about":[{"href":"https:\/\/sgvaimudar.com.br\/index.php\/wp-json\/wp\/v2\/types\/post"}],"author":[{"embeddable":true,"href":"https:\/\/sgvaimudar.com.br\/index.php\/wp-json\/wp\/v2\/users\/5"}],"replies":[{"embeddable":true,"href":"https:\/\/sgvaimudar.com.br\/index.php\/wp-json\/wp\/v2\/comments?post=28835"}],"version-history":[{"count":1,"href":"https:\/\/sgvaimudar.com.br\/index.php\/wp-json\/wp\/v2\/posts\/28835\/revisions"}],"predecessor-version":[{"id":28838,"href":"https:\/\/sgvaimudar.com.br\/index.php\/wp-json\/wp\/v2\/posts\/28835\/revisions\/28838"}],"wp:featuredmedia":[{"embeddable":true,"href":"https:\/\/sgvaimudar.com.br\/index.php\/wp-json\/wp\/v2\/media\/28836"}],"wp:attachment":[{"href":"https:\/\/sgvaimudar.com.br\/index.php\/wp-json\/wp\/v2\/media?parent=28835"}],"wp:term":[{"taxonomy":"category","embeddable":true,"href":"https:\/\/sgvaimudar.com.br\/index.php\/wp-json\/wp\/v2\/categories?post=28835"},{"taxonomy":"post_tag","embeddable":true,"href":"https:\/\/sgvaimudar.com.br\/index.php\/wp-json\/wp\/v2\/tags?post=28835"}],"curies":[{"name":"wp","href":"https:\/\/api.w.org\/{rel}","templated":true}]}}