{"id":28828,"date":"2025-08-01T09:10:00","date_gmt":"2025-08-01T12:10:00","guid":{"rendered":"https:\/\/sgvaimudar.com.br\/?p=28828"},"modified":"2025-08-01T09:22:47","modified_gmt":"2025-08-01T12:22:47","slug":"operacao-planejada-da-pm-em-itaborai-mira-traficantes-apos-morte-de-dois-criminosos","status":"publish","type":"post","link":"https:\/\/sgvaimudar.com.br\/index.php\/2025\/08\/01\/operacao-planejada-da-pm-em-itaborai-mira-traficantes-apos-morte-de-dois-criminosos\/","title":{"rendered":"Opera\u00e7\u00e3o Planejada da PM em Itabora\u00ed mira traficantes ap\u00f3s morte de dois criminosos"},"content":{"rendered":"\n<p><em>A\u00e7\u00e3o da PM \u00e9 para enfraquecer a fac\u00e7\u00e3o Comando Vermelho que atua na Reta Velha<\/em><\/p>\n\n\n\n<p>Depois do confronto que deixou dois criminosos mortos e um foi preso em flagrante durante confronto em opera\u00e7\u00e3o no Complexo da Reta Velha, em Itabora\u00ed, a Pol\u00edcia Militar &#8220;tomou&#8221; novamente o local com uma Opera\u00e7\u00e3o Planejada nas primeiras horas da manh\u00e3 desta sexta-feira (01\/08).<\/p>\n\n\n\n<p>Segundo informa\u00e7\u00f5es de fontes policiais, o trabalho dos policiais no local tem o objetivo de desarticular e enfraquecer as a\u00e7\u00f5es delitivas na regi\u00e3o; recuperar ve\u00edculos roubados e locais de desmanche e Coibir a expans\u00e3o territorial da fac\u00e7\u00e3o criminosa autodenominada Comando Vermelho (CV).<\/p>\n\n\n\n<figure class=\"wp-block-video\"><video height=\"850\" style=\"aspect-ratio: 478 \/ 850;\" width=\"478\" controls src=\"https:\/\/sgvaimudar.com.br\/wp-content\/uploads\/2025\/08\/WhatsApp-Video-2025-08-01-at-08.46.15.mp4\"><\/video><\/figure>\n\n\n\n<p>Os policiais querem tamb\u00e9m conter o roubo de ve\u00edculo na \u00e1rea, tendo em vista o aumento desta modalidade no m\u00eas em vigor (julho 2025) em compara\u00e7\u00e3o a julho de 2024; desarticular as quadrilhas de roubadores de ve\u00edculos e fazer a desobstru\u00e7\u00e3o da Via P\u00fablica.<\/p>\n\n\n\n<p>Participam do trabalho; os oficiais do 35 BPM; quatro alas do Grupo de A\u00e7\u00f5es T\u00e1ticas (GAT) + uma viatura do 35\u00b0 BPM; uma eEquipe de busca do Servi\u00e7o Reservado (P2) do 35 BPM; uma ambul\u00e2ncia do GESAR, o Batalh\u00e3o de A\u00e7\u00f5es com C\u00e3es (BAC) e uma equipe de Demoli\u00e7\u00e3o do 4\u00b0 CPA.<\/p>\n\n\n\n<p>O Complexo da Reta Velha \u00e9 considerado um ponto estrat\u00e9gico para o\u00a0tr\u00e1fico de drogas. No \u00faltimo dia 17 de junho,\u00a0a PM realizou uma outra incurs\u00e3o no local, que resultou em um tiroteio e na apreens\u00e3o de um fuzil. Neste caso, n\u00e3o houve feridos.<\/p>\n\n\n\n<p>De acordo com dados do Instituto de Seguran\u00e7a P\u00fablica (ISP), os furtos de ve\u00edculos em Itabora\u00ed cresceram de 17, em junho de 2024, para 24, em junho de 2025. Nos primeiros seis meses deste ano, houve um total de 124 registros deste tipo de crime.<\/p>\n\n\n\n<p><strong>OS CUIDADOS &#8211; <\/strong>Antes do in\u00edcio da opera\u00e7\u00e3o foi realizado um briefing com todo o efetivo abordando os seguintes temas: uso do colete e da COP, limpeza do armamento, emprego das t\u00e9cnicas de patrulhamento, Lei do Abuso de autoridade e IN\u00a0 044\/15 (quando o policial deve atirar). <\/p>\n\n\n\n<p>Al\u00e9m disso foi formada for\u00e7a de&nbsp; tropa com n\u00famero de policiais suficientes para desestimular uma resist\u00eancia&nbsp;&nbsp;por parte dos criminosos diminuindo assim o risco de confronto. <\/p>\n\n\n\n<p>A pol\u00edcia destacou que a Opera\u00e7\u00e3o se iniciou em hor\u00e1rio com menor circula\u00e7\u00e3o de&nbsp; pessoas na rua.<\/p>\n\n\n\n<p>A atua\u00e7\u00e3o cronol\u00f3gica das equipes foi a seguinte: \u00e0s 04h da manh\u00e3 teve um briefing com todo o efetivo participante; \u00e0s 04h30min., as equipes fizeram o deslocamento para o terreno onde est\u00e3o at\u00e9 o momento a procura de criminosos. A pol\u00edcia ainda n\u00e3o divulgou o resultado operacional preliminar.<\/p>\n\n\n\n<p><strong><em>Fa\u00e7a sua den\u00fancia pelo nosso WhatsApp: (21) <\/em><\/strong><strong><em>99744 5345<\/em><\/strong><strong><em><\/em><\/strong><\/p>\n\n\n\n<p><strong><em>S\u00e3o Gon\u00e7alo vai mudar: Not\u00edcias de S\u00e3o Gon\u00e7alo e toda regi\u00e3o.<\/em><\/strong><\/p>\n\n\n\n<figure class=\"wp-block-image size-large\"><img fetchpriority=\"high\" decoding=\"async\" width=\"1024\" height=\"252\" src=\"https:\/\/sgvaimudar.com.br\/wp-content\/uploads\/2025\/03\/Anuncie-Aqui-Sao-Goncalo-vai-mudar-1024x252.jpg\" alt=\"\" class=\"wp-image-22693\" srcset=\"https:\/\/sgvaimudar.com.br\/wp-content\/uploads\/2025\/03\/Anuncie-Aqui-Sao-Goncalo-vai-mudar-1024x252.jpg 1024w, https:\/\/sgvaimudar.com.br\/wp-content\/uploads\/2025\/03\/Anuncie-Aqui-Sao-Goncalo-vai-mudar-300x74.jpg 300w, https:\/\/sgvaimudar.com.br\/wp-content\/uploads\/2025\/03\/Anuncie-Aqui-Sao-Goncalo-vai-mudar-768x189.jpg 768w, https:\/\/sgvaimudar.com.br\/wp-content\/uploads\/2025\/03\/Anuncie-Aqui-Sao-Goncalo-vai-mudar-1536x378.jpg 1536w, https:\/\/sgvaimudar.com.br\/wp-content\/uploads\/2025\/03\/Anuncie-Aqui-Sao-Goncalo-vai-mudar-2048x504.jpg 2048w\" sizes=\"(max-width: 1024px) 100vw, 1024px\" \/><\/figure>\n","protected":false},"excerpt":{"rendered":"<p>A\u00e7\u00e3o da PM \u00e9 para enfraquecer a fac\u00e7\u00e3o Comando Vermelho que atua na Reta Velha Depois do confronto que deixou&hellip;<\/p>\n","protected":false},"author":5,"featured_media":28830,"comment_status":"open","ping_status":"open","sticky":false,"template":"","format":"standard","meta":{"fifu_image_url":"","fifu_image_alt":"","footnotes":""},"categories":[32],"tags":[],"class_list":["post-28828","post","type-post","status-publish","format-standard","has-post-thumbnail","hentry","category-casos-de-policia"],"_links":{"self":[{"href":"https:\/\/sgvaimudar.com.br\/index.php\/wp-json\/wp\/v2\/posts\/28828","targetHints":{"allow":["GET"]}}],"collection":[{"href":"https:\/\/sgvaimudar.com.br\/index.php\/wp-json\/wp\/v2\/posts"}],"about":[{"href":"https:\/\/sgvaimudar.com.br\/index.php\/wp-json\/wp\/v2\/types\/post"}],"author":[{"embeddable":true,"href":"https:\/\/sgvaimudar.com.br\/index.php\/wp-json\/wp\/v2\/users\/5"}],"replies":[{"embeddable":true,"href":"https:\/\/sgvaimudar.com.br\/index.php\/wp-json\/wp\/v2\/comments?post=28828"}],"version-history":[{"count":2,"href":"https:\/\/sgvaimudar.com.br\/index.php\/wp-json\/wp\/v2\/posts\/28828\/revisions"}],"predecessor-version":[{"id":28834,"href":"https:\/\/sgvaimudar.com.br\/index.php\/wp-json\/wp\/v2\/posts\/28828\/revisions\/28834"}],"wp:featuredmedia":[{"embeddable":true,"href":"https:\/\/sgvaimudar.com.br\/index.php\/wp-json\/wp\/v2\/media\/28830"}],"wp:attachment":[{"href":"https:\/\/sgvaimudar.com.br\/index.php\/wp-json\/wp\/v2\/media?parent=28828"}],"wp:term":[{"taxonomy":"category","embeddable":true,"href":"https:\/\/sgvaimudar.com.br\/index.php\/wp-json\/wp\/v2\/categories?post=28828"},{"taxonomy":"post_tag","embeddable":true,"href":"https:\/\/sgvaimudar.com.br\/index.php\/wp-json\/wp\/v2\/tags?post=28828"}],"curies":[{"name":"wp","href":"https:\/\/api.w.org\/{rel}","templated":true}]}}