{"id":28823,"date":"2025-08-01T10:00:00","date_gmt":"2025-08-01T13:00:00","guid":{"rendered":"https:\/\/sgvaimudar.com.br\/?p=28823"},"modified":"2025-08-01T08:47:09","modified_gmt":"2025-08-01T11:47:09","slug":"sao-goncalo-abre-inscricoes-para-2o-festival-de-seresta","status":"publish","type":"post","link":"https:\/\/sgvaimudar.com.br\/index.php\/2025\/08\/01\/sao-goncalo-abre-inscricoes-para-2o-festival-de-seresta\/","title":{"rendered":"S\u00e3o Gon\u00e7alo segue com as inscri\u00e7\u00f5es abertas para o 2\u00ba Festival de Seresta"},"content":{"rendered":"\n<p><em>Seletiva ser\u00e1 realizada em agosto, no Centro de Tradi\u00e7\u00f5es Nordestinas<\/em><\/p>\n\n\n\n<p>O romantismo vai tomar conta da cidade no 2\u00b0 Festival de Seresta de S\u00e3o Gon\u00e7alo. O evento ter\u00e1 in\u00edcio neste m\u00eas de agosto, quando acontece a seletiva, no dia 12 de agosto, no Centro de Tradi\u00e7\u00f5es Nordestinas, em Neves, com apresenta\u00e7\u00f5es ao vivo e abertas ao p\u00fablico.&nbsp;<\/p>\n\n\n\n<p>Voltado para valorizar os talentos musicais da cidade, o festival est\u00e1 com inscri\u00e7\u00f5es abertas e totalmente gratuitas, feitas exclusivamente pelo WhatsApp (21) 98395-7878. N\u00e3o h\u00e1 limite de idade para participar e as vagas s\u00e3o limitadas.<\/p>\n\n\n\n<figure class=\"wp-block-image size-large\"><img fetchpriority=\"high\" decoding=\"async\" width=\"819\" height=\"1024\" src=\"https:\/\/sgvaimudar.com.br\/wp-content\/uploads\/2025\/08\/unnamed-4-819x1024.jpg\" alt=\"\" class=\"wp-image-28824\" srcset=\"https:\/\/sgvaimudar.com.br\/wp-content\/uploads\/2025\/08\/unnamed-4-819x1024.jpg 819w, https:\/\/sgvaimudar.com.br\/wp-content\/uploads\/2025\/08\/unnamed-4-240x300.jpg 240w, https:\/\/sgvaimudar.com.br\/wp-content\/uploads\/2025\/08\/unnamed-4-768x960.jpg 768w, https:\/\/sgvaimudar.com.br\/wp-content\/uploads\/2025\/08\/unnamed-4.jpg 1080w\" sizes=\"(max-width: 819px) 100vw, 819px\" \/><\/figure>\n\n\n\n<p>A programa\u00e7\u00e3o inclui a seletiva e uma grande final, que premiar\u00e1 os tr\u00eas primeiros colocados com pr\u00eamios em dinheiro:<\/p>\n\n\n\n<p>-1\u00ba lugar: R$ 300,00<\/p>\n\n\n\n<p>-2\u00ba lugar: R$ 200,00<\/p>\n\n\n\n<p>-3\u00ba lugar: R$ 100,00<\/p>\n\n\n\n<p>Com classifica\u00e7\u00e3o livre, o festival integra a programa\u00e7\u00e3o cultural da cidade e foi contemplado pela Lei Paulo Gustavo, de incentivo \u00e0 cultura, atrav\u00e9s da Secretaria de Turismo e Cultura da Prefeitura de S\u00e3o Gon\u00e7alo, e refor\u00e7a a import\u00e2ncia da m\u00fasica como express\u00e3o art\u00edstica popular.<\/p>\n\n\n\n<p><strong>Servi\u00e7o:<\/strong><\/p>\n\n\n\n<p>Data: 12 de agosto<\/p>\n\n\n\n<p>Hor\u00e1rio: 14h<\/p>\n\n\n\n<p>Local: Centro de Tradi\u00e7\u00f5es Nordestinas (Rua Jos\u00e9 Augusto Pereira dos Santos, n\u00b0 80, Neves)<\/p>\n\n\n\n<p>Entrada gratuita<\/p>\n\n\n\n<p>Inscri\u00e7\u00f5es e informa\u00e7\u00f5es: WhatsApp (21) 98395-7878.<\/p>\n\n\n\n<p><strong><em>S\u00e3o Gon\u00e7alo vai mudar: Not\u00edcias de S\u00e3o Gon\u00e7alo e toda regi\u00e3o.<\/em><\/strong><\/p>\n\n\n\n<figure class=\"wp-block-image size-large\"><img decoding=\"async\" width=\"1024\" height=\"252\" src=\"https:\/\/sgvaimudar.com.br\/wp-content\/uploads\/2025\/03\/Anuncie-Aqui-Sao-Goncalo-vai-mudar-1024x252.jpg\" alt=\"\" class=\"wp-image-22693\" srcset=\"https:\/\/sgvaimudar.com.br\/wp-content\/uploads\/2025\/03\/Anuncie-Aqui-Sao-Goncalo-vai-mudar-1024x252.jpg 1024w, https:\/\/sgvaimudar.com.br\/wp-content\/uploads\/2025\/03\/Anuncie-Aqui-Sao-Goncalo-vai-mudar-300x74.jpg 300w, https:\/\/sgvaimudar.com.br\/wp-content\/uploads\/2025\/03\/Anuncie-Aqui-Sao-Goncalo-vai-mudar-768x189.jpg 768w, https:\/\/sgvaimudar.com.br\/wp-content\/uploads\/2025\/03\/Anuncie-Aqui-Sao-Goncalo-vai-mudar-1536x378.jpg 1536w, https:\/\/sgvaimudar.com.br\/wp-content\/uploads\/2025\/03\/Anuncie-Aqui-Sao-Goncalo-vai-mudar-2048x504.jpg 2048w\" sizes=\"(max-width: 1024px) 100vw, 1024px\" \/><\/figure>\n","protected":false},"excerpt":{"rendered":"<p>Seletiva ser\u00e1 realizada em agosto, no Centro de Tradi\u00e7\u00f5es Nordestinas O romantismo vai tomar conta da cidade no 2\u00b0 Festival&hellip;<\/p>\n","protected":false},"author":5,"featured_media":28825,"comment_status":"open","ping_status":"open","sticky":false,"template":"","format":"standard","meta":{"fifu_image_url":"","fifu_image_alt":"","footnotes":""},"categories":[6],"tags":[],"class_list":["post-28823","post","type-post","status-publish","format-standard","has-post-thumbnail","hentry","category-entretenimento"],"_links":{"self":[{"href":"https:\/\/sgvaimudar.com.br\/index.php\/wp-json\/wp\/v2\/posts\/28823","targetHints":{"allow":["GET"]}}],"collection":[{"href":"https:\/\/sgvaimudar.com.br\/index.php\/wp-json\/wp\/v2\/posts"}],"about":[{"href":"https:\/\/sgvaimudar.com.br\/index.php\/wp-json\/wp\/v2\/types\/post"}],"author":[{"embeddable":true,"href":"https:\/\/sgvaimudar.com.br\/index.php\/wp-json\/wp\/v2\/users\/5"}],"replies":[{"embeddable":true,"href":"https:\/\/sgvaimudar.com.br\/index.php\/wp-json\/wp\/v2\/comments?post=28823"}],"version-history":[{"count":2,"href":"https:\/\/sgvaimudar.com.br\/index.php\/wp-json\/wp\/v2\/posts\/28823\/revisions"}],"predecessor-version":[{"id":28827,"href":"https:\/\/sgvaimudar.com.br\/index.php\/wp-json\/wp\/v2\/posts\/28823\/revisions\/28827"}],"wp:featuredmedia":[{"embeddable":true,"href":"https:\/\/sgvaimudar.com.br\/index.php\/wp-json\/wp\/v2\/media\/28825"}],"wp:attachment":[{"href":"https:\/\/sgvaimudar.com.br\/index.php\/wp-json\/wp\/v2\/media?parent=28823"}],"wp:term":[{"taxonomy":"category","embeddable":true,"href":"https:\/\/sgvaimudar.com.br\/index.php\/wp-json\/wp\/v2\/categories?post=28823"},{"taxonomy":"post_tag","embeddable":true,"href":"https:\/\/sgvaimudar.com.br\/index.php\/wp-json\/wp\/v2\/tags?post=28823"}],"curies":[{"name":"wp","href":"https:\/\/api.w.org\/{rel}","templated":true}]}}