{"id":28819,"date":"2025-08-01T10:59:00","date_gmt":"2025-08-01T13:59:00","guid":{"rendered":"https:\/\/sgvaimudar.com.br\/?p=28819"},"modified":"2025-08-01T08:41:02","modified_gmt":"2025-08-01T11:41:02","slug":"prf-inicia-capacitacao-para-uso-do-novo-dispositivo-de-conducao-de-energia-no-rj","status":"publish","type":"post","link":"https:\/\/sgvaimudar.com.br\/index.php\/2025\/08\/01\/prf-inicia-capacitacao-para-uso-do-novo-dispositivo-de-conducao-de-energia-no-rj\/","title":{"rendered":"PRF inicia capacita\u00e7\u00e3o para uso do novo Dispositivo de Condu\u00e7\u00e3o de Energia no RJ"},"content":{"rendered":"\n<p><em>Segundo a PRF, com o novo equipamento vai haver mais seguran\u00e7a nas abordagens<\/em><\/p>\n\n\n\n<p>A Pol\u00edcia Rodovi\u00e1ria Federal (PRF) iniciou a capacita\u00e7\u00e3o do efetivo no Rio de Janeiro para a utiliza\u00e7\u00e3o do novo Dispositivo de Condu\u00e7\u00e3o de Energia (DCE) adquirido pela institui\u00e7\u00e3o, o Taser 10. A a\u00e7\u00e3o abranger\u00e1 todo o efetivo de policiais rodovi\u00e1rios federais do estado, com o objetivo de proporcionar mais seguran\u00e7a nas abordagens e obedecer as diretrizes do uso diferenciado da for\u00e7a.<\/p>\n\n\n\n<p>Os equipamentos ser\u00e3o distribu\u00eddos nas Unidades Operacionais localizadas nas rodovias federais fluminenses. O novo DCE, com alcance aproximado de 13 metros, representa um avan\u00e7o tecnol\u00f3gico significativo em rela\u00e7\u00e3o aos modelos anteriores utilizados, permitindo maior precis\u00e3o e efici\u00eancia na imobiliza\u00e7\u00e3o de indiv\u00edduos em ocorr\u00eancias de risco, sem causar danos letais.<\/p>\n\n\n\n<figure class=\"wp-block-image size-large\"><img fetchpriority=\"high\" decoding=\"async\" width=\"1024\" height=\"768\" src=\"https:\/\/sgvaimudar.com.br\/wp-content\/uploads\/2025\/08\/00002-1024x768.jpg\" alt=\"\" class=\"wp-image-28820\" srcset=\"https:\/\/sgvaimudar.com.br\/wp-content\/uploads\/2025\/08\/00002-1024x768.jpg 1024w, https:\/\/sgvaimudar.com.br\/wp-content\/uploads\/2025\/08\/00002-300x225.jpg 300w, https:\/\/sgvaimudar.com.br\/wp-content\/uploads\/2025\/08\/00002-768x576.jpg 768w, https:\/\/sgvaimudar.com.br\/wp-content\/uploads\/2025\/08\/00002-1536x1152.jpg 1536w, https:\/\/sgvaimudar.com.br\/wp-content\/uploads\/2025\/08\/00002-2048x1536.jpg 2048w\" sizes=\"(max-width: 1024px) 100vw, 1024px\" \/><\/figure>\n\n\n\n<p>A capacita\u00e7\u00e3o dos policiais envolve treinamento t\u00e9cnico e t\u00e1tico, com \u00eanfase nos aspectos legais, operacionais e \u00e9ticos do uso do dispositivo. O curso inclui instru\u00e7\u00f5es te\u00f3ricas e simula\u00e7\u00f5es pr\u00e1ticas que preparam os policiais para lidar com diferentes tipos de ocorr\u00eancias, sempre priorizando a integridade f\u00edsica dos envolvidos.<\/p>\n\n\n\n<p>A iniciativa faz parte da pol\u00edtica de moderniza\u00e7\u00e3o da PRF, com uso de equipamentos adequados, al\u00e9m da valoriza\u00e7\u00e3o da atua\u00e7\u00e3o profissional com base em boas pr\u00e1ticas de seguran\u00e7a p\u00fablica. Com a incorpora\u00e7\u00e3o do novo DCE, o efetivo estar\u00e1 ainda mais preparado para atuar com efici\u00eancia e responsabilidade nas rodovias federais, em conson\u00e2ncia com os princ\u00edpios dos Direitos Humanos.<\/p>\n\n\n\n<p>A previs\u00e3o \u00e9 que todo o efetivo esteja capacitado at\u00e9 o final do segundo semestre deste ano, tornando o equipamento um recurso padr\u00e3o nas abordagens de rotina e em situa\u00e7\u00f5es de alta complexidade.<\/p>\n\n\n\n<p><strong>Pioneirismo no uso de DCEs<\/strong><\/p>\n\n\n\n<p>A hist\u00f3ria da PRF com dispositivos de condu\u00e7\u00e3o el\u00e9trica come\u00e7ou em 2007, nos Jogos Pan-Americanos do Rio de Janeiro, com uso de equipamentos fornecidos pela SENASP. Em 2009, ap\u00f3s capacita\u00e7\u00e3o nacional, o modelo M26 passou a ser empregado regularmente pelos policiais rodovi\u00e1rios federais. Em 2016, a PRF evoluiu para o modelo Spark Z 2.0. Agora, em 2025, a chegada do\u00a0Taser 10 simboliza uma nova era de moderniza\u00e7\u00e3o tecnol\u00f3gica com foco em efici\u00eancia, seguran\u00e7a e respeito \u00e0 vida.<\/p>\n\n\n\n<p><strong><em>Fa\u00e7a sua den\u00fancia pelo nosso WhatsApp: (21) <\/em><\/strong><strong><em>99744 5345<\/em><\/strong><strong><em><\/em><\/strong><\/p>\n\n\n\n<p><strong><em>S\u00e3o Gon\u00e7alo vai mudar: Not\u00edcias de S\u00e3o Gon\u00e7alo e toda regi\u00e3o.<\/em><\/strong><\/p>\n\n\n\n<figure class=\"wp-block-image size-large\"><img decoding=\"async\" width=\"1024\" height=\"252\" src=\"https:\/\/sgvaimudar.com.br\/wp-content\/uploads\/2025\/03\/Anuncie-Aqui-Sao-Goncalo-vai-mudar-1024x252.jpg\" alt=\"\" class=\"wp-image-22693\" srcset=\"https:\/\/sgvaimudar.com.br\/wp-content\/uploads\/2025\/03\/Anuncie-Aqui-Sao-Goncalo-vai-mudar-1024x252.jpg 1024w, https:\/\/sgvaimudar.com.br\/wp-content\/uploads\/2025\/03\/Anuncie-Aqui-Sao-Goncalo-vai-mudar-300x74.jpg 300w, https:\/\/sgvaimudar.com.br\/wp-content\/uploads\/2025\/03\/Anuncie-Aqui-Sao-Goncalo-vai-mudar-768x189.jpg 768w, https:\/\/sgvaimudar.com.br\/wp-content\/uploads\/2025\/03\/Anuncie-Aqui-Sao-Goncalo-vai-mudar-1536x378.jpg 1536w, https:\/\/sgvaimudar.com.br\/wp-content\/uploads\/2025\/03\/Anuncie-Aqui-Sao-Goncalo-vai-mudar-2048x504.jpg 2048w\" sizes=\"(max-width: 1024px) 100vw, 1024px\" \/><\/figure>\n","protected":false},"excerpt":{"rendered":"<p>Segundo a PRF, com o novo equipamento vai haver mais seguran\u00e7a nas abordagens A Pol\u00edcia Rodovi\u00e1ria Federal (PRF) iniciou a&hellip;<\/p>\n","protected":false},"author":5,"featured_media":28821,"comment_status":"open","ping_status":"open","sticky":false,"template":"","format":"standard","meta":{"fifu_image_url":"","fifu_image_alt":"","footnotes":""},"categories":[32],"tags":[],"class_list":["post-28819","post","type-post","status-publish","format-standard","has-post-thumbnail","hentry","category-casos-de-policia"],"_links":{"self":[{"href":"https:\/\/sgvaimudar.com.br\/index.php\/wp-json\/wp\/v2\/posts\/28819","targetHints":{"allow":["GET"]}}],"collection":[{"href":"https:\/\/sgvaimudar.com.br\/index.php\/wp-json\/wp\/v2\/posts"}],"about":[{"href":"https:\/\/sgvaimudar.com.br\/index.php\/wp-json\/wp\/v2\/types\/post"}],"author":[{"embeddable":true,"href":"https:\/\/sgvaimudar.com.br\/index.php\/wp-json\/wp\/v2\/users\/5"}],"replies":[{"embeddable":true,"href":"https:\/\/sgvaimudar.com.br\/index.php\/wp-json\/wp\/v2\/comments?post=28819"}],"version-history":[{"count":1,"href":"https:\/\/sgvaimudar.com.br\/index.php\/wp-json\/wp\/v2\/posts\/28819\/revisions"}],"predecessor-version":[{"id":28822,"href":"https:\/\/sgvaimudar.com.br\/index.php\/wp-json\/wp\/v2\/posts\/28819\/revisions\/28822"}],"wp:featuredmedia":[{"embeddable":true,"href":"https:\/\/sgvaimudar.com.br\/index.php\/wp-json\/wp\/v2\/media\/28821"}],"wp:attachment":[{"href":"https:\/\/sgvaimudar.com.br\/index.php\/wp-json\/wp\/v2\/media?parent=28819"}],"wp:term":[{"taxonomy":"category","embeddable":true,"href":"https:\/\/sgvaimudar.com.br\/index.php\/wp-json\/wp\/v2\/categories?post=28819"},{"taxonomy":"post_tag","embeddable":true,"href":"https:\/\/sgvaimudar.com.br\/index.php\/wp-json\/wp\/v2\/tags?post=28819"}],"curies":[{"name":"wp","href":"https:\/\/api.w.org\/{rel}","templated":true}]}}