{"id":28810,"date":"2025-08-01T09:00:00","date_gmt":"2025-08-01T12:00:00","guid":{"rendered":"https:\/\/sgvaimudar.com.br\/?p=28810"},"modified":"2025-08-01T07:45:52","modified_gmt":"2025-08-01T10:45:52","slug":"em-sg-primeiro-fim-de-semana-de-agosto-tera-caravana-no-vila-lage-e-no-galo-branco","status":"publish","type":"post","link":"https:\/\/sgvaimudar.com.br\/index.php\/2025\/08\/01\/em-sg-primeiro-fim-de-semana-de-agosto-tera-caravana-no-vila-lage-e-no-galo-branco\/","title":{"rendered":"Em SG, primeiro fim de semana de agosto ter\u00e1 caravana no Vila Lage e no Galo Branco"},"content":{"rendered":"\n<p><em>A\u00e7\u00e3o leva brincadeiras gratuitas para as crian\u00e7as da cidade<\/em><\/p>\n\n\n\n<p>O m\u00eas de agosto j\u00e1 vai come\u00e7ar com divers\u00e3o para os gon\u00e7alenses, com a Caravana de Arte e Lazer. A a\u00e7\u00e3o leva atividades recreativas, das 9h \u00e0s 13h, para diversas crian\u00e7as da cidade. No pr\u00f3ximo s\u00e1bado (2), a caravana acontece na Pra\u00e7a do Vila Lage e, no domingo (3), estar\u00e1 na Pra\u00e7a do Galo Branco.&nbsp;&nbsp;<\/p>\n\n\n\n<p>O projeto, da Funda\u00e7\u00e3o de Artes, Esporte e Lazer de S\u00e3o Gon\u00e7alo, visa garantir momentos de lazer e intera\u00e7\u00e3o social entre gon\u00e7alenses das \u00e1reas de vulnerabilidade social.<\/p>\n\n\n\n<figure class=\"wp-block-image size-large\"><img fetchpriority=\"high\" decoding=\"async\" width=\"768\" height=\"1024\" src=\"https:\/\/sgvaimudar.com.br\/wp-content\/uploads\/2025\/08\/unnamed-3-768x1024.jpg\" alt=\"\" class=\"wp-image-28811\" srcset=\"https:\/\/sgvaimudar.com.br\/wp-content\/uploads\/2025\/08\/unnamed-3-768x1024.jpg 768w, https:\/\/sgvaimudar.com.br\/wp-content\/uploads\/2025\/08\/unnamed-3-225x300.jpg 225w, https:\/\/sgvaimudar.com.br\/wp-content\/uploads\/2025\/08\/unnamed-3.jpg 1080w\" sizes=\"(max-width: 768px) 100vw, 768px\" \/><\/figure>\n\n\n\n<p>Durante a a\u00e7\u00e3o, a popula\u00e7\u00e3o tem acesso a brinquedos infl\u00e1veis, pula-pula, pintura art\u00edstica, jogos de tabuleiro e anima\u00e7\u00e3o com recreadores. Al\u00e9m disso, o p\u00fablico pode aproveitar barracas de pipoca, algod\u00e3o-doce, cachorro-quente, \u00e1gua e guaran\u00e1 natural.<\/p>\n\n\n\n<p><strong>Servi\u00e7o:<\/strong><\/p>\n\n\n\n<p><strong>S\u00e1bado (02\/08):<\/strong>&nbsp;Pra\u00e7a do Vila Lage, das 9h \u00e0s 13h;<\/p>\n\n\n\n<p><strong>Domingo (03\/08):\u00a0<\/strong>Pra\u00e7a do Galo Branco, das 9h \u00e0s 13h<\/p>\n\n\n\n<p><strong><em>S\u00e3o Gon\u00e7alo vai mudar: Not\u00edcias de S\u00e3o Gon\u00e7alo e toda regi\u00e3o.<\/em><\/strong><\/p>\n\n\n\n<figure class=\"wp-block-image size-large\"><img decoding=\"async\" width=\"1024\" height=\"252\" src=\"https:\/\/sgvaimudar.com.br\/wp-content\/uploads\/2025\/03\/Anuncie-Aqui-Sao-Goncalo-vai-mudar-1024x252.jpg\" alt=\"\" class=\"wp-image-22693\" srcset=\"https:\/\/sgvaimudar.com.br\/wp-content\/uploads\/2025\/03\/Anuncie-Aqui-Sao-Goncalo-vai-mudar-1024x252.jpg 1024w, https:\/\/sgvaimudar.com.br\/wp-content\/uploads\/2025\/03\/Anuncie-Aqui-Sao-Goncalo-vai-mudar-300x74.jpg 300w, https:\/\/sgvaimudar.com.br\/wp-content\/uploads\/2025\/03\/Anuncie-Aqui-Sao-Goncalo-vai-mudar-768x189.jpg 768w, https:\/\/sgvaimudar.com.br\/wp-content\/uploads\/2025\/03\/Anuncie-Aqui-Sao-Goncalo-vai-mudar-1536x378.jpg 1536w, https:\/\/sgvaimudar.com.br\/wp-content\/uploads\/2025\/03\/Anuncie-Aqui-Sao-Goncalo-vai-mudar-2048x504.jpg 2048w\" sizes=\"(max-width: 1024px) 100vw, 1024px\" \/><\/figure>\n","protected":false},"excerpt":{"rendered":"<p>A\u00e7\u00e3o leva brincadeiras gratuitas para as crian\u00e7as da cidade O m\u00eas de agosto j\u00e1 vai come\u00e7ar com divers\u00e3o para os&hellip;<\/p>\n","protected":false},"author":5,"featured_media":6890,"comment_status":"open","ping_status":"open","sticky":false,"template":"","format":"standard","meta":{"fifu_image_url":"","fifu_image_alt":"","footnotes":""},"categories":[6],"tags":[],"class_list":["post-28810","post","type-post","status-publish","format-standard","has-post-thumbnail","hentry","category-entretenimento"],"_links":{"self":[{"href":"https:\/\/sgvaimudar.com.br\/index.php\/wp-json\/wp\/v2\/posts\/28810","targetHints":{"allow":["GET"]}}],"collection":[{"href":"https:\/\/sgvaimudar.com.br\/index.php\/wp-json\/wp\/v2\/posts"}],"about":[{"href":"https:\/\/sgvaimudar.com.br\/index.php\/wp-json\/wp\/v2\/types\/post"}],"author":[{"embeddable":true,"href":"https:\/\/sgvaimudar.com.br\/index.php\/wp-json\/wp\/v2\/users\/5"}],"replies":[{"embeddable":true,"href":"https:\/\/sgvaimudar.com.br\/index.php\/wp-json\/wp\/v2\/comments?post=28810"}],"version-history":[{"count":1,"href":"https:\/\/sgvaimudar.com.br\/index.php\/wp-json\/wp\/v2\/posts\/28810\/revisions"}],"predecessor-version":[{"id":28812,"href":"https:\/\/sgvaimudar.com.br\/index.php\/wp-json\/wp\/v2\/posts\/28810\/revisions\/28812"}],"wp:featuredmedia":[{"embeddable":true,"href":"https:\/\/sgvaimudar.com.br\/index.php\/wp-json\/wp\/v2\/media\/6890"}],"wp:attachment":[{"href":"https:\/\/sgvaimudar.com.br\/index.php\/wp-json\/wp\/v2\/media?parent=28810"}],"wp:term":[{"taxonomy":"category","embeddable":true,"href":"https:\/\/sgvaimudar.com.br\/index.php\/wp-json\/wp\/v2\/categories?post=28810"},{"taxonomy":"post_tag","embeddable":true,"href":"https:\/\/sgvaimudar.com.br\/index.php\/wp-json\/wp\/v2\/tags?post=28810"}],"curies":[{"name":"wp","href":"https:\/\/api.w.org\/{rel}","templated":true}]}}