{"id":28786,"date":"2025-07-31T15:00:00","date_gmt":"2025-07-31T18:00:00","guid":{"rendered":"https:\/\/sgvaimudar.com.br\/?p=28786"},"modified":"2025-07-31T10:31:36","modified_gmt":"2025-07-31T13:31:36","slug":"camara-de-vereadores-faz-aniversario-e-quem-vai-ganhar-presente-sao-os-visitantes","status":"publish","type":"post","link":"https:\/\/sgvaimudar.com.br\/index.php\/2025\/07\/31\/camara-de-vereadores-faz-aniversario-e-quem-vai-ganhar-presente-sao-os-visitantes\/","title":{"rendered":"C\u00e2mara de Vereadores faz anivers\u00e1rio e quem vai ganhar presente s\u00e3o os visitantes"},"content":{"rendered":"\n<p><em>Legislativo preparou uma programa\u00e7\u00e3o especial para o m\u00eas inteiro<\/em><\/p>\n\n\n\n<p>A C\u00e2mara de Niter\u00f3i vai comemorar seus 206 anos de instala\u00e7\u00e3o em 2025, e preparou uma programa\u00e7\u00e3o especial ao longo de agosto, m\u00eas de funda\u00e7\u00e3o da Casa Legislativa. As atividades incluem uma exposi\u00e7\u00e3o hist\u00f3rica, a missa anual de a\u00e7\u00e3o de gra\u00e7as e uma sess\u00e3o solene comemorativa.<\/p>\n\n\n\n<p>A &#8220;Exposi\u00e7\u00e3o 206 Anos\u201d re\u00fane objetos antigos, livros raros e banners informativos, que retratam a trajet\u00f3ria da Casa desde o per\u00edodo imperial at\u00e9 os dias atuais. A mostra ter\u00e1 exibi\u00e7\u00e3o entre os dias 1\u00ba e 15 de agosto, das 9h \u00e0s 17h, no Hall da C\u00e2mara.<\/p>\n\n\n\n<p>J\u00e1 no dia 11 de agosto (segunda-feira), a programa\u00e7\u00e3o come\u00e7a com a tradicional Missa de A\u00e7\u00e3o de Gra\u00e7as, \u00e0s 9h, na Igreja de Nossa Senhora da Concei\u00e7\u00e3o, marco da funda\u00e7\u00e3o do Legislativo Municipal. \u00c0s 14h, ser\u00e1 realizada a Sess\u00e3o Solene Especial de 206 anos, reunindo autoridades e representantes da sociedade civil para celebrar o papel hist\u00f3rico e democr\u00e1tico da institui\u00e7\u00e3o.<\/p>\n\n\n\n<p>Fundada como C\u00e2mara da Villa Real da Praia Grande, a Casa teve sua primeira sess\u00e3o ordin\u00e1ria e posse dos vereadores em 11 de agosto de 1819. Seu primeiro presidente foi Jos\u00e9 Clemente Pereira, juiz de fora nomeado por D. Jo\u00e3o VI. Sem sede pr\u00f3pria, as primeiras reuni\u00f5es ocorreram na resid\u00eancia da propriet\u00e1ria de terras Elena Casimira, local onde hoje est\u00e1 o Hospital Santa Cruz.<\/p>\n\n\n\n<p>Ao longo de sua hist\u00f3ria, cerca de 852 vereadores passaram por este parlamento fluminense, sendo que diversos alcan\u00e7aram o cargo de deputado estadual, de deputado federal, senador, governador ou ministro do supremo.<\/p>\n\n\n\n<p><strong><em>S\u00e3o Gon\u00e7alo vai mudar: Not\u00edcias de S\u00e3o Gon\u00e7alo e toda regi\u00e3o.<\/em><\/strong><\/p>\n\n\n\n<figure class=\"wp-block-image size-large\"><img fetchpriority=\"high\" decoding=\"async\" width=\"1024\" height=\"252\" src=\"https:\/\/sgvaimudar.com.br\/wp-content\/uploads\/2025\/03\/Anuncie-Aqui-Sao-Goncalo-vai-mudar-1024x252.jpg\" alt=\"\" class=\"wp-image-22693\" srcset=\"https:\/\/sgvaimudar.com.br\/wp-content\/uploads\/2025\/03\/Anuncie-Aqui-Sao-Goncalo-vai-mudar-1024x252.jpg 1024w, https:\/\/sgvaimudar.com.br\/wp-content\/uploads\/2025\/03\/Anuncie-Aqui-Sao-Goncalo-vai-mudar-300x74.jpg 300w, https:\/\/sgvaimudar.com.br\/wp-content\/uploads\/2025\/03\/Anuncie-Aqui-Sao-Goncalo-vai-mudar-768x189.jpg 768w, https:\/\/sgvaimudar.com.br\/wp-content\/uploads\/2025\/03\/Anuncie-Aqui-Sao-Goncalo-vai-mudar-1536x378.jpg 1536w, https:\/\/sgvaimudar.com.br\/wp-content\/uploads\/2025\/03\/Anuncie-Aqui-Sao-Goncalo-vai-mudar-2048x504.jpg 2048w\" sizes=\"(max-width: 1024px) 100vw, 1024px\" \/><\/figure>\n","protected":false},"excerpt":{"rendered":"<p>Legislativo preparou uma programa\u00e7\u00e3o especial para o m\u00eas inteiro A C\u00e2mara de Niter\u00f3i vai comemorar seus 206 anos de instala\u00e7\u00e3o&hellip;<\/p>\n","protected":false},"author":5,"featured_media":28787,"comment_status":"open","ping_status":"open","sticky":false,"template":"","format":"standard","meta":{"fifu_image_url":"","fifu_image_alt":"","footnotes":""},"categories":[34],"tags":[],"class_list":["post-28786","post","type-post","status-publish","format-standard","has-post-thumbnail","hentry","category-niteroi"],"_links":{"self":[{"href":"https:\/\/sgvaimudar.com.br\/index.php\/wp-json\/wp\/v2\/posts\/28786","targetHints":{"allow":["GET"]}}],"collection":[{"href":"https:\/\/sgvaimudar.com.br\/index.php\/wp-json\/wp\/v2\/posts"}],"about":[{"href":"https:\/\/sgvaimudar.com.br\/index.php\/wp-json\/wp\/v2\/types\/post"}],"author":[{"embeddable":true,"href":"https:\/\/sgvaimudar.com.br\/index.php\/wp-json\/wp\/v2\/users\/5"}],"replies":[{"embeddable":true,"href":"https:\/\/sgvaimudar.com.br\/index.php\/wp-json\/wp\/v2\/comments?post=28786"}],"version-history":[{"count":1,"href":"https:\/\/sgvaimudar.com.br\/index.php\/wp-json\/wp\/v2\/posts\/28786\/revisions"}],"predecessor-version":[{"id":28788,"href":"https:\/\/sgvaimudar.com.br\/index.php\/wp-json\/wp\/v2\/posts\/28786\/revisions\/28788"}],"wp:featuredmedia":[{"embeddable":true,"href":"https:\/\/sgvaimudar.com.br\/index.php\/wp-json\/wp\/v2\/media\/28787"}],"wp:attachment":[{"href":"https:\/\/sgvaimudar.com.br\/index.php\/wp-json\/wp\/v2\/media?parent=28786"}],"wp:term":[{"taxonomy":"category","embeddable":true,"href":"https:\/\/sgvaimudar.com.br\/index.php\/wp-json\/wp\/v2\/categories?post=28786"},{"taxonomy":"post_tag","embeddable":true,"href":"https:\/\/sgvaimudar.com.br\/index.php\/wp-json\/wp\/v2\/tags?post=28786"}],"curies":[{"name":"wp","href":"https:\/\/api.w.org\/{rel}","templated":true}]}}