{"id":28783,"date":"2025-07-31T14:00:00","date_gmt":"2025-07-31T17:00:00","guid":{"rendered":"https:\/\/sgvaimudar.com.br\/?p=28783"},"modified":"2025-07-31T10:25:58","modified_gmt":"2025-07-31T13:25:58","slug":"escola-de-defesa-civil-rj-abre-inscricoes-para-curso-inedito-sobre-mapeamento-participativo-de-rotas-de-fuga","status":"publish","type":"post","link":"https:\/\/sgvaimudar.com.br\/index.php\/2025\/07\/31\/escola-de-defesa-civil-rj-abre-inscricoes-para-curso-inedito-sobre-mapeamento-participativo-de-rotas-de-fuga\/","title":{"rendered":"Escola de Defesa Civil RJ abre inscri\u00e7\u00f5es para curso in\u00e9dito sobre Mapeamento Participativo de Rotas de Fuga"},"content":{"rendered":"\n<p><em>Capacita\u00e7\u00e3o vai qualificar agentes de Defesa Civil e comunidade para atua\u00e7\u00e3o em \u00e1reas de risco com base na experi\u00eancia positiva de Petr\u00f3polis<\/em><\/p>\n\n\n\n<p>A Escola de Defesa Civil (EsDEC), da Secretaria de Estado de Defesa Civil do Rio de Janeiro (SEDEC-RJ), est\u00e1 com inscri\u00e7\u00f5es abertas para o curso Mapeamento Participativo de Rotas de Fuga Aplicadas \u00e0 Defesa Civil \u2013 MAPRADEC. <\/p>\n\n\n\n<p>A capacita\u00e7\u00e3o ser\u00e1 realizada entre os dias 18 e 29 de agosto de 2025, em formato h\u00edbrido, e tem como foco a constru\u00e7\u00e3o colaborativa de planos de conting\u00eancia com o protagonismo das comunidades que vivem em \u00e1reas de risco.<\/p>\n\n\n\n<p>O objetivo do curso \u00e9 capacitar profissionais de Defesa Civil, membros de N\u00facleos Comunit\u00e1rios (NUDECs) e agentes ligados ao planejamento urbano para planejar e mapear rotas de fuga em conjunto com os moradores, promovendo maior efic\u00e1cia e engajamento na gest\u00e3o de riscos. A proposta pedag\u00f3gica alia conhecimento t\u00e9cnico \u00e0 viv\u00eancia pr\u00e1tica com foco na realidade local, utilizando metodologias participativas e ferramentas de geoprocessamento.<\/p>\n\n\n\n<p>O conte\u00fado program\u00e1tico abrange temas como: conceitos b\u00e1sicos de Defesa Civil, legisla\u00e7\u00e3o aplicada, conceitua\u00e7\u00e3o e exemplos de rotas de fuga no Brasil e no mundo, protagonismo comunit\u00e1rio, metodologias participativas, estudos de caso \u2014 com destaque para Petr\u00f3polis \u2014 e no\u00e7\u00f5es pr\u00e1ticas de geoprocessamento com instala\u00e7\u00e3o e uso dos softwares QGIS e GeoSetter.<\/p>\n\n\n\n<p>O curso ter\u00e1 30 vagas destinadas a integrantes do Sistema Nacional, Estadual ou Municipal de Prote\u00e7\u00e3o e Defesa Civil, al\u00e9m de representantes da sociedade civil atuantes na \u00e1rea. Para participar, \u00e9 necess\u00e1rio ter conclu\u00eddo os cursos de Prote\u00e7\u00e3o e Defesa Civil B\u00e1sico e de Georreferenciamento Aplicado \u00e0 Defesa Civil.<\/p>\n\n\n\n<p>As aulas te\u00f3ricas ser\u00e3o realizadas ao vivo na plataforma Comunica RJ, nos dias 18, 20, 22 e 25 de agosto, das 8h \u00e0s 12h. J\u00e1 os encontros presenciais ocorrer\u00e3o nos dias 27 e 29 de agosto, das 8h \u00e0s 17h, no audit\u00f3rio da EsDEC, localizado na Rua Elp\u00eddio Boamorte, s\/n\u00ba, Pra\u00e7a da Bandeira, Rio de Janeiro.<\/p>\n\n\n\n<p>As inscri\u00e7\u00f5es devem ser realizadas entre os dias 31 de julho e 08 de agosto de 2025, exclusivamente pelo Sistema de Gest\u00e3o para Treinamento de Emerg\u00eancias e Desastres \u2013 SIGTRED, atrav\u00e9s do site:\u00a0<a rel=\"noreferrer noopener\" href=\"http:\/\/sigtred.defesacivil.rj.gov.br\/\" target=\"_blank\">http:\/\/sigtred.defesacivil.rj.gov.br<\/a>.<\/p>\n\n\n\n<p><strong><em>S\u00e3o Gon\u00e7alo vai mudar: Not\u00edcias de S\u00e3o Gon\u00e7alo e toda regi\u00e3o.<\/em><\/strong><\/p>\n\n\n\n<figure class=\"wp-block-image size-large\"><img fetchpriority=\"high\" decoding=\"async\" width=\"1024\" height=\"252\" src=\"https:\/\/sgvaimudar.com.br\/wp-content\/uploads\/2025\/03\/Anuncie-Aqui-Sao-Goncalo-vai-mudar-1024x252.jpg\" alt=\"\" class=\"wp-image-22693\" srcset=\"https:\/\/sgvaimudar.com.br\/wp-content\/uploads\/2025\/03\/Anuncie-Aqui-Sao-Goncalo-vai-mudar-1024x252.jpg 1024w, https:\/\/sgvaimudar.com.br\/wp-content\/uploads\/2025\/03\/Anuncie-Aqui-Sao-Goncalo-vai-mudar-300x74.jpg 300w, https:\/\/sgvaimudar.com.br\/wp-content\/uploads\/2025\/03\/Anuncie-Aqui-Sao-Goncalo-vai-mudar-768x189.jpg 768w, https:\/\/sgvaimudar.com.br\/wp-content\/uploads\/2025\/03\/Anuncie-Aqui-Sao-Goncalo-vai-mudar-1536x378.jpg 1536w, https:\/\/sgvaimudar.com.br\/wp-content\/uploads\/2025\/03\/Anuncie-Aqui-Sao-Goncalo-vai-mudar-2048x504.jpg 2048w\" sizes=\"(max-width: 1024px) 100vw, 1024px\" \/><\/figure>\n","protected":false},"excerpt":{"rendered":"<p>Capacita\u00e7\u00e3o vai qualificar agentes de Defesa Civil e comunidade para atua\u00e7\u00e3o em \u00e1reas de risco com base na experi\u00eancia positiva&hellip;<\/p>\n","protected":false},"author":5,"featured_media":28784,"comment_status":"open","ping_status":"open","sticky":false,"template":"","format":"standard","meta":{"fifu_image_url":"","fifu_image_alt":"","footnotes":""},"categories":[36],"tags":[],"class_list":["post-28783","post","type-post","status-publish","format-standard","has-post-thumbnail","hentry","category-bem-estar"],"_links":{"self":[{"href":"https:\/\/sgvaimudar.com.br\/index.php\/wp-json\/wp\/v2\/posts\/28783","targetHints":{"allow":["GET"]}}],"collection":[{"href":"https:\/\/sgvaimudar.com.br\/index.php\/wp-json\/wp\/v2\/posts"}],"about":[{"href":"https:\/\/sgvaimudar.com.br\/index.php\/wp-json\/wp\/v2\/types\/post"}],"author":[{"embeddable":true,"href":"https:\/\/sgvaimudar.com.br\/index.php\/wp-json\/wp\/v2\/users\/5"}],"replies":[{"embeddable":true,"href":"https:\/\/sgvaimudar.com.br\/index.php\/wp-json\/wp\/v2\/comments?post=28783"}],"version-history":[{"count":1,"href":"https:\/\/sgvaimudar.com.br\/index.php\/wp-json\/wp\/v2\/posts\/28783\/revisions"}],"predecessor-version":[{"id":28785,"href":"https:\/\/sgvaimudar.com.br\/index.php\/wp-json\/wp\/v2\/posts\/28783\/revisions\/28785"}],"wp:featuredmedia":[{"embeddable":true,"href":"https:\/\/sgvaimudar.com.br\/index.php\/wp-json\/wp\/v2\/media\/28784"}],"wp:attachment":[{"href":"https:\/\/sgvaimudar.com.br\/index.php\/wp-json\/wp\/v2\/media?parent=28783"}],"wp:term":[{"taxonomy":"category","embeddable":true,"href":"https:\/\/sgvaimudar.com.br\/index.php\/wp-json\/wp\/v2\/categories?post=28783"},{"taxonomy":"post_tag","embeddable":true,"href":"https:\/\/sgvaimudar.com.br\/index.php\/wp-json\/wp\/v2\/tags?post=28783"}],"curies":[{"name":"wp","href":"https:\/\/api.w.org\/{rel}","templated":true}]}}