{"id":28779,"date":"2025-07-31T13:00:00","date_gmt":"2025-07-31T16:00:00","guid":{"rendered":"https:\/\/sgvaimudar.com.br\/?p=28779"},"modified":"2025-07-31T10:20:11","modified_gmt":"2025-07-31T13:20:11","slug":"subsecretaria-de-politicas-publicas-para-as-mulheres-prepara-programacao-especial-para-o-agosto-lilas","status":"publish","type":"post","link":"https:\/\/sgvaimudar.com.br\/index.php\/2025\/07\/31\/subsecretaria-de-politicas-publicas-para-as-mulheres-prepara-programacao-especial-para-o-agosto-lilas\/","title":{"rendered":"Subsecret\u00e1ria de Pol\u00edticas P\u00fablicas para as Mulheres prepara programa\u00e7\u00e3o especial para o Agosto Lil\u00e1s"},"content":{"rendered":"\n<p><em>M\u00eas representa o combate \u00e0 viol\u00eancia contra a mulher e uma das a\u00e7\u00f5es vai acontecer no Centro do Alc\u00e2ntara <\/em><\/p>\n\n\n\n<p>A Prefeitura de S\u00e3o Gon\u00e7alo preparou uma programa\u00e7\u00e3o especial voltada ao empoderamento feminino e ao combate \u00e0 viol\u00eancia contra a mulher, no Agosto Lil\u00e1s. A campanha \u00e9 dedicada \u00e0 conscientiza\u00e7\u00e3o e enfrentamento \u00e0 viol\u00eancia, em refer\u00eancia \u00e0 celebra\u00e7\u00e3o da Lei Maria da Penha, que completa 19 anos.&nbsp;&nbsp;<\/p>\n\n\n\n<p>A cidade se prepara para realizar diversas atividades ao longo do m\u00eas, com palestras, rodas de conversa, a\u00e7\u00f5es de visibilidade e atividades de capacita\u00e7\u00e3o, com o intuito de informar, prevenir e apoiar as mulheres que enfrentam situa\u00e7\u00f5es de viol\u00eancia.<\/p>\n\n\n\n<p>A programa\u00e7\u00e3o deste ano inclui momentos de reflex\u00e3o e a\u00e7\u00f5es concretas para promover a seguran\u00e7a, o bem-estar e a autonomia das mulheres.<\/p>\n\n\n\n<figure class=\"wp-block-image size-large\"><img fetchpriority=\"high\" decoding=\"async\" width=\"819\" height=\"1024\" src=\"https:\/\/sgvaimudar.com.br\/wp-content\/uploads\/2025\/07\/unnamed-5-17-819x1024.jpg\" alt=\"\" class=\"wp-image-28780\" srcset=\"https:\/\/sgvaimudar.com.br\/wp-content\/uploads\/2025\/07\/unnamed-5-17-819x1024.jpg 819w, https:\/\/sgvaimudar.com.br\/wp-content\/uploads\/2025\/07\/unnamed-5-17-240x300.jpg 240w, https:\/\/sgvaimudar.com.br\/wp-content\/uploads\/2025\/07\/unnamed-5-17-768x960.jpg 768w, https:\/\/sgvaimudar.com.br\/wp-content\/uploads\/2025\/07\/unnamed-5-17.jpg 1080w\" sizes=\"(max-width: 819px) 100vw, 819px\" \/><\/figure>\n\n\n\n<p>\u201cDurante o Agosto Lil\u00e1s, intensificamos campanhas de informa\u00e7\u00e3o, escuta qualificada, acolhimento e fortalecimento das redes de apoio. Queremos que cada mulher saiba que n\u00e3o est\u00e1 sozinha. Existem pol\u00edticas p\u00fablicas, servi\u00e7os e pessoas prontas para acolher e ajudar a romper o ciclo da viol\u00eancia\u201d, destacou a subsecret\u00e1ria de Pol\u00edticas P\u00fablicas para as Mulheres, Ana Cristina da Silva.<\/p>\n\n\n\n<p><strong>Programa\u00e7\u00e3o do Agosto Lil\u00e1s:&nbsp;<\/strong><\/p>\n\n\n\n<p><strong>De 1\u00ba a 30 \u2013<\/strong>&nbsp;Palestras e rodas de conversa com o tema: &#8220;Relacionamentos abusivos e o ciclo de viol\u00eancia contra a mulher&#8221;. Local: Escolas do munic\u00edpio;<\/p>\n\n\n\n<p><strong>Dia 1\u00ba, \u00e0s 16h \u2013&nbsp;<\/strong>Palestra \u201cPor um cuidado que acolhe: enfrentando a viol\u00eancia contra a mulher.\u201d Local: Maternidade M\u00e1rio Niajar;<\/p>\n\n\n\n<p><strong>\u2013&nbsp;<\/strong>\u201cOnde h\u00e1 luz, n\u00e3o h\u00e1 sil\u00eancio!\u201d &#8211; Ilumina\u00e7\u00e3o com luzes lil\u00e1s. Local: Maternidade Mario Niajar;&nbsp;<\/p>\n\n\n\n<p><strong>Dia 7, das 15h \u00e0s 19h \u2013&nbsp;<\/strong>Comemora\u00e7\u00e3o dos 19 anos da Lei Maria da Penha (Lei 11.340\/2006), com exibi\u00e7\u00e3o de v\u00eddeos de conscientiza\u00e7\u00e3o. Local: Centro de Alc\u00e2ntara (em frente ao pr\u00e9dio do rel\u00f3gio);<\/p>\n\n\n\n<p><strong>Dia 14, \u00e0s 14h \u2013<\/strong>&nbsp;Empreenda Mais: Capacita\u00e7\u00e3o e orienta\u00e7\u00e3o para mulheres com a tem\u00e1tica de finan\u00e7as para empreendedoras, em parceria com a Secretaria Estadual da Mulher. Local: Est\u00e1cio de S\u00e1;<\/p>\n\n\n\n<p><strong>Dia 15, \u00e0s 14h \u2013&nbsp;<\/strong>Aula de defesa pessoal com profissionais da Guarda Municipal. Local: Centro Cultural Joaquim Lavoura;<\/p>\n\n\n\n<p><strong>Dia 29, \u00e0s 8h \u2013<\/strong>\u00a0Caminhada pelo fim da viol\u00eancia contra a mulher. Local: Centro de S\u00e3o Gon\u00e7alo. Concentra\u00e7\u00e3o \u00e0s 8h na Pra\u00e7a Z\u00e9 Garoto e chegada na Pra\u00e7a Luiz Palmier.<\/p>\n\n\n\n<p><strong><em>S\u00e3o Gon\u00e7alo vai mudar: Not\u00edcias de S\u00e3o Gon\u00e7alo e toda regi\u00e3o.<\/em><\/strong><\/p>\n\n\n\n<figure class=\"wp-block-image size-large\"><img decoding=\"async\" width=\"1024\" height=\"252\" src=\"https:\/\/sgvaimudar.com.br\/wp-content\/uploads\/2025\/03\/Anuncie-Aqui-Sao-Goncalo-vai-mudar-1024x252.jpg\" alt=\"\" class=\"wp-image-22693\" srcset=\"https:\/\/sgvaimudar.com.br\/wp-content\/uploads\/2025\/03\/Anuncie-Aqui-Sao-Goncalo-vai-mudar-1024x252.jpg 1024w, https:\/\/sgvaimudar.com.br\/wp-content\/uploads\/2025\/03\/Anuncie-Aqui-Sao-Goncalo-vai-mudar-300x74.jpg 300w, https:\/\/sgvaimudar.com.br\/wp-content\/uploads\/2025\/03\/Anuncie-Aqui-Sao-Goncalo-vai-mudar-768x189.jpg 768w, https:\/\/sgvaimudar.com.br\/wp-content\/uploads\/2025\/03\/Anuncie-Aqui-Sao-Goncalo-vai-mudar-1536x378.jpg 1536w, https:\/\/sgvaimudar.com.br\/wp-content\/uploads\/2025\/03\/Anuncie-Aqui-Sao-Goncalo-vai-mudar-2048x504.jpg 2048w\" sizes=\"(max-width: 1024px) 100vw, 1024px\" \/><\/figure>\n","protected":false},"excerpt":{"rendered":"<p>M\u00eas representa o combate \u00e0 viol\u00eancia contra a mulher e uma das a\u00e7\u00f5es vai acontecer no Centro do Alc\u00e2ntara A&hellip;<\/p>\n","protected":false},"author":5,"featured_media":28781,"comment_status":"open","ping_status":"open","sticky":false,"template":"","format":"standard","meta":{"fifu_image_url":"","fifu_image_alt":"","footnotes":""},"categories":[3],"tags":[],"class_list":["post-28779","post","type-post","status-publish","format-standard","has-post-thumbnail","hentry","category-sao-goncalo"],"_links":{"self":[{"href":"https:\/\/sgvaimudar.com.br\/index.php\/wp-json\/wp\/v2\/posts\/28779","targetHints":{"allow":["GET"]}}],"collection":[{"href":"https:\/\/sgvaimudar.com.br\/index.php\/wp-json\/wp\/v2\/posts"}],"about":[{"href":"https:\/\/sgvaimudar.com.br\/index.php\/wp-json\/wp\/v2\/types\/post"}],"author":[{"embeddable":true,"href":"https:\/\/sgvaimudar.com.br\/index.php\/wp-json\/wp\/v2\/users\/5"}],"replies":[{"embeddable":true,"href":"https:\/\/sgvaimudar.com.br\/index.php\/wp-json\/wp\/v2\/comments?post=28779"}],"version-history":[{"count":1,"href":"https:\/\/sgvaimudar.com.br\/index.php\/wp-json\/wp\/v2\/posts\/28779\/revisions"}],"predecessor-version":[{"id":28782,"href":"https:\/\/sgvaimudar.com.br\/index.php\/wp-json\/wp\/v2\/posts\/28779\/revisions\/28782"}],"wp:featuredmedia":[{"embeddable":true,"href":"https:\/\/sgvaimudar.com.br\/index.php\/wp-json\/wp\/v2\/media\/28781"}],"wp:attachment":[{"href":"https:\/\/sgvaimudar.com.br\/index.php\/wp-json\/wp\/v2\/media?parent=28779"}],"wp:term":[{"taxonomy":"category","embeddable":true,"href":"https:\/\/sgvaimudar.com.br\/index.php\/wp-json\/wp\/v2\/categories?post=28779"},{"taxonomy":"post_tag","embeddable":true,"href":"https:\/\/sgvaimudar.com.br\/index.php\/wp-json\/wp\/v2\/tags?post=28779"}],"curies":[{"name":"wp","href":"https:\/\/api.w.org\/{rel}","templated":true}]}}