{"id":28775,"date":"2025-07-31T11:59:00","date_gmt":"2025-07-31T14:59:00","guid":{"rendered":"https:\/\/sgvaimudar.com.br\/?p=28775"},"modified":"2025-07-31T10:13:02","modified_gmt":"2025-07-31T13:13:02","slug":"foragido-da-justica-e-capturado-por-policiais-do-12bpm-durante-acao-na-comunidade-do-risca-faca-em-marica","status":"publish","type":"post","link":"https:\/\/sgvaimudar.com.br\/index.php\/2025\/07\/31\/foragido-da-justica-e-capturado-por-policiais-do-12bpm-durante-acao-na-comunidade-do-risca-faca-em-marica\/","title":{"rendered":"Foragido da Justi\u00e7a \u00e9 capturado por policiais do 12BPM durante a\u00e7\u00e3o na comunidade do Risca Faca, em Maric\u00e1"},"content":{"rendered":"\n<p><em>Homem de vulgo Parazinho \u00e9 do Morro do Adeus, do Complexo e estava escondido na Travessa Fernando Mendes<\/em><\/p>\n\n\n\n<p>Um homem identificado de vulgo <strong><em>Parazinho<\/em><\/strong>, foragido da Justi\u00e7a, foi preso no in\u00edcio da noite desta quarta-feira, (30\/07), ap\u00f3s uma den\u00fancia que levou a Pol\u00edcia Militar at\u00e9 a comunidade conhecida como Risca Faca, pr\u00f3ximo \u00e0 quadra do bairro, no munic\u00edpio de Maric\u00e1.<\/p>\n\n\n\n<p>De acordo com informa\u00e7\u00f5es, os policiais foram at\u00e9 a Travessa Fernando Mendes ap\u00f3s receberem a informa\u00e7\u00e3o sobre a presen\u00e7a de um homem armado no local. Durante a abordagem, foi constatado que o homem tinha pend\u00eancias judiciais e era considerado foragido.<\/p>\n\n\n\n<figure class=\"wp-block-video\"><video height=\"480\" style=\"aspect-ratio: 848 \/ 480;\" width=\"848\" controls src=\"https:\/\/sgvaimudar.com.br\/wp-content\/uploads\/2025\/07\/WhatsApp-Video-2025-07-31-at-08.24.10.mp4\"><\/video><\/figure>\n\n\n\n<p>A pol\u00edcia disse que <strong><em>Parazinho<\/em><\/strong> possui v\u00e1rias anota\u00e7\u00f5es criminais: 5 por furto; 2 por porte ilegal de arma de fogo; \u20602 por recepta\u00e7\u00e3o; uma por resist\u00eancia \u00e0 pris\u00e3o e outra por roubo.<\/p>\n\n\n\n<p>Ainda segundo as informa\u00e7\u00f5es, <strong><em>Parazinho <\/em><\/strong>\u00e9 oriundo do Morro do Adeus, no Complexo do Alem\u00e3o, na Zona Norte do Rio, e estaria escondido em Maric\u00e1.<\/p>\n\n\n\n<p>A a\u00e7\u00e3o foi realizada pelo Departamento de Policiamento Ostensivo (DPO 12\/14) e contou com o apoio de uma equipe do Patrulhamento M\u00f3vel (Patamo), que auxiliou no procedimento de deten\u00e7\u00e3o.<\/p>\n\n\n\n<p>Ap\u00f3s a confirma\u00e7\u00e3o dos dados, <strong><em>Parazinho<\/em><\/strong> foi encaminhado \u00e0 Delegacia de Maric\u00e1 (82\u00aa DP), onde segue preso \u00e0 disposi\u00e7\u00e3o da Justi\u00e7a.<\/p>\n\n\n\n<p><strong><em>Fa\u00e7a sua den\u00fancia pelo nosso WhatsApp: (21) <\/em><\/strong><strong><em>99744 5345<\/em><\/strong><strong><em><\/em><\/strong><\/p>\n\n\n\n<p><strong><em>S\u00e3o Gon\u00e7alo vai mudar: Not\u00edcias de S\u00e3o Gon\u00e7alo e toda regi\u00e3o.<\/em><\/strong><\/p>\n\n\n\n<figure class=\"wp-block-image size-large\"><img fetchpriority=\"high\" decoding=\"async\" width=\"1024\" height=\"252\" src=\"https:\/\/sgvaimudar.com.br\/wp-content\/uploads\/2025\/03\/Anuncie-Aqui-Sao-Goncalo-vai-mudar-1024x252.jpg\" alt=\"\" class=\"wp-image-22693\" srcset=\"https:\/\/sgvaimudar.com.br\/wp-content\/uploads\/2025\/03\/Anuncie-Aqui-Sao-Goncalo-vai-mudar-1024x252.jpg 1024w, https:\/\/sgvaimudar.com.br\/wp-content\/uploads\/2025\/03\/Anuncie-Aqui-Sao-Goncalo-vai-mudar-300x74.jpg 300w, https:\/\/sgvaimudar.com.br\/wp-content\/uploads\/2025\/03\/Anuncie-Aqui-Sao-Goncalo-vai-mudar-768x189.jpg 768w, https:\/\/sgvaimudar.com.br\/wp-content\/uploads\/2025\/03\/Anuncie-Aqui-Sao-Goncalo-vai-mudar-1536x378.jpg 1536w, https:\/\/sgvaimudar.com.br\/wp-content\/uploads\/2025\/03\/Anuncie-Aqui-Sao-Goncalo-vai-mudar-2048x504.jpg 2048w\" sizes=\"(max-width: 1024px) 100vw, 1024px\" \/><\/figure>\n","protected":false},"excerpt":{"rendered":"<p>Homem de vulgo Parazinho \u00e9 do Morro do Adeus, do Complexo e estava escondido na Travessa Fernando Mendes Um homem&hellip;<\/p>\n","protected":false},"author":5,"featured_media":28776,"comment_status":"open","ping_status":"open","sticky":false,"template":"","format":"standard","meta":{"fifu_image_url":"","fifu_image_alt":"","footnotes":""},"categories":[32],"tags":[],"class_list":["post-28775","post","type-post","status-publish","format-standard","has-post-thumbnail","hentry","category-casos-de-policia"],"_links":{"self":[{"href":"https:\/\/sgvaimudar.com.br\/index.php\/wp-json\/wp\/v2\/posts\/28775","targetHints":{"allow":["GET"]}}],"collection":[{"href":"https:\/\/sgvaimudar.com.br\/index.php\/wp-json\/wp\/v2\/posts"}],"about":[{"href":"https:\/\/sgvaimudar.com.br\/index.php\/wp-json\/wp\/v2\/types\/post"}],"author":[{"embeddable":true,"href":"https:\/\/sgvaimudar.com.br\/index.php\/wp-json\/wp\/v2\/users\/5"}],"replies":[{"embeddable":true,"href":"https:\/\/sgvaimudar.com.br\/index.php\/wp-json\/wp\/v2\/comments?post=28775"}],"version-history":[{"count":1,"href":"https:\/\/sgvaimudar.com.br\/index.php\/wp-json\/wp\/v2\/posts\/28775\/revisions"}],"predecessor-version":[{"id":28778,"href":"https:\/\/sgvaimudar.com.br\/index.php\/wp-json\/wp\/v2\/posts\/28775\/revisions\/28778"}],"wp:featuredmedia":[{"embeddable":true,"href":"https:\/\/sgvaimudar.com.br\/index.php\/wp-json\/wp\/v2\/media\/28776"}],"wp:attachment":[{"href":"https:\/\/sgvaimudar.com.br\/index.php\/wp-json\/wp\/v2\/media?parent=28775"}],"wp:term":[{"taxonomy":"category","embeddable":true,"href":"https:\/\/sgvaimudar.com.br\/index.php\/wp-json\/wp\/v2\/categories?post=28775"},{"taxonomy":"post_tag","embeddable":true,"href":"https:\/\/sgvaimudar.com.br\/index.php\/wp-json\/wp\/v2\/tags?post=28775"}],"curies":[{"name":"wp","href":"https:\/\/api.w.org\/{rel}","templated":true}]}}