{"id":28769,"date":"2025-07-31T12:00:00","date_gmt":"2025-07-31T15:00:00","guid":{"rendered":"https:\/\/sgvaimudar.com.br\/?p=28769"},"modified":"2025-07-31T09:50:29","modified_gmt":"2025-07-31T12:50:29","slug":"qualidade-de-vida-em-alta-goncalenses-aprovam-avancos-das-obras-do-muvi","status":"publish","type":"post","link":"https:\/\/sgvaimudar.com.br\/index.php\/2025\/07\/31\/qualidade-de-vida-em-alta-goncalenses-aprovam-avancos-das-obras-do-muvi\/","title":{"rendered":"Qualidade de vida em alta: gon\u00e7alenses aprovam avan\u00e7os das obras do Muvi"},"content":{"rendered":"\n<p><em>Cal\u00e7adas e ciclovia est\u00e3o sendo finalizadas no trecho 4 do novo corredor vi\u00e1rio<\/em><\/p>\n\n\n\n<p>As obras do projeto Mobilidade Urbana Verde Integrada (Muvi) est\u00e3o a todo vapor. No trecho 4, que vai do bairro Estrela do Norte at\u00e9 a Trindade, toda a rede de drenagem j\u00e1 foi conclu\u00edda. As novas cal\u00e7adas est\u00e3o sendo finalizadas e a ciclovia est\u00e1 recebendo ajustes finais tamb\u00e9m.<\/p>\n\n\n\n<p>O projeto Muvi \u00e9 uma parceria entre o Governo do Estado do Rio de Janeiro, atrav\u00e9s da Secretaria das Cidades, e a Prefeitura de S\u00e3o Gon\u00e7alo. Trata-se do maior projeto de mobilidade urbana j\u00e1 realizado na cidade de S\u00e3o Gon\u00e7alo. O novo corredor vi\u00e1rio ter\u00e1 18 quil\u00f4metros de extens\u00e3o e vai ligar o bairro de Neves a Guaxindiba.<\/p>\n\n\n\n<figure class=\"wp-block-image size-full\"><img fetchpriority=\"high\" decoding=\"async\" width=\"1024\" height=\"683\" src=\"https:\/\/sgvaimudar.com.br\/wp-content\/uploads\/2025\/07\/unnamed-4-16.jpg\" alt=\"\" class=\"wp-image-28770\" srcset=\"https:\/\/sgvaimudar.com.br\/wp-content\/uploads\/2025\/07\/unnamed-4-16.jpg 1024w, https:\/\/sgvaimudar.com.br\/wp-content\/uploads\/2025\/07\/unnamed-4-16-300x200.jpg 300w, https:\/\/sgvaimudar.com.br\/wp-content\/uploads\/2025\/07\/unnamed-4-16-768x512.jpg 768w\" sizes=\"(max-width: 1024px) 100vw, 1024px\" \/><\/figure>\n\n\n\n<p>O prefeito Capit\u00e3o Nelson comemora o desenvolvimento acelerado do projeto em S\u00e3o Gon\u00e7alo.<\/p>\n\n\n\n<p>\u201cAcompanho os avan\u00e7os das obras em cada trecho da cidade e fico muito satisfeito. S\u00f3 tenho a agradecer a parceria com o governador Cl\u00e1udio Castro e o secret\u00e1rio das Cidades, Douglas Ruas. Esse projeto s\u00f3 tem a melhorar a qualidade de vida do gon\u00e7alense. A popula\u00e7\u00e3o vai contar com uma cidade cada vez mais estruturada e organizada\u201d, disse o chefe do Executivo gon\u00e7alense.<\/p>\n\n\n\n<p>A comerciante Cristiane Silva, de 52 anos, diz que sempre morou no bairro Antonina e afirma que a obra do Muvi \u00e9 muito importante para a qualidade de vida dos moradores da regi\u00e3o.<\/p>\n\n\n\n<figure class=\"wp-block-image size-full\"><img decoding=\"async\" width=\"1024\" height=\"683\" src=\"https:\/\/sgvaimudar.com.br\/wp-content\/uploads\/2025\/07\/unnamed-3-17.jpg\" alt=\"\" class=\"wp-image-28771\" srcset=\"https:\/\/sgvaimudar.com.br\/wp-content\/uploads\/2025\/07\/unnamed-3-17.jpg 1024w, https:\/\/sgvaimudar.com.br\/wp-content\/uploads\/2025\/07\/unnamed-3-17-300x200.jpg 300w, https:\/\/sgvaimudar.com.br\/wp-content\/uploads\/2025\/07\/unnamed-3-17-768x512.jpg 768w\" sizes=\"(max-width: 1024px) 100vw, 1024px\" \/><\/figure>\n\n\n\n<p>\u201c\u00c9 um avan\u00e7o que estamos esperando h\u00e1 muitos anos. A obra melhora a vida n\u00e3o s\u00f3 dos comerciantes locais, mas de todos os moradores, ningu\u00e9m jamais imaginou que nosso bairro teria acessibilidade, por exemplo\u201d, destacou a comerciante.<\/p>\n\n\n\n<p>Na regi\u00e3o da Estrela do Norte, as vias come\u00e7aram a ser pavimentadas. Os trechos 1 e 2 j\u00e1 est\u00e3o prontos. As obras tamb\u00e9m seguem avan\u00e7ando nos trechos 3, 5 e 6.<\/p>\n\n\n\n<p>Encantada com as mudan\u00e7as na cidade, a aposentada Maria Madalena Lima, de 73 anos, mora em Nova Cidade, que tamb\u00e9m faz parte do trecho 4.<\/p>\n\n\n\n<p>\u201cTemos que reconhecer as coisas boas que s\u00e3o realizadas. Essa obra \u00e9 de grande valor para todos n\u00f3s, a popula\u00e7\u00e3o merece. S\u00e3o Gon\u00e7alo est\u00e1 ficando mais bonita e organizada. Eu dou nota mil,\u201d afirmou a gon\u00e7alense.<\/p>\n\n\n\n<p>Moradora da Trindade desde que nasceu, a aut\u00f4noma Yasmin Bardasson, de 35 anos, diz que nunca viu uma obra t\u00e3o grande. A gon\u00e7alense j\u00e1 leva o seu filho Noah, de 4 anos, para andar de bicicleta na ciclovia.<\/p>\n\n\n\n<p>\u201cCom a obra, a regi\u00e3o aqui pode ter mais movimento, pois a rua era deserta. Estou gostando da nova estrutura. Com as obras e com a ilumina\u00e7\u00e3o nova, mais pessoas v\u00e3o caminhar e aproveitar o local\u201d, afirmou a aut\u00f4noma.<\/p>\n\n\n\n<p><em>Fotos: Julio Diniz<\/em><\/p>\n\n\n\n<p><strong><em>S\u00e3o Gon\u00e7alo vai mudar: Not\u00edcias de S\u00e3o Gon\u00e7alo e toda regi\u00e3o.<\/em><\/strong><\/p>\n\n\n\n<figure class=\"wp-block-image size-large\"><img decoding=\"async\" width=\"1024\" height=\"252\" src=\"https:\/\/sgvaimudar.com.br\/wp-content\/uploads\/2025\/03\/Anuncie-Aqui-Sao-Goncalo-vai-mudar-1024x252.jpg\" alt=\"\" class=\"wp-image-22693\" srcset=\"https:\/\/sgvaimudar.com.br\/wp-content\/uploads\/2025\/03\/Anuncie-Aqui-Sao-Goncalo-vai-mudar-1024x252.jpg 1024w, https:\/\/sgvaimudar.com.br\/wp-content\/uploads\/2025\/03\/Anuncie-Aqui-Sao-Goncalo-vai-mudar-300x74.jpg 300w, https:\/\/sgvaimudar.com.br\/wp-content\/uploads\/2025\/03\/Anuncie-Aqui-Sao-Goncalo-vai-mudar-768x189.jpg 768w, https:\/\/sgvaimudar.com.br\/wp-content\/uploads\/2025\/03\/Anuncie-Aqui-Sao-Goncalo-vai-mudar-1536x378.jpg 1536w, https:\/\/sgvaimudar.com.br\/wp-content\/uploads\/2025\/03\/Anuncie-Aqui-Sao-Goncalo-vai-mudar-2048x504.jpg 2048w\" sizes=\"(max-width: 1024px) 100vw, 1024px\" \/><\/figure>\n","protected":false},"excerpt":{"rendered":"<p>Cal\u00e7adas e ciclovia est\u00e3o sendo finalizadas no trecho 4 do novo corredor vi\u00e1rio As obras do projeto Mobilidade Urbana Verde&hellip;<\/p>\n","protected":false},"author":5,"featured_media":28772,"comment_status":"open","ping_status":"open","sticky":false,"template":"","format":"standard","meta":{"fifu_image_url":"","fifu_image_alt":"","footnotes":""},"categories":[3],"tags":[],"class_list":["post-28769","post","type-post","status-publish","format-standard","has-post-thumbnail","hentry","category-sao-goncalo"],"_links":{"self":[{"href":"https:\/\/sgvaimudar.com.br\/index.php\/wp-json\/wp\/v2\/posts\/28769","targetHints":{"allow":["GET"]}}],"collection":[{"href":"https:\/\/sgvaimudar.com.br\/index.php\/wp-json\/wp\/v2\/posts"}],"about":[{"href":"https:\/\/sgvaimudar.com.br\/index.php\/wp-json\/wp\/v2\/types\/post"}],"author":[{"embeddable":true,"href":"https:\/\/sgvaimudar.com.br\/index.php\/wp-json\/wp\/v2\/users\/5"}],"replies":[{"embeddable":true,"href":"https:\/\/sgvaimudar.com.br\/index.php\/wp-json\/wp\/v2\/comments?post=28769"}],"version-history":[{"count":1,"href":"https:\/\/sgvaimudar.com.br\/index.php\/wp-json\/wp\/v2\/posts\/28769\/revisions"}],"predecessor-version":[{"id":28773,"href":"https:\/\/sgvaimudar.com.br\/index.php\/wp-json\/wp\/v2\/posts\/28769\/revisions\/28773"}],"wp:featuredmedia":[{"embeddable":true,"href":"https:\/\/sgvaimudar.com.br\/index.php\/wp-json\/wp\/v2\/media\/28772"}],"wp:attachment":[{"href":"https:\/\/sgvaimudar.com.br\/index.php\/wp-json\/wp\/v2\/media?parent=28769"}],"wp:term":[{"taxonomy":"category","embeddable":true,"href":"https:\/\/sgvaimudar.com.br\/index.php\/wp-json\/wp\/v2\/categories?post=28769"},{"taxonomy":"post_tag","embeddable":true,"href":"https:\/\/sgvaimudar.com.br\/index.php\/wp-json\/wp\/v2\/tags?post=28769"}],"curies":[{"name":"wp","href":"https:\/\/api.w.org\/{rel}","templated":true}]}}