{"id":28596,"date":"2025-07-28T10:00:00","date_gmt":"2025-07-28T13:00:00","guid":{"rendered":"https:\/\/sgvaimudar.com.br\/?p=28596"},"modified":"2025-07-28T08:51:38","modified_gmt":"2025-07-28T11:51:38","slug":"governo-do-estado-abre-50-mil-vagas-para-ensino-medio-a-distancia","status":"publish","type":"post","link":"https:\/\/sgvaimudar.com.br\/index.php\/2025\/07\/28\/governo-do-estado-abre-50-mil-vagas-para-ensino-medio-a-distancia\/","title":{"rendered":"Governo do Rio abre 50 mil vagas para Ensino M\u00e9dio \u00e0 Dist\u00e2ncia"},"content":{"rendered":"\n<p><em>Forma\u00e7\u00e3o \u00e9 oferecida pela Funda\u00e7\u00e3o Cecierj e as matr\u00edculas abrem nesta segunda-feira<\/em><\/p>\n\n\n\n<p>O Governo do Estado do Rio de Janeiro vai abrir, nesta segunda-feira (28\/07), as matr\u00edculas para o Ensino M\u00e9dio na Rede Ceja \u2013 Centro de Educa\u00e7\u00e3o de Jovens e Adultos. O ensino \u00e9 oferecido no modelo semipresencial, permitindo que os alunos organizem seus estudos conforme sua rotina e disponibilidade, diferente do sistema tradicional de aulas fixas. <\/p>\n\n\n\n<p>Ao todo, est\u00e3o sendo ofertadas 50 mil vagas nas 59 unidades espalhadas por todo o estado do Rio. As escolas s\u00e3o administradas pela Funda\u00e7\u00e3o Cecierj, vinculada \u00e0 Secretaria de Estado de Ci\u00eancia, Tecnologia e Inova\u00e7\u00e3o.<\/p>\n\n\n\n<p>-Estamos ampliando o acesso \u00e0 educa\u00e7\u00e3o de forma inclusiva com o Ensino M\u00e9dio \u00e0 Dist\u00e2ncia, um modelo que respeita a rotina e as necessidades de quem busca concluir os estudos. <\/p>\n\n\n\n<p>A Rede Ceja \u00e9 fundamental para transformar vidas, oferecendo n\u00e3o s\u00f3 ensino de qualidade, mas tamb\u00e9m acolhimento e suporte aos nossos jovens e adultos. Educa\u00e7\u00e3o \u00e9 a base para o desenvolvimento do nosso estado e a chave para abrir portas para um futuro melhor para todos os fluminenses- declarou o governador Cl\u00e1udio Castro.<\/p>\n\n\n\n<p>Para facilitar o acesso \u00e0s plataformas de aprendizagem, os alunos da Rede Ceja t\u00eam direito a um chip gratuito de internet. A medida visa apoiar o processo de ensino e reduzir a evas\u00e3o escolar nos programas mantidos pela Funda\u00e7\u00e3o Cecierj, garantindo a todos uma conex\u00e3o de qualidade. <\/p>\n\n\n\n<p>O chip oferece tecnologia 3G\/4G ou superior, cobertura nacional, liga\u00e7\u00f5es locais e interurbanas ilimitadas, 30 SMS di\u00e1rios e um aplicativo personalizado compat\u00edvel com iOS e Android.<\/p>\n\n\n\n<p><strong>Ensino com acolhimento que resulta em sucesso<br><\/strong>Mais do que concluir o ensino m\u00e9dio, a Rede Ceja oferece ambiente acolhedor e o suporte cont\u00ednuo, fundamentais para quem enfrenta desafios como trabalho, fam\u00edlia ou dist\u00e2ncia dos estudos.<\/p>\n\n\n\n<p>-O formato combina autonomia no aprendizado com o suporte pedag\u00f3gico necess\u00e1rio. Nas escolas h\u00e1 sempre o apoio de uma equipe de professores capacitados para auxiliar os alunos. A conclus\u00e3o do ensino b\u00e1sico, atrav\u00e9s do Ceja, abre portas para o ingresso no ensino superior e melhores oportunidades no mercado de trabalho- destacou o secret\u00e1rio de Ci\u00eancia, Tecnologia e Inova\u00e7\u00e3o, Anderson Moraes.<\/p>\n\n\n\n<p>Com flexibilidade, suporte pedag\u00f3gico e acesso digital garantido, a rede transforma barreiras em pontes para o futuro. Foi o caso da Adriana de Sousa, de 22 anos, que concluiu os estudos na rede e foi aprovada para a gradua\u00e7\u00e3o em Pedagogia.<\/p>\n\n\n\n<p>-Quando engravidei e precisei conciliar maternidade, trabalho e estudos, decidi me matricular no Ceja. Encontrei n\u00e3o apenas estrutura, mas tamb\u00e9m incentivo. Os professores diziam: \u2018termina o estudo aqui e vai para o Cederj!\u2019. Foi o que fiz. Quando recebi o resultado, fui pessoalmente contar a eles, que vibraram muito comigo- conta a jovem.<\/p>\n\n\n\n<p>O processo de matr\u00edcula para as vagas EaD \u00e9 dividido em duas etapas. A primeira deve ser feita no site: https:\/\/sca.cecierj.edu.br\/scc\/prealuno\/preMatricula\/. Ap\u00f3s a pr\u00e9-matr\u00edcula online, o candidato deve comparecer \u00e0 escola escolhida levando os documentos exigidos para a confirma\u00e7\u00e3o da vaga. Para se inscrever no ensino m\u00e9dio, \u00e9 necess\u00e1rio ter no m\u00ednimo 18 anos. Mais informa\u00e7\u00f5es est\u00e3o dispon\u00edveis em: https:\/\/www.cecierj.edu.br\/rede-ceja\/faca-sua-matricula\/.<\/p>\n\n\n\n<p><strong><em>S\u00e3o Gon\u00e7alo vai mudar: Not\u00edcias de S\u00e3o Gon\u00e7alo e toda regi\u00e3o.<\/em><\/strong><\/p>\n\n\n\n<figure class=\"wp-block-image size-large\"><img fetchpriority=\"high\" decoding=\"async\" width=\"1024\" height=\"252\" src=\"https:\/\/sgvaimudar.com.br\/wp-content\/uploads\/2025\/03\/Anuncie-Aqui-Sao-Goncalo-vai-mudar-1024x252.jpg\" alt=\"\" class=\"wp-image-22693\" srcset=\"https:\/\/sgvaimudar.com.br\/wp-content\/uploads\/2025\/03\/Anuncie-Aqui-Sao-Goncalo-vai-mudar-1024x252.jpg 1024w, https:\/\/sgvaimudar.com.br\/wp-content\/uploads\/2025\/03\/Anuncie-Aqui-Sao-Goncalo-vai-mudar-300x74.jpg 300w, https:\/\/sgvaimudar.com.br\/wp-content\/uploads\/2025\/03\/Anuncie-Aqui-Sao-Goncalo-vai-mudar-768x189.jpg 768w, https:\/\/sgvaimudar.com.br\/wp-content\/uploads\/2025\/03\/Anuncie-Aqui-Sao-Goncalo-vai-mudar-1536x378.jpg 1536w, https:\/\/sgvaimudar.com.br\/wp-content\/uploads\/2025\/03\/Anuncie-Aqui-Sao-Goncalo-vai-mudar-2048x504.jpg 2048w\" sizes=\"(max-width: 1024px) 100vw, 1024px\" \/><\/figure>\n","protected":false},"excerpt":{"rendered":"<p>Forma\u00e7\u00e3o \u00e9 oferecida pela Funda\u00e7\u00e3o Cecierj e as matr\u00edculas abrem nesta segunda-feira O Governo do Estado do Rio de Janeiro&hellip;<\/p>\n","protected":false},"author":5,"featured_media":6605,"comment_status":"open","ping_status":"open","sticky":false,"template":"","format":"standard","meta":{"fifu_image_url":"","fifu_image_alt":"","footnotes":""},"categories":[4],"tags":[],"class_list":["post-28596","post","type-post","status-publish","format-standard","has-post-thumbnail","hentry","category-brasil"],"_links":{"self":[{"href":"https:\/\/sgvaimudar.com.br\/index.php\/wp-json\/wp\/v2\/posts\/28596","targetHints":{"allow":["GET"]}}],"collection":[{"href":"https:\/\/sgvaimudar.com.br\/index.php\/wp-json\/wp\/v2\/posts"}],"about":[{"href":"https:\/\/sgvaimudar.com.br\/index.php\/wp-json\/wp\/v2\/types\/post"}],"author":[{"embeddable":true,"href":"https:\/\/sgvaimudar.com.br\/index.php\/wp-json\/wp\/v2\/users\/5"}],"replies":[{"embeddable":true,"href":"https:\/\/sgvaimudar.com.br\/index.php\/wp-json\/wp\/v2\/comments?post=28596"}],"version-history":[{"count":2,"href":"https:\/\/sgvaimudar.com.br\/index.php\/wp-json\/wp\/v2\/posts\/28596\/revisions"}],"predecessor-version":[{"id":28600,"href":"https:\/\/sgvaimudar.com.br\/index.php\/wp-json\/wp\/v2\/posts\/28596\/revisions\/28600"}],"wp:featuredmedia":[{"embeddable":true,"href":"https:\/\/sgvaimudar.com.br\/index.php\/wp-json\/wp\/v2\/media\/6605"}],"wp:attachment":[{"href":"https:\/\/sgvaimudar.com.br\/index.php\/wp-json\/wp\/v2\/media?parent=28596"}],"wp:term":[{"taxonomy":"category","embeddable":true,"href":"https:\/\/sgvaimudar.com.br\/index.php\/wp-json\/wp\/v2\/categories?post=28596"},{"taxonomy":"post_tag","embeddable":true,"href":"https:\/\/sgvaimudar.com.br\/index.php\/wp-json\/wp\/v2\/tags?post=28596"}],"curies":[{"name":"wp","href":"https:\/\/api.w.org\/{rel}","templated":true}]}}