{"id":28583,"date":"2025-07-28T07:53:20","date_gmt":"2025-07-28T10:53:20","guid":{"rendered":"https:\/\/sgvaimudar.com.br\/?p=28583"},"modified":"2025-07-28T07:53:20","modified_gmt":"2025-07-28T10:53:20","slug":"em-sao-goncalo-acao-contra-hepatites-virais-acontece-no-patio-alcantara-nesta-segunda-feira-28","status":"publish","type":"post","link":"https:\/\/sgvaimudar.com.br\/index.php\/2025\/07\/28\/em-sao-goncalo-acao-contra-hepatites-virais-acontece-no-patio-alcantara-nesta-segunda-feira-28\/","title":{"rendered":"Em S\u00e3o Gon\u00e7alo, a\u00e7\u00e3o contra hepatites virais acontece no P\u00e1tio Alc\u00e2ntara nesta segunda-feira 28"},"content":{"rendered":"\n<p><em>Iniciativa da Secretaria de Sa\u00fade faz parte do Julho Amarelo<\/em><\/p>\n\n\n\n<p>O Dia Mundial de Luta Contra as Hepatites Virais \u00e9 nesta segunda-feira (28). Para conscientizar a popula\u00e7\u00e3o sobre a import\u00e2ncia da preven\u00e7\u00e3o, a Secretaria de Sa\u00fade da Prefeitura de S\u00e3o Gon\u00e7alo, atrav\u00e9s do Programa Ist\/Aids e Hepatites Virais, vai realizar a\u00e7\u00e3o no P\u00e1tio Alc\u00e2ntara, das 9h \u00e0s 16h.&nbsp;&nbsp;<\/p>\n\n\n\n<p>Conhecida na \u00e1rea da sa\u00fade como Julho Amarelo, a campanha vai fazer testes r\u00e1pidos para averiguar se t\u00eam s\u00edfilis, HIV, hepatite B e C e a equipe vai falar sobre as infec\u00e7\u00f5es sexualmente transmiss\u00edveis (ISTs), principalmente as hepatites virais e seus meios de preven\u00e7\u00e3o, diagn\u00f3stico e tratamento precoce e far\u00e1 distribui\u00e7\u00e3o de insumos de preven\u00e7\u00e3o \u2013 preservativos e gel lubrificante.\u00a0<\/p>\n\n\n\n<p>\u201cOs testes r\u00e1pidos para diagnosticar as doen\u00e7as s\u00e3o gratuitos e est\u00e3o dispon\u00edveis em todas as unidades b\u00e1sicas de sa\u00fade de S\u00e3o Gon\u00e7alo de segunda a sexta, das 8h \u00e0s 16h. No entanto, o mais importante \u00e9 a preven\u00e7\u00e3o, j\u00e1 que o principal meio de contamina\u00e7\u00e3o das ISTs \u00e9 atrav\u00e9s do sexo desprotegido e compartilhamento de objetos perfurocortantes\u201d, alertou Monique Gonzalez, coordenadora do Programa IST\/Aids e Hepatites Virais.\u00a0<\/p>\n\n\n\n<p>Para a preven\u00e7\u00e3o, medidas simples como o uso de preservativos, materiais descart\u00e1veis e esterilizados s\u00e3o recomend\u00e1veis, assim como o uso individual de agulhas e seringas. \u201cN\u00f3s costumamos fazer o alerta durante todo o ano, mas intensificamos nas campanhas. As unidades de sa\u00fade tamb\u00e9m fazem palestras de orienta\u00e7\u00e3o nas salas de espera. E esperamos que os gon\u00e7alenses repassem as informa\u00e7\u00f5es em casa e locais que frequentam\u201d, explicou a subsecret\u00e1ria de Sa\u00fade Coletiva, Thain\u00e1 Fratane.\u00a0<\/p>\n\n\n\n<p>Caso j\u00e1 estejam contaminados, os gon\u00e7alenses t\u00eam o tratamento com hepatologista garantido na cidade, assim como a medica\u00e7\u00e3o. O tratamento \u00e9 realizado na Policl\u00ednica Gon\u00e7alense de Refer\u00eancia para Doen\u00e7as Cr\u00f4nicas e Transmiss\u00edveis, na Parada 40, e no PAM Coelho.\u00a0<\/p>\n\n\n\n<p><strong>SOBRE HEPATITES <\/strong><\/p>\n\n\n\n<p>As hepatites virais s\u00e3o inflama\u00e7\u00f5es do f\u00edgado causadas por diferentes v\u00edrus, classificados pelas letras A, B, C, D e E, bem como pelo uso de alguns medicamentos, \u00e1lcool e outras subst\u00e2ncias. Essas infec\u00e7\u00f5es representam um problema de sa\u00fade p\u00fablica, muitas vezes evoluindo de forma silenciosa. Quando os sintomas est\u00e3o presentes, eles podem incluir cansa\u00e7o, enjoo, dor abdominal, pele e olhos amarelados, urina escura e fezes claras, entre outros.\u00a0<\/p>\n\n\n\n<p>H\u00e1 vacina para as hepatites a e b. A primeira, ainda quando crian\u00e7a e para os usu\u00e1rios de Profilaxia Pr\u00e9-Exposi\u00e7\u00e3o (Prep) de infec\u00e7\u00e3o por HIV a partir dos 15 anos. A segunda, em tr\u00eas doses, para os adultos. A hepatite c tem tratamento e tem cura.<\/p>\n\n\n\n<p><strong><em>S\u00e3o Gon\u00e7alo vai mudar: Not\u00edcias de S\u00e3o Gon\u00e7alo e toda regi\u00e3o.<\/em><\/strong><\/p>\n\n\n\n<figure class=\"wp-block-image size-large\"><img fetchpriority=\"high\" decoding=\"async\" width=\"1024\" height=\"252\" src=\"https:\/\/sgvaimudar.com.br\/wp-content\/uploads\/2025\/03\/Anuncie-Aqui-Sao-Goncalo-vai-mudar-1024x252.jpg\" alt=\"\" class=\"wp-image-22693\" srcset=\"https:\/\/sgvaimudar.com.br\/wp-content\/uploads\/2025\/03\/Anuncie-Aqui-Sao-Goncalo-vai-mudar-1024x252.jpg 1024w, https:\/\/sgvaimudar.com.br\/wp-content\/uploads\/2025\/03\/Anuncie-Aqui-Sao-Goncalo-vai-mudar-300x74.jpg 300w, https:\/\/sgvaimudar.com.br\/wp-content\/uploads\/2025\/03\/Anuncie-Aqui-Sao-Goncalo-vai-mudar-768x189.jpg 768w, https:\/\/sgvaimudar.com.br\/wp-content\/uploads\/2025\/03\/Anuncie-Aqui-Sao-Goncalo-vai-mudar-1536x378.jpg 1536w, https:\/\/sgvaimudar.com.br\/wp-content\/uploads\/2025\/03\/Anuncie-Aqui-Sao-Goncalo-vai-mudar-2048x504.jpg 2048w\" sizes=\"(max-width: 1024px) 100vw, 1024px\" \/><\/figure>\n\n\n\n<p><\/p>\n","protected":false},"excerpt":{"rendered":"<p>Iniciativa da Secretaria de Sa\u00fade faz parte do Julho Amarelo O Dia Mundial de Luta Contra as Hepatites Virais \u00e9&hellip;<\/p>\n","protected":false},"author":5,"featured_media":28584,"comment_status":"open","ping_status":"open","sticky":false,"template":"","format":"standard","meta":{"fifu_image_url":"","fifu_image_alt":"","footnotes":""},"categories":[7],"tags":[47,75],"class_list":["post-28583","post","type-post","status-publish","format-standard","has-post-thumbnail","hentry","category-saude","tag-rj","tag-sao-goncalo"],"_links":{"self":[{"href":"https:\/\/sgvaimudar.com.br\/index.php\/wp-json\/wp\/v2\/posts\/28583","targetHints":{"allow":["GET"]}}],"collection":[{"href":"https:\/\/sgvaimudar.com.br\/index.php\/wp-json\/wp\/v2\/posts"}],"about":[{"href":"https:\/\/sgvaimudar.com.br\/index.php\/wp-json\/wp\/v2\/types\/post"}],"author":[{"embeddable":true,"href":"https:\/\/sgvaimudar.com.br\/index.php\/wp-json\/wp\/v2\/users\/5"}],"replies":[{"embeddable":true,"href":"https:\/\/sgvaimudar.com.br\/index.php\/wp-json\/wp\/v2\/comments?post=28583"}],"version-history":[{"count":1,"href":"https:\/\/sgvaimudar.com.br\/index.php\/wp-json\/wp\/v2\/posts\/28583\/revisions"}],"predecessor-version":[{"id":28585,"href":"https:\/\/sgvaimudar.com.br\/index.php\/wp-json\/wp\/v2\/posts\/28583\/revisions\/28585"}],"wp:featuredmedia":[{"embeddable":true,"href":"https:\/\/sgvaimudar.com.br\/index.php\/wp-json\/wp\/v2\/media\/28584"}],"wp:attachment":[{"href":"https:\/\/sgvaimudar.com.br\/index.php\/wp-json\/wp\/v2\/media?parent=28583"}],"wp:term":[{"taxonomy":"category","embeddable":true,"href":"https:\/\/sgvaimudar.com.br\/index.php\/wp-json\/wp\/v2\/categories?post=28583"},{"taxonomy":"post_tag","embeddable":true,"href":"https:\/\/sgvaimudar.com.br\/index.php\/wp-json\/wp\/v2\/tags?post=28583"}],"curies":[{"name":"wp","href":"https:\/\/api.w.org\/{rel}","templated":true}]}}