{"id":28574,"date":"2025-07-27T10:00:00","date_gmt":"2025-07-27T13:00:00","guid":{"rendered":"https:\/\/sgvaimudar.com.br\/?p=28574"},"modified":"2025-07-27T05:32:17","modified_gmt":"2025-07-27T08:32:17","slug":"defesa-civil-oferece-seminario-para-criancas-e-adolescentes-no-barro-vermelho","status":"publish","type":"post","link":"https:\/\/sgvaimudar.com.br\/index.php\/2025\/07\/27\/defesa-civil-oferece-seminario-para-criancas-e-adolescentes-no-barro-vermelho\/","title":{"rendered":"Defesa Civil oferece semin\u00e1rio para crian\u00e7as e adolescentes no Barro Vermelho"},"content":{"rendered":"\n<p><em>Evento garantiu ensinamentos sobre as tarefas importantes da corpora\u00e7\u00e3o<\/em><\/p>\n\n\n\n<p>Na manh\u00e3 deste s\u00e1bado (26), a Defesa Civil de S\u00e3o Gon\u00e7alo realizou o semin\u00e1rio \u201cUnidos em Fam\u00edlia\u201d, no Barro Vermelho. O intuito da a\u00e7\u00e3o foi contribuir com a forma\u00e7\u00e3o cidad\u00e3 de crian\u00e7as e adolescentes, por meio de palestras sobre temas que envolvem a atua\u00e7\u00e3o da Defesa Civil.<\/p>\n\n\n\n<p>No local, uma equipe da Defesa Civil ofereceu palestra e oficina educativa, que abordou sobre riscos ambientais, descarte correto de res\u00edduos, percep\u00e7\u00e3o de desastres, acompanhamento meteorol\u00f3gico e a import\u00e2ncia da Defesa Civil no contexto da prote\u00e7\u00e3o e defesa da popula\u00e7\u00e3o.<\/p>\n\n\n\n<figure class=\"wp-block-image size-large\"><img fetchpriority=\"high\" decoding=\"async\" width=\"1024\" height=\"768\" src=\"https:\/\/sgvaimudar.com.br\/wp-content\/uploads\/2025\/07\/unnamed-20-2-1024x768.jpg\" alt=\"\" class=\"wp-image-28575\" srcset=\"https:\/\/sgvaimudar.com.br\/wp-content\/uploads\/2025\/07\/unnamed-20-2-1024x768.jpg 1024w, https:\/\/sgvaimudar.com.br\/wp-content\/uploads\/2025\/07\/unnamed-20-2-300x225.jpg 300w, https:\/\/sgvaimudar.com.br\/wp-content\/uploads\/2025\/07\/unnamed-20-2-768x576.jpg 768w, https:\/\/sgvaimudar.com.br\/wp-content\/uploads\/2025\/07\/unnamed-20-2-1536x1152.jpg 1536w, https:\/\/sgvaimudar.com.br\/wp-content\/uploads\/2025\/07\/unnamed-20-2-2048x1536.jpg 2048w\" sizes=\"(max-width: 1024px) 100vw, 1024px\" \/><\/figure>\n\n\n\n<p>O subsecret\u00e1rio da Defesa Civil, major Felipe Assump\u00e7\u00e3o, conta que a a\u00e7\u00e3o foi incentivada por uma busca ativa da popula\u00e7\u00e3o.<\/p>\n\n\n\n<p>\u201cAlguns representantes de uma igreja pediram um apoio com palestras sobre o conte\u00fado da Defesa Civil. N\u00f3s j\u00e1 realizamos a\u00e7\u00f5es como essa no projeto nas escolas, mas n\u00e3o poderia deixar de apoiar a iniciativa da popula\u00e7\u00e3o. \u00c9 de extrema import\u00e2ncia trazermos o conhecimento para os mais diversos bairros, tornando a cidade cada vez mais segura e preparada para poss\u00edveis casos de desastres\u201d, afirmou.<\/p>\n\n\n\n<p><strong><em>S\u00e3o Gon\u00e7alo vai mudar: Not\u00edcias de S\u00e3o Gon\u00e7alo e toda regi\u00e3o.<\/em><\/strong><\/p>\n\n\n\n<figure class=\"wp-block-image size-large\"><img decoding=\"async\" width=\"722\" height=\"1024\" src=\"https:\/\/sgvaimudar.com.br\/wp-content\/uploads\/2023\/10\/Anuncie-aqui-a5-1-722x1024.png\" alt=\"\" class=\"wp-image-3627\" srcset=\"https:\/\/sgvaimudar.com.br\/wp-content\/uploads\/2023\/10\/Anuncie-aqui-a5-1-722x1024.png 722w, https:\/\/sgvaimudar.com.br\/wp-content\/uploads\/2023\/10\/Anuncie-aqui-a5-1-212x300.png 212w, https:\/\/sgvaimudar.com.br\/wp-content\/uploads\/2023\/10\/Anuncie-aqui-a5-1-768x1089.png 768w, https:\/\/sgvaimudar.com.br\/wp-content\/uploads\/2023\/10\/Anuncie-aqui-a5-1-1083x1536.png 1083w, https:\/\/sgvaimudar.com.br\/wp-content\/uploads\/2023\/10\/Anuncie-aqui-a5-1-1444x2048.png 1444w, https:\/\/sgvaimudar.com.br\/wp-content\/uploads\/2023\/10\/Anuncie-aqui-a5-1.png 1750w\" sizes=\"(max-width: 722px) 100vw, 722px\" \/><\/figure>\n","protected":false},"excerpt":{"rendered":"<p>Evento garantiu ensinamentos sobre as tarefas importantes da corpora\u00e7\u00e3o Na manh\u00e3 deste s\u00e1bado (26), a Defesa Civil de S\u00e3o Gon\u00e7alo&hellip;<\/p>\n","protected":false},"author":5,"featured_media":28576,"comment_status":"open","ping_status":"open","sticky":false,"template":"","format":"standard","meta":{"fifu_image_url":"","fifu_image_alt":"","footnotes":""},"categories":[3],"tags":[47,75],"class_list":["post-28574","post","type-post","status-publish","format-standard","has-post-thumbnail","hentry","category-sao-goncalo","tag-rj","tag-sao-goncalo"],"_links":{"self":[{"href":"https:\/\/sgvaimudar.com.br\/index.php\/wp-json\/wp\/v2\/posts\/28574","targetHints":{"allow":["GET"]}}],"collection":[{"href":"https:\/\/sgvaimudar.com.br\/index.php\/wp-json\/wp\/v2\/posts"}],"about":[{"href":"https:\/\/sgvaimudar.com.br\/index.php\/wp-json\/wp\/v2\/types\/post"}],"author":[{"embeddable":true,"href":"https:\/\/sgvaimudar.com.br\/index.php\/wp-json\/wp\/v2\/users\/5"}],"replies":[{"embeddable":true,"href":"https:\/\/sgvaimudar.com.br\/index.php\/wp-json\/wp\/v2\/comments?post=28574"}],"version-history":[{"count":1,"href":"https:\/\/sgvaimudar.com.br\/index.php\/wp-json\/wp\/v2\/posts\/28574\/revisions"}],"predecessor-version":[{"id":28577,"href":"https:\/\/sgvaimudar.com.br\/index.php\/wp-json\/wp\/v2\/posts\/28574\/revisions\/28577"}],"wp:featuredmedia":[{"embeddable":true,"href":"https:\/\/sgvaimudar.com.br\/index.php\/wp-json\/wp\/v2\/media\/28576"}],"wp:attachment":[{"href":"https:\/\/sgvaimudar.com.br\/index.php\/wp-json\/wp\/v2\/media?parent=28574"}],"wp:term":[{"taxonomy":"category","embeddable":true,"href":"https:\/\/sgvaimudar.com.br\/index.php\/wp-json\/wp\/v2\/categories?post=28574"},{"taxonomy":"post_tag","embeddable":true,"href":"https:\/\/sgvaimudar.com.br\/index.php\/wp-json\/wp\/v2\/tags?post=28574"}],"curies":[{"name":"wp","href":"https:\/\/api.w.org\/{rel}","templated":true}]}}