{"id":28569,"date":"2025-07-27T09:00:00","date_gmt":"2025-07-27T12:00:00","guid":{"rendered":"https:\/\/sgvaimudar.com.br\/?p=28569"},"modified":"2025-07-27T05:28:58","modified_gmt":"2025-07-27T08:28:58","slug":"teatro-municipal-de-sao-goncalo-recebe-festival-que-valoriza-a-cultura-e-ancestralidade-negra","status":"publish","type":"post","link":"https:\/\/sgvaimudar.com.br\/index.php\/2025\/07\/27\/teatro-municipal-de-sao-goncalo-recebe-festival-que-valoriza-a-cultura-e-ancestralidade-negra\/","title":{"rendered":"Teatro Municipal de S\u00e3o Gon\u00e7alo recebe festival que valoriza a cultura e ancestralidade negra"},"content":{"rendered":"\n<p><em>\u201cTran\u00e7ar \u00e9 esperan\u00e7ar\u201d foi iniciado na \u00faltima sexta e seguir\u00e1 at\u00e9 este domingo<\/em><\/p>\n\n\n\n<p>Para celebrar o Dia da Mulher Negra Latino-Americana e Caribenha, o Teatro Municipal de S\u00e3o Gon\u00e7alo recebe o festival \u201cTran\u00e7ar \u00e9 esperan\u00e7ar\u201d. O evento foi iniciado na \u00faltima sexta-feira e segue com uma programa\u00e7\u00e3o extensa e gratuita at\u00e9 este domingo (27).<\/p>\n\n\n\n<p>Na sexta-feira (25),\u00a0o local foi tomado por emo\u00e7\u00e3o e celebra\u00e7\u00e3o. A cantora e atriz gon\u00e7alense Ella Fernandes comandou o palco em uma noite marcada por shows de Nilze Benedicto, Chelle e Esther Fontoura, desfiles de moda e tran\u00e7as.<\/p>\n\n\n\n<figure class=\"wp-block-image size-full\"><img fetchpriority=\"high\" decoding=\"async\" width=\"1024\" height=\"683\" src=\"https:\/\/sgvaimudar.com.br\/wp-content\/uploads\/2025\/07\/unnamed-17-3.jpg\" alt=\"\" class=\"wp-image-28571\" srcset=\"https:\/\/sgvaimudar.com.br\/wp-content\/uploads\/2025\/07\/unnamed-17-3.jpg 1024w, https:\/\/sgvaimudar.com.br\/wp-content\/uploads\/2025\/07\/unnamed-17-3-300x200.jpg 300w, https:\/\/sgvaimudar.com.br\/wp-content\/uploads\/2025\/07\/unnamed-17-3-768x512.jpg 768w\" sizes=\"(max-width: 1024px) 100vw, 1024px\" \/><\/figure>\n\n\n\n<p>Al\u00e9m de muita dan\u00e7a com o Ballet Selma Grupo, houve uma cerim\u00f4nia de homenagem a mulheres negras que v\u00eam fazendo a diferen\u00e7a na cidade. O ator Leandro Firmino, conhecido por seu papel como Z\u00e9 Pequeno no filme Cidade de Deus e atualmente no remake Vale Tudo, esteve presente prestigiando o evento.<\/p>\n\n\n\n<p>Neste s\u00e1bado (26), o festival iniciou \u00e0s 10h e ofereceu a palestra \u201cLetramento Racial Cr\u00edtico\u201d, ministrada por Andr\u00e9ia Hoelzle. Al\u00e9m de palestras, o evento oferece diversas oficinas, durante todo o dia, como a de coloca\u00e7\u00e3o de laces, tran\u00e7a knotless, entre outras.<\/p>\n\n\n\n<p>A programa\u00e7\u00e3o segue intensa no domingo (27), incluindo lan\u00e7amento do livro \u201cAs protagonistas do jogo\u201d, formatura do Projeto Donas da Parada, premia\u00e7\u00e3o do concurso de trancista e baile charme.<\/p>\n\n\n\n<p>O Festival tamb\u00e9m disponibiliza uma feira de empreendedoras recheada de artesanatos e comidas de influ\u00eancia africana.<\/p>\n\n\n\n<figure class=\"wp-block-image size-large\"><img decoding=\"async\" width=\"1024\" height=\"684\" src=\"https:\/\/sgvaimudar.com.br\/wp-content\/uploads\/2025\/07\/unnamed-18-5-1024x684.jpg\" alt=\"\" class=\"wp-image-28572\" srcset=\"https:\/\/sgvaimudar.com.br\/wp-content\/uploads\/2025\/07\/unnamed-18-5-1024x684.jpg 1024w, https:\/\/sgvaimudar.com.br\/wp-content\/uploads\/2025\/07\/unnamed-18-5-300x200.jpg 300w, https:\/\/sgvaimudar.com.br\/wp-content\/uploads\/2025\/07\/unnamed-18-5-768x513.jpg 768w, https:\/\/sgvaimudar.com.br\/wp-content\/uploads\/2025\/07\/unnamed-18-5-1536x1027.jpg 1536w, https:\/\/sgvaimudar.com.br\/wp-content\/uploads\/2025\/07\/unnamed-18-5.jpg 1616w\" sizes=\"(max-width: 1024px) 100vw, 1024px\" \/><\/figure>\n\n\n\n<p>A artes\u00e3 Naiana Carla Est\u00e1cio, de 41 anos, participa da segunda edi\u00e7\u00e3o do festival e fala sobre a import\u00e2ncia do evento.<\/p>\n\n\n\n<p>\u201cEssa iniciativa \u00e9 um marco para S\u00e3o Gon\u00e7alo, \u00e9 muito importante dar visibilidade a tudo o que esse projeto valoriza, como as pessoas negras e perif\u00e9ricas. Fico feliz em ver um evento voltado \u00e0 nossa ancestralidade. Estamos falando de um evento com um mix de cultura,\u201d destacou.<\/p>\n\n\n\n<p>O evento, realizado pela Associa\u00e7\u00e3o Mulheres da Parada, com apoio da Prefeitura de S\u00e3o Gon\u00e7alo, por meio da Secretaria de Turismo e Cultura, foi contemplado pela Pol\u00edtica Nacional Aldir Blanc (PNAB) 2024 e tem como proposta ocupar mentes, cora\u00e7\u00f5es e espa\u00e7os com arte, ancestralidade, empreendedorismo e afeto.<\/p>\n\n\n\n<p>Criado em 2023, o festival nasceu como um espa\u00e7o de encontro e fortalecimento entre mulheres negras, tendo a tran\u00e7a como s\u00edmbolo de identidade, protagonismo e gera\u00e7\u00e3o de renda.<\/p>\n\n\n\n<p><strong><em>S\u00e3o Gon\u00e7alo vai mudar: Not\u00edcias de S\u00e3o Gon\u00e7alo e toda regi\u00e3o.<\/em><\/strong><\/p>\n\n\n\n<figure class=\"wp-block-image size-large\"><img decoding=\"async\" width=\"1024\" height=\"252\" src=\"https:\/\/sgvaimudar.com.br\/wp-content\/uploads\/2025\/03\/Anuncie-Aqui-Sao-Goncalo-vai-mudar-1024x252.jpg\" alt=\"\" class=\"wp-image-22693\" srcset=\"https:\/\/sgvaimudar.com.br\/wp-content\/uploads\/2025\/03\/Anuncie-Aqui-Sao-Goncalo-vai-mudar-1024x252.jpg 1024w, https:\/\/sgvaimudar.com.br\/wp-content\/uploads\/2025\/03\/Anuncie-Aqui-Sao-Goncalo-vai-mudar-300x74.jpg 300w, https:\/\/sgvaimudar.com.br\/wp-content\/uploads\/2025\/03\/Anuncie-Aqui-Sao-Goncalo-vai-mudar-768x189.jpg 768w, https:\/\/sgvaimudar.com.br\/wp-content\/uploads\/2025\/03\/Anuncie-Aqui-Sao-Goncalo-vai-mudar-1536x378.jpg 1536w, https:\/\/sgvaimudar.com.br\/wp-content\/uploads\/2025\/03\/Anuncie-Aqui-Sao-Goncalo-vai-mudar-2048x504.jpg 2048w\" sizes=\"(max-width: 1024px) 100vw, 1024px\" \/><\/figure>\n","protected":false},"excerpt":{"rendered":"<p>\u201cTran\u00e7ar \u00e9 esperan\u00e7ar\u201d foi iniciado na \u00faltima sexta e seguir\u00e1 at\u00e9 este domingo Para celebrar o Dia da Mulher Negra&hellip;<\/p>\n","protected":false},"author":5,"featured_media":28570,"comment_status":"open","ping_status":"open","sticky":false,"template":"","format":"standard","meta":{"fifu_image_url":"","fifu_image_alt":"","footnotes":""},"categories":[6],"tags":[47,75],"class_list":["post-28569","post","type-post","status-publish","format-standard","has-post-thumbnail","hentry","category-entretenimento","tag-rj","tag-sao-goncalo"],"_links":{"self":[{"href":"https:\/\/sgvaimudar.com.br\/index.php\/wp-json\/wp\/v2\/posts\/28569","targetHints":{"allow":["GET"]}}],"collection":[{"href":"https:\/\/sgvaimudar.com.br\/index.php\/wp-json\/wp\/v2\/posts"}],"about":[{"href":"https:\/\/sgvaimudar.com.br\/index.php\/wp-json\/wp\/v2\/types\/post"}],"author":[{"embeddable":true,"href":"https:\/\/sgvaimudar.com.br\/index.php\/wp-json\/wp\/v2\/users\/5"}],"replies":[{"embeddable":true,"href":"https:\/\/sgvaimudar.com.br\/index.php\/wp-json\/wp\/v2\/comments?post=28569"}],"version-history":[{"count":1,"href":"https:\/\/sgvaimudar.com.br\/index.php\/wp-json\/wp\/v2\/posts\/28569\/revisions"}],"predecessor-version":[{"id":28573,"href":"https:\/\/sgvaimudar.com.br\/index.php\/wp-json\/wp\/v2\/posts\/28569\/revisions\/28573"}],"wp:featuredmedia":[{"embeddable":true,"href":"https:\/\/sgvaimudar.com.br\/index.php\/wp-json\/wp\/v2\/media\/28570"}],"wp:attachment":[{"href":"https:\/\/sgvaimudar.com.br\/index.php\/wp-json\/wp\/v2\/media?parent=28569"}],"wp:term":[{"taxonomy":"category","embeddable":true,"href":"https:\/\/sgvaimudar.com.br\/index.php\/wp-json\/wp\/v2\/categories?post=28569"},{"taxonomy":"post_tag","embeddable":true,"href":"https:\/\/sgvaimudar.com.br\/index.php\/wp-json\/wp\/v2\/tags?post=28569"}],"curies":[{"name":"wp","href":"https:\/\/api.w.org\/{rel}","templated":true}]}}